{"id":2087,"date":"2017-10-05T22:07:55","date_gmt":"2017-10-05T20:07:55","guid":{"rendered":"http:\/\/agora.xtec.cat\/ceippractiques2-lleida\/?p=2087"},"modified":"2017-10-06T13:10:49","modified_gmt":"2017-10-06T11:10:49","slug":"la-casa-dels-xuklis","status":"publish","type":"post","link":"https:\/\/agora.xtec.cat\/ceippractiques2-lleida\/portada\/la-casa-dels-xuklis\/","title":{"rendered":"La casa dels XUKLIS"},"content":{"rendered":"<p style=\"text-align: justify;\"><span style=\"font-size: 20px; font-family: verdana,geneva,sans-serif;\">El dia 5 de novembre, els de 4t. vam rebre la visita de la Rosa que ens va parlar de l&#8217;<span lang=\"ca-ES\">Associaci\u00f3 de Familiars i Amics de Nens Oncol\u00f2gics de Catalunya: l&#8217; AFANOC. <\/span><\/span><\/p>\n<p style=\"text-align: justify;\"><span lang=\"ca-ES\" style=\"font-size: 20px; font-family: verdana,geneva,sans-serif;\">Aquesta\u00a0 associaci\u00f3 ,sense \u00e0nim de lucre, treballa amb l&#8217;afany de facilitar l&#8217;allotjament i suport per als\u00a0 infants i adolescents amb c\u00e0ncer , i tamb\u00e9 a les seves fam\u00edlies , que estan rebent un tractament a hospitals de Barcelona.<br \/>\n<\/span><\/p>\n<p style=\"text-align: justify;\"><span style=\"font-size: 20px; font-family: verdana,geneva,sans-serif;\">El Xuklis, ens ha dit la Rosa, s\u00f3n uns \u00e9ssers fant\u00e0stics que habit\u00e0vem al capdamunt de la ciutat de Barcelona, a la serra de Collserola, i es van anar despla\u00e7ant fins arribar als apartaments que ocupen els joves malalts de c\u00e0ncer.\u00a0 Pel que sembla tenen la facilitat de xuclar els mal rollos que originen la malaltia, fan companyia\u00a0 i ajuden a superar-la.<\/span><\/p>\n<p style=\"text-align: justify;\"><span style=\"font-size: 20px; font-family: verdana,geneva,sans-serif;\">Hem apr\u00e8s que el c\u00e0ncer no s&#8217;encomana i que cal implicar-se amb iniciatives com les que du l&#8217;AFANOC amb\u00a0 campanyes com &#8220;Posa&#8217;t la gorra&#8221;, per ser solidaris amb el que lluiten per superar el c\u00e0ncer. <\/span><\/p>\n<p style=\"text-align: left;\"><a href=\"https:\/\/www.afanoc.org\/\" target=\"_blank\" rel=\"noopener noreferrer\"><img loading=\"lazy\" decoding=\"async\" class=\"size-medium wp-image-2090 alignnone\" src=\"http:\/\/agora.xtec.cat\/ceippractiques2-lleida\/wp-content\/uploads\/usu635\/2017\/10\/Captura-de-pantalla-2017-10-05-a-les-22.02.02-171x300.png\" alt=\"\" width=\"171\" height=\"300\" srcset=\"https:\/\/agora.xtec.cat\/ceippractiques2-lleida\/wp-content\/uploads\/usu635\/2017\/10\/Captura-de-pantalla-2017-10-05-a-les-22.02.02-171x300.png 171w, https:\/\/agora.xtec.cat\/ceippractiques2-lleida\/wp-content\/uploads\/usu635\/2017\/10\/Captura-de-pantalla-2017-10-05-a-les-22.02.02.png 197w\" sizes=\"auto, (max-width: 171px) 100vw, 171px\" \/><\/a> <a href=\"https:\/\/www.afanoc.org\/\" target=\"_blank\" rel=\"noopener noreferrer\"><img loading=\"lazy\" decoding=\"async\" class=\" wp-image-2093 alignleft\" src=\"http:\/\/agora.xtec.cat\/ceippractiques2-lleida\/wp-content\/uploads\/usu635\/2017\/10\/xuklis-300x84.png\" alt=\"\" width=\"700\" height=\"196\" srcset=\"https:\/\/agora.xtec.cat\/ceippractiques2-lleida\/wp-content\/uploads\/usu635\/2017\/10\/xuklis-300x84.png 300w, https:\/\/agora.xtec.cat\/ceippractiques2-lleida\/wp-content\/uploads\/usu635\/2017\/10\/xuklis-768x216.png 768w, https:\/\/agora.xtec.cat\/ceippractiques2-lleida\/wp-content\/uploads\/usu635\/2017\/10\/xuklis.png 941w\" sizes=\"auto, (max-width: 700px) 100vw, 700px\" \/><\/a><a href=\"https:\/\/www.afanoc.org\/\" target=\"_blank\" rel=\"noopener noreferrer\"><img loading=\"lazy\" decoding=\"async\" class=\"wp-image-2092 aligncenter\" src=\"http:\/\/agora.xtec.cat\/ceippractiques2-lleida\/wp-content\/uploads\/usu635\/2017\/10\/04-300x84.png\" alt=\"\" width=\"618\" height=\"173\" srcset=\"https:\/\/agora.xtec.cat\/ceippractiques2-lleida\/wp-content\/uploads\/usu635\/2017\/10\/04-300x84.png 300w, https:\/\/agora.xtec.cat\/ceippractiques2-lleida\/wp-content\/uploads\/usu635\/2017\/10\/04-768x216.png 768w, https:\/\/agora.xtec.cat\/ceippractiques2-lleida\/wp-content\/uploads\/usu635\/2017\/10\/04-1024x288.png 1024w\" sizes=\"auto, (max-width: 618px) 100vw, 618px\" \/><\/a><span style=\"font-size: 20px; font-family: verdana,geneva,sans-serif;\">Vam acabar escoltant i cantant la can\u00e7\u00f3 dels Xuklis!<\/span><\/p>\n<p style=\"text-align: center;\"><iframe loading=\"lazy\" src=\"https:\/\/www.youtube-nocookie.com\/embed\/XtW1QDiJjUw?rel=0&amp;showinfo=0\" width=\"640\" height=\"360\" frameborder=\"0\" allowfullscreen=\"allowfullscreen\"><\/iframe><\/p>\n","protected":false},"excerpt":{"rendered":"<p>El dia 5 de novembre, els de 4t. vam rebre la visita de la Rosa que ens va parlar de l&#8217;Associaci\u00f3 de Familiars i Amics de Nens Oncol\u00f2gics de Catalunya: l&#8217; AFANOC.<br \/>\nAquesta\u00a0 associaci\u00f3 ,sense \u00e0nim de lucre, treballa amb l&#8217;afany de facilitar l&#8217;allotjament i&hellip;  <a href=\"https:\/\/agora.xtec.cat\/ceippractiques2-lleida\/portada\/la-casa-dels-xuklis\/\" title=\"Read La casa dels XUKLIS\">Llegeix m\u00e9s\u00bb<\/a><\/p>\n","protected":false},"author":1,"featured_media":0,"comment_status":"open","ping_status":"closed","sticky":false,"template":"","format":"standard","meta":{"_bbp_topic_count":0,"_bbp_reply_count":0,"_bbp_total_topic_count":0,"_bbp_total_reply_count":0,"_bbp_voice_count":0,"_bbp_anonymous_reply_count":0,"_bbp_topic_count_hidden":0,"_bbp_reply_count_hidden":0,"_bbp_forum_subforum_count":0,"footnotes":""},"categories":[4],"tags":[],"class_list":["post-2087","post","type-post","status-publish","format-standard","hentry","category-portada"],"post_mailing_queue_ids":[],"_links":{"self":[{"href":"https:\/\/agora.xtec.cat\/ceippractiques2-lleida\/wp-json\/wp\/v2\/posts\/2087","targetHints":{"allow":["GET"]}}],"collection":[{"href":"https:\/\/agora.xtec.cat\/ceippractiques2-lleida\/wp-json\/wp\/v2\/posts"}],"about":[{"href":"https:\/\/agora.xtec.cat\/ceippractiques2-lleida\/wp-json\/wp\/v2\/types\/post"}],"author":[{"embeddable":true,"href":"https:\/\/agora.xtec.cat\/ceippractiques2-lleida\/wp-json\/wp\/v2\/users\/1"}],"replies":[{"embeddable":true,"href":"https:\/\/agora.xtec.cat\/ceippractiques2-lleida\/wp-json\/wp\/v2\/comments?post=2087"}],"version-history":[{"count":3,"href":"https:\/\/agora.xtec.cat\/ceippractiques2-lleida\/wp-json\/wp\/v2\/posts\/2087\/revisions"}],"predecessor-version":[{"id":2101,"href":"https:\/\/agora.xtec.cat\/ceippractiques2-lleida\/wp-json\/wp\/v2\/posts\/2087\/revisions\/2101"}],"wp:attachment":[{"href":"https:\/\/agora.xtec.cat\/ceippractiques2-lleida\/wp-json\/wp\/v2\/media?parent=2087"}],"wp:term":[{"taxonomy":"category","embeddable":true,"href":"https:\/\/agora.xtec.cat\/ceippractiques2-lleida\/wp-json\/wp\/v2\/categories?post=2087"},{"taxonomy":"post_tag","embeddable":true,"href":"https:\/\/agora.xtec.cat\/ceippractiques2-lleida\/wp-json\/wp\/v2\/tags?post=2087"}],"curies":[{"name":"wp","href":"https:\/\/api.w.org\/{rel}","templated":true}]}}