{"id":2073,"date":"2017-09-25T08:55:42","date_gmt":"2017-09-25T06:55:42","guid":{"rendered":"http:\/\/agora.xtec.cat\/ceippractiques2-lleida\/?p=2073"},"modified":"2017-10-10T15:00:59","modified_gmt":"2017-10-10T13:00:59","slug":"reunions-informatives-inici-de-curs","status":"publish","type":"post","link":"https:\/\/agora.xtec.cat\/ceippractiques2-lleida\/general\/reunions-informatives-inici-de-curs\/","title":{"rendered":"Reunions informatives inici de curs"},"content":{"rendered":"<p><span style=\"font-family: verdana,geneva,sans-serif; font-size: 20px;\">Benvolguts\/des,<\/span><\/p>\n<p><span style=\"font-family: verdana,geneva,sans-serif; font-size: 20px;\">Despr\u00e9s d&#8217;haver comen\u00e7at el curs escolar, ens agradaria compartir amb <\/span><span style=\"font-family: verdana,geneva,sans-serif; font-size: 20px;\">vosaltres els aspectes de l&#8217;organitzaci\u00f3 general del Centre que cal tenir <\/span><span style=\"font-family: verdana,geneva,sans-serif; font-size: 20px;\">en compte per al curs 2017-18 i la planificaci\u00f3 per a cada nivell educatiu.<\/span><\/p>\n<p><span style=\"font-family: verdana,geneva,sans-serif; font-size: 20px;\">Pensem que \u00e9s important la vostra assist\u00e8ncia a la reuni\u00f3 que faran els tutors dels vostres fills d&#8217;acord amb el seg\u00fcent calendari<\/span><span style=\"font-family: verdana,geneva,sans-serif; font-size: 20px;\">:<\/span><\/p>\n<table style=\"height: 243px;\" width=\"750\" cellspacing=\"10\" cellpadding=\"5\">\n<tbody>\n<tr>\n<td><a href=\"http:\/\/agora.xtec.cat\/ceippractiques2-lleida\/wp-content\/uploads\/usu635\/2016\/09\/Reunionsfamilies.jpg\"><img loading=\"lazy\" decoding=\"async\" class=\"aligncenter wp-image-1219\" src=\"http:\/\/agora.xtec.cat\/ceippractiques2-lleida\/wp-content\/uploads\/usu635\/2016\/09\/Reunionsfamilies.jpg\" alt=\"reunionsfamilies\" width=\"226\" height=\"240\" \/><\/a><\/td>\n<td>\n<p style=\"text-align: left;\"><span style=\"font-size: 16px; font-family: verdana,geneva,sans-serif;\"><strong>EDUCACI\u00d3 INFANTIL:<\/strong> dilluns 16 d&#8217;octubre.<\/span><\/p>\n<p style=\"text-align: left;\"><span style=\"font-size: 16px; font-family: verdana,geneva,sans-serif;\"> <strong>CICLE INICIAL:<\/strong> dimecres 27 de setembre.<\/span><\/p>\n<p style=\"text-align: left;\"><span style=\"font-size: 16px; font-family: verdana,geneva,sans-serif;\"> <strong>CICLE MITJ\u00c0: <\/strong>dimecres 4 d&#8217;octubre.<\/span><\/p>\n<p style=\"text-align: left;\"><span style=\"font-size: 16px; font-family: verdana,geneva,sans-serif;\"> <strong>CICLE SUPERIOR<\/strong>: dimarts 17 d&#8217;octubre.<\/span><\/p>\n<\/td>\n<\/tr>\n<\/tbody>\n<\/table>\n<p><span style=\"font-size: 20px; font-family: verdana,geneva,sans-serif;\">Totes les reunions tindran lloc a les 19:30 h., primer al menjador de l&#8217;escola <\/span><span style=\"font-size: 20px; font-family: verdana,geneva,sans-serif;\">i despr\u00e9s a les classes del nivell corresponent dels vostres fills i filles. Per tal <\/span><span style=\"font-size: 20px; font-family: verdana,geneva,sans-serif;\">de facilitar les reunions, es recomana que els nens i nenes no hi assisteixin.<\/span><\/p>\n","protected":false},"excerpt":{"rendered":"<p>Benvolguts\/des,<br \/>\nDespr\u00e9s d&#8217;haver comen\u00e7at el curs escolar, ens agradaria compartir amb vosaltres els aspectes de l&#8217;organitzaci\u00f3 general del Centre que cal tenir en compte per al curs 2017-18 i la planificaci\u00f3 per a cada nivell educatiu.<br \/>\nPensem que \u00e9s important la vostra assist\u00e8ncia a la reuni\u00f3 que&hellip;  <a href=\"https:\/\/agora.xtec.cat\/ceippractiques2-lleida\/general\/reunions-informatives-inici-de-curs\/\" title=\"Read Reunions informatives inici de curs\">Llegeix m\u00e9s\u00bb<\/a><\/p>\n","protected":false},"author":1,"featured_media":1219,"comment_status":"open","ping_status":"closed","sticky":false,"template":"","format":"standard","meta":{"_bbp_topic_count":0,"_bbp_reply_count":0,"_bbp_total_topic_count":0,"_bbp_total_reply_count":0,"_bbp_voice_count":0,"_bbp_anonymous_reply_count":0,"_bbp_topic_count_hidden":0,"_bbp_reply_count_hidden":0,"_bbp_forum_subforum_count":0,"footnotes":""},"categories":[1,4],"tags":[],"class_list":["post-2073","post","type-post","status-publish","format-standard","has-post-thumbnail","hentry","category-general","category-portada"],"post_mailing_queue_ids":[],"_links":{"self":[{"href":"https:\/\/agora.xtec.cat\/ceippractiques2-lleida\/wp-json\/wp\/v2\/posts\/2073","targetHints":{"allow":["GET"]}}],"collection":[{"href":"https:\/\/agora.xtec.cat\/ceippractiques2-lleida\/wp-json\/wp\/v2\/posts"}],"about":[{"href":"https:\/\/agora.xtec.cat\/ceippractiques2-lleida\/wp-json\/wp\/v2\/types\/post"}],"author":[{"embeddable":true,"href":"https:\/\/agora.xtec.cat\/ceippractiques2-lleida\/wp-json\/wp\/v2\/users\/1"}],"replies":[{"embeddable":true,"href":"https:\/\/agora.xtec.cat\/ceippractiques2-lleida\/wp-json\/wp\/v2\/comments?post=2073"}],"version-history":[{"count":3,"href":"https:\/\/agora.xtec.cat\/ceippractiques2-lleida\/wp-json\/wp\/v2\/posts\/2073\/revisions"}],"predecessor-version":[{"id":2102,"href":"https:\/\/agora.xtec.cat\/ceippractiques2-lleida\/wp-json\/wp\/v2\/posts\/2073\/revisions\/2102"}],"wp:featuredmedia":[{"embeddable":true,"href":"https:\/\/agora.xtec.cat\/ceippractiques2-lleida\/wp-json\/wp\/v2\/media\/1219"}],"wp:attachment":[{"href":"https:\/\/agora.xtec.cat\/ceippractiques2-lleida\/wp-json\/wp\/v2\/media?parent=2073"}],"wp:term":[{"taxonomy":"category","embeddable":true,"href":"https:\/\/agora.xtec.cat\/ceippractiques2-lleida\/wp-json\/wp\/v2\/categories?post=2073"},{"taxonomy":"post_tag","embeddable":true,"href":"https:\/\/agora.xtec.cat\/ceippractiques2-lleida\/wp-json\/wp\/v2\/tags?post=2073"}],"curies":[{"name":"wp","href":"https:\/\/api.w.org\/{rel}","templated":true}]}}