{"id":2028,"date":"2017-06-29T13:43:10","date_gmt":"2017-06-29T11:43:10","guid":{"rendered":"http:\/\/agora.xtec.cat\/ceippractiques2-lleida\/?p=2028"},"modified":"2017-06-29T13:47:05","modified_gmt":"2017-06-29T11:47:05","slug":"calendari-curs-2017-2018","status":"publish","type":"post","link":"https:\/\/agora.xtec.cat\/ceippractiques2-lleida\/general\/calendari-curs-2017-2018\/","title":{"rendered":"Calendari curs 2017-2018"},"content":{"rendered":"<p><span style=\"font-size: 20px; font-family: verdana,geneva,sans-serif;\"><span style=\"color: #008000;\"><strong>Inici de curs: <\/strong><\/span>Dimarts 12 de setembre de 2017.<\/span><br \/>\n<span style=\"font-size: 20px; font-family: verdana,geneva,sans-serif;\"><span style=\"color: #008000;\"> <strong>Acabament de les classes: <\/strong><\/span>Divendres 22 de juny de 2018.<\/span><br \/>\n<span style=\"font-size: 20px; font-family: verdana,geneva,sans-serif;\"> <strong><span style=\"color: #008000;\">Jornada continuada:<\/span><br \/>\n<\/strong>\u2013 Divendres 22 de desembre de 2017.<\/span><br \/>\n<span style=\"font-size: 20px; font-family: verdana,geneva,sans-serif;\"> \u2013 Del dimarts 5 de juny al divendres 22 de juny de 2018.<\/span><br \/>\n<span style=\"font-size: 20px; font-family: verdana,geneva,sans-serif; color: #008000;\"> <strong>Dies de lliure disposici\u00f3 aprovats pel Consell Escolar:<\/strong><\/span><br \/>\n<span style=\"font-size: 20px; font-family: verdana,geneva,sans-serif;\"> \u2013 Divendres 13 d&#8217; octubre de 2017.<\/span><br \/>\n<span style=\"font-size: 20px; font-family: verdana,geneva,sans-serif;\"> \u2013 Dijous 7 de desembre de 2017.<\/span><br \/>\n<span style=\"font-size: 20px; font-family: verdana,geneva,sans-serif;\"> \u2013 Dilluns 30 d&#8217;abril de 2018.<\/span><br \/>\n<span style=\"font-size: 20px; font-family: verdana,geneva,sans-serif;\"> <strong><span style=\"color: #008000;\">Vacances de Nadal:<\/span> <\/strong>del 23 de desembre al 7 de gener de 2018.<\/span><br \/>\n<span style=\"font-size: 20px; font-family: verdana,geneva,sans-serif;\"><span style=\"color: #008000;\"> <strong>Vacances de Setmana Santa: <\/strong><\/span>del 24 de mar\u00e7 al 2 d&#8217;abril de 2018, ambd\u00f3s inclosos.<\/span><\/p>\n<p><span style=\"font-size: 20px; font-family: verdana,geneva,sans-serif;\">L\u2019<span style=\"color: #008000;\"><b>horari lectiu<\/b><\/span> del centre \u00e9s de 9 a 12,30 h i de 15,00 a 16,30 h per a tots els alumnes del centre. El dia 22 de desembre de 2017 i a partir del 5 de juny de 2018 es realitza horari compactat de 9 a 13h. (Els alumnes que utilitzen el servei de menjador surten a les 15:00h.)<\/span><\/p>\n<p><span style=\"font-size: 20px; font-family: verdana,geneva,sans-serif;\">Per als alumnes que inicien l\u2019escolaritzaci\u00f3 a P3 s\u2019organitza un breu per\u00edode d\u2019adaptaci\u00f3 que suposa una certa modificaci\u00f3 dels horaris dels dos primers dies de classe, i que es fa saber a les fam\u00edlies en les reunions pr\u00e8vies corresponents.<\/span><\/p>\n<p style=\"text-align: center;\"><a href=\"https:\/\/drive.google.com\/open?id=0B_AZOF45p8IWVFFLU0NNY1VzOHc\" target=\"_blank\"><img loading=\"lazy\" decoding=\"async\" class=\"aligncenter size-full wp-image-2032\" src=\"http:\/\/agora.xtec.cat\/ceippractiques2-lleida\/wp-content\/uploads\/usu635\/2017\/06\/Calendari17-18.png\" alt=\"Calendari17-18\" width=\"640\" height=\"490\" srcset=\"https:\/\/agora.xtec.cat\/ceippractiques2-lleida\/wp-content\/uploads\/usu635\/2017\/06\/Calendari17-18.png 640w, https:\/\/agora.xtec.cat\/ceippractiques2-lleida\/wp-content\/uploads\/usu635\/2017\/06\/Calendari17-18-300x230.png 300w\" sizes=\"auto, (max-width: 640px) 100vw, 640px\" \/><\/a><span style=\"color: #008000;\"><em>(Si cliqueu sobre el calendari el podreu imprimir)<\/em><\/span><\/p>\n","protected":false},"excerpt":{"rendered":"<p>Inici de curs: Dimarts 12 de setembre de 2017.<br \/>\n Acabament de les classes: Divendres 22 de juny de 2018.<br \/>\n Jornada continuada:<br \/>\n\u2013 Divendres 22 de desembre de 2017.<br \/>\n \u2013 Del dimarts 5 de juny al divendres 22 de juny de 2018.<br \/>\n Dies de lliure disposici\u00f3 aprovats&hellip;  <a href=\"https:\/\/agora.xtec.cat\/ceippractiques2-lleida\/general\/calendari-curs-2017-2018\/\" title=\"Read Calendari curs 2017-2018\">Llegeix m\u00e9s\u00bb<\/a><\/p>\n","protected":false},"author":1,"featured_media":2032,"comment_status":"open","ping_status":"closed","sticky":false,"template":"","format":"standard","meta":{"_bbp_topic_count":0,"_bbp_reply_count":0,"_bbp_total_topic_count":0,"_bbp_total_reply_count":0,"_bbp_voice_count":0,"_bbp_anonymous_reply_count":0,"_bbp_topic_count_hidden":0,"_bbp_reply_count_hidden":0,"_bbp_forum_subforum_count":0,"footnotes":""},"categories":[1,4],"tags":[],"class_list":["post-2028","post","type-post","status-publish","format-standard","has-post-thumbnail","hentry","category-general","category-portada"],"post_mailing_queue_ids":[],"_links":{"self":[{"href":"https:\/\/agora.xtec.cat\/ceippractiques2-lleida\/wp-json\/wp\/v2\/posts\/2028","targetHints":{"allow":["GET"]}}],"collection":[{"href":"https:\/\/agora.xtec.cat\/ceippractiques2-lleida\/wp-json\/wp\/v2\/posts"}],"about":[{"href":"https:\/\/agora.xtec.cat\/ceippractiques2-lleida\/wp-json\/wp\/v2\/types\/post"}],"author":[{"embeddable":true,"href":"https:\/\/agora.xtec.cat\/ceippractiques2-lleida\/wp-json\/wp\/v2\/users\/1"}],"replies":[{"embeddable":true,"href":"https:\/\/agora.xtec.cat\/ceippractiques2-lleida\/wp-json\/wp\/v2\/comments?post=2028"}],"version-history":[{"count":3,"href":"https:\/\/agora.xtec.cat\/ceippractiques2-lleida\/wp-json\/wp\/v2\/posts\/2028\/revisions"}],"predecessor-version":[{"id":2035,"href":"https:\/\/agora.xtec.cat\/ceippractiques2-lleida\/wp-json\/wp\/v2\/posts\/2028\/revisions\/2035"}],"wp:featuredmedia":[{"embeddable":true,"href":"https:\/\/agora.xtec.cat\/ceippractiques2-lleida\/wp-json\/wp\/v2\/media\/2032"}],"wp:attachment":[{"href":"https:\/\/agora.xtec.cat\/ceippractiques2-lleida\/wp-json\/wp\/v2\/media?parent=2028"}],"wp:term":[{"taxonomy":"category","embeddable":true,"href":"https:\/\/agora.xtec.cat\/ceippractiques2-lleida\/wp-json\/wp\/v2\/categories?post=2028"},{"taxonomy":"post_tag","embeddable":true,"href":"https:\/\/agora.xtec.cat\/ceippractiques2-lleida\/wp-json\/wp\/v2\/tags?post=2028"}],"curies":[{"name":"wp","href":"https:\/\/api.w.org\/{rel}","templated":true}]}}