{"id":2000,"date":"2017-06-09T14:03:34","date_gmt":"2017-06-09T12:03:34","guid":{"rendered":"http:\/\/agora.xtec.cat\/ceippractiques2-lleida\/?p=2000"},"modified":"2017-06-09T14:05:39","modified_gmt":"2017-06-09T12:05:39","slug":"concurs-dibuix-medi-ambient","status":"publish","type":"post","link":"https:\/\/agora.xtec.cat\/ceippractiques2-lleida\/portada\/concurs-dibuix-medi-ambient\/","title":{"rendered":"Concurs dibuix &#8220;Medi ambient&#8221;"},"content":{"rendered":"<p><span style=\"font-size: 20px; font-family: verdana,geneva,sans-serif;\">El dijous\u00a0 8 de juny per la tarda es va fer l&#8217;entrega dels premis per als guanyadors del concurs de dibuix del medi ambient. Per part de la nostra escola, els guanyadors han estat la Nat\u00e0lia Galindo de 4t, \u00c0lex Mendibil de 5\u00e8 i Eduard D\u00edaz de Alda de 6\u00e8. Han rebut els premis a l&#8217;Auditori de l&#8217;IME juntament amb les seves fam\u00edlies. Felicitats a tots ells!!<\/span><\/p>\n<p><span style=\"font-size: 20px; font-family: verdana,geneva,sans-serif;\"> <img decoding=\"async\" class=\"CToWUd\" src=\"https:\/\/mail.google.com\/mail\/e\/1f388\" alt=\"?\" data-goomoji=\"1f388\" \/><img decoding=\"async\" class=\"CToWUd\" src=\"https:\/\/mail.google.com\/mail\/e\/1f388\" alt=\"?\" data-goomoji=\"1f388\" \/><\/span><img decoding=\"async\" class=\"CToWUd\" src=\"https:\/\/mail.google.com\/mail\/e\/1f388\" alt=\"?\" data-goomoji=\"1f388\" \/><\/p>\n<p><a href=\"http:\/\/agora.xtec.cat\/ceippractiques2-lleida\/wp-content\/uploads\/usu635\/2017\/06\/IMG-20170609-WA0004.jpg\"><img loading=\"lazy\" decoding=\"async\" class=\"aligncenter wp-image-2001\" src=\"http:\/\/agora.xtec.cat\/ceippractiques2-lleida\/wp-content\/uploads\/usu635\/2017\/06\/IMG-20170609-WA0004-1024x768.jpg\" alt=\"IMG-20170609-WA0004\" width=\"800\" height=\"600\" srcset=\"https:\/\/agora.xtec.cat\/ceippractiques2-lleida\/wp-content\/uploads\/usu635\/2017\/06\/IMG-20170609-WA0004-1024x768.jpg 1024w, https:\/\/agora.xtec.cat\/ceippractiques2-lleida\/wp-content\/uploads\/usu635\/2017\/06\/IMG-20170609-WA0004-300x225.jpg 300w, https:\/\/agora.xtec.cat\/ceippractiques2-lleida\/wp-content\/uploads\/usu635\/2017\/06\/IMG-20170609-WA0004-768x576.jpg 768w, https:\/\/agora.xtec.cat\/ceippractiques2-lleida\/wp-content\/uploads\/usu635\/2017\/06\/IMG-20170609-WA0004-200x150.jpg 200w, https:\/\/agora.xtec.cat\/ceippractiques2-lleida\/wp-content\/uploads\/usu635\/2017\/06\/IMG-20170609-WA0004.jpg 1600w\" sizes=\"auto, (max-width: 800px) 100vw, 800px\" \/><\/a><\/p>\n<p><a href=\"http:\/\/agora.xtec.cat\/ceippractiques2-lleida\/wp-content\/uploads\/usu635\/2017\/06\/IMG-20170609-WA0006.jpg\"><img loading=\"lazy\" decoding=\"async\" class=\"aligncenter wp-image-2002\" src=\"http:\/\/agora.xtec.cat\/ceippractiques2-lleida\/wp-content\/uploads\/usu635\/2017\/06\/IMG-20170609-WA0006-1024x768.jpg\" alt=\"IMG-20170609-WA0006\" width=\"800\" height=\"600\" srcset=\"https:\/\/agora.xtec.cat\/ceippractiques2-lleida\/wp-content\/uploads\/usu635\/2017\/06\/IMG-20170609-WA0006-1024x768.jpg 1024w, https:\/\/agora.xtec.cat\/ceippractiques2-lleida\/wp-content\/uploads\/usu635\/2017\/06\/IMG-20170609-WA0006-300x225.jpg 300w, https:\/\/agora.xtec.cat\/ceippractiques2-lleida\/wp-content\/uploads\/usu635\/2017\/06\/IMG-20170609-WA0006-768x576.jpg 768w, https:\/\/agora.xtec.cat\/ceippractiques2-lleida\/wp-content\/uploads\/usu635\/2017\/06\/IMG-20170609-WA0006-200x150.jpg 200w, https:\/\/agora.xtec.cat\/ceippractiques2-lleida\/wp-content\/uploads\/usu635\/2017\/06\/IMG-20170609-WA0006.jpg 1600w\" sizes=\"auto, (max-width: 800px) 100vw, 800px\" \/><\/a><\/p>\n","protected":false},"excerpt":{"rendered":"<p>El dijous\u00a0 8 de juny per la tarda es va fer l&#8217;entrega dels premis per als guanyadors del concurs de dibuix del medi ambient. Per part de la nostra escola, els guanyadors han estat la Nat\u00e0lia Galindo de 4t, \u00c0lex Mendibil de 5\u00e8 i Eduard&hellip;  <a href=\"https:\/\/agora.xtec.cat\/ceippractiques2-lleida\/portada\/concurs-dibuix-medi-ambient\/\" title=\"Read Concurs dibuix &#8220;Medi ambient&#8221;\">Llegeix m\u00e9s\u00bb<\/a><\/p>\n","protected":false},"author":1,"featured_media":2001,"comment_status":"open","ping_status":"closed","sticky":false,"template":"","format":"standard","meta":{"_bbp_topic_count":0,"_bbp_reply_count":0,"_bbp_total_topic_count":0,"_bbp_total_reply_count":0,"_bbp_voice_count":0,"_bbp_anonymous_reply_count":0,"_bbp_topic_count_hidden":0,"_bbp_reply_count_hidden":0,"_bbp_forum_subforum_count":0,"footnotes":""},"categories":[4],"tags":[],"class_list":["post-2000","post","type-post","status-publish","format-standard","has-post-thumbnail","hentry","category-portada"],"post_mailing_queue_ids":[],"_links":{"self":[{"href":"https:\/\/agora.xtec.cat\/ceippractiques2-lleida\/wp-json\/wp\/v2\/posts\/2000","targetHints":{"allow":["GET"]}}],"collection":[{"href":"https:\/\/agora.xtec.cat\/ceippractiques2-lleida\/wp-json\/wp\/v2\/posts"}],"about":[{"href":"https:\/\/agora.xtec.cat\/ceippractiques2-lleida\/wp-json\/wp\/v2\/types\/post"}],"author":[{"embeddable":true,"href":"https:\/\/agora.xtec.cat\/ceippractiques2-lleida\/wp-json\/wp\/v2\/users\/1"}],"replies":[{"embeddable":true,"href":"https:\/\/agora.xtec.cat\/ceippractiques2-lleida\/wp-json\/wp\/v2\/comments?post=2000"}],"version-history":[{"count":3,"href":"https:\/\/agora.xtec.cat\/ceippractiques2-lleida\/wp-json\/wp\/v2\/posts\/2000\/revisions"}],"predecessor-version":[{"id":2005,"href":"https:\/\/agora.xtec.cat\/ceippractiques2-lleida\/wp-json\/wp\/v2\/posts\/2000\/revisions\/2005"}],"wp:featuredmedia":[{"embeddable":true,"href":"https:\/\/agora.xtec.cat\/ceippractiques2-lleida\/wp-json\/wp\/v2\/media\/2001"}],"wp:attachment":[{"href":"https:\/\/agora.xtec.cat\/ceippractiques2-lleida\/wp-json\/wp\/v2\/media?parent=2000"}],"wp:term":[{"taxonomy":"category","embeddable":true,"href":"https:\/\/agora.xtec.cat\/ceippractiques2-lleida\/wp-json\/wp\/v2\/categories?post=2000"},{"taxonomy":"post_tag","embeddable":true,"href":"https:\/\/agora.xtec.cat\/ceippractiques2-lleida\/wp-json\/wp\/v2\/tags?post=2000"}],"curies":[{"name":"wp","href":"https:\/\/api.w.org\/{rel}","templated":true}]}}