{"id":1898,"date":"2017-05-02T09:28:21","date_gmt":"2017-05-02T07:28:21","guid":{"rendered":"http:\/\/agora.xtec.cat\/ceippractiques2-lleida\/?p=1898"},"modified":"2017-05-05T11:15:38","modified_gmt":"2017-05-05T09:15:38","slug":"prova-calafell","status":"publish","type":"post","link":"https:\/\/agora.xtec.cat\/ceippractiques2-lleida\/portada\/prova-calafell\/","title":{"rendered":"El CM a Calafell"},"content":{"rendered":"<p><span style=\"font-family: verdana, geneva, sans-serif; font-size: 20px;\">El dijous 27 i el divendres 28 els alumnes de Cicle Mitj\u00e0 van anar de col\u00f2nies \u00a0a la casa Artur Martorell de Calafell. All\u00ed van visitar el poblat ib\u00e8ric dels cossetans on els van fer una extensa explicaci\u00f3 per poder fer-se a la idea de com era la vida fa m\u00e9s de 2000 anys abans de l&#8217;arribada dels romans a Catalunya. Tamb\u00e9 varen participar en altres tallers i van poder gaudir d&#8217;una estada en la que es va compartir\u00a0unes estones molt agradables amb els companys i companyes.<\/span><\/p>\n<p><span style=\"font-family: verdana, geneva, sans-serif; font-size: 20px;\">Si cliqueu a la foto \u00a0podreu veure un recull d&#8217;altres imatges de la nostra estada.<\/span><\/p>\n<p>&nbsp;<\/p>\n<p><a href=\"https:\/\/goo.gl\/photos\/9Ms9wSoV3XEKU1qKA\" target=\"_blank\"><img loading=\"lazy\" decoding=\"async\" class=\"aligncenter size-medium wp-image-1900\" src=\"http:\/\/agora.xtec.cat\/ceippractiques2-lleida\/wp-content\/uploads\/usu635\/2017\/05\/Calafell-225x300.jpg\" alt=\"Calafell\" width=\"225\" height=\"300\" srcset=\"https:\/\/agora.xtec.cat\/ceippractiques2-lleida\/wp-content\/uploads\/usu635\/2017\/05\/Calafell-225x300.jpg 225w, https:\/\/agora.xtec.cat\/ceippractiques2-lleida\/wp-content\/uploads\/usu635\/2017\/05\/Calafell.jpg 768w\" sizes=\"auto, (max-width: 225px) 100vw, 225px\" \/><\/a><\/p>\n<p>&nbsp;<\/p>\n","protected":false},"excerpt":{"rendered":"<p>El dijous 27 i el divendres 28 els alumnes de Cicle Mitj\u00e0 van anar de col\u00f2nies \u00a0a la casa Artur Martorell de Calafell. All\u00ed van visitar el poblat ib\u00e8ric dels cossetans on els van fer una extensa explicaci\u00f3 per poder fer-se a la idea de&hellip;  <a href=\"https:\/\/agora.xtec.cat\/ceippractiques2-lleida\/portada\/prova-calafell\/\" title=\"Read El CM a Calafell\">Llegeix m\u00e9s\u00bb<\/a><\/p>\n","protected":false},"author":1,"featured_media":1900,"comment_status":"open","ping_status":"open","sticky":false,"template":"","format":"standard","meta":{"_bbp_topic_count":0,"_bbp_reply_count":0,"_bbp_total_topic_count":0,"_bbp_total_reply_count":0,"_bbp_voice_count":0,"_bbp_anonymous_reply_count":0,"_bbp_topic_count_hidden":0,"_bbp_reply_count_hidden":0,"_bbp_forum_subforum_count":0,"footnotes":""},"categories":[4],"tags":[],"class_list":["post-1898","post","type-post","status-publish","format-standard","has-post-thumbnail","hentry","category-portada"],"post_mailing_queue_ids":[],"_links":{"self":[{"href":"https:\/\/agora.xtec.cat\/ceippractiques2-lleida\/wp-json\/wp\/v2\/posts\/1898","targetHints":{"allow":["GET"]}}],"collection":[{"href":"https:\/\/agora.xtec.cat\/ceippractiques2-lleida\/wp-json\/wp\/v2\/posts"}],"about":[{"href":"https:\/\/agora.xtec.cat\/ceippractiques2-lleida\/wp-json\/wp\/v2\/types\/post"}],"author":[{"embeddable":true,"href":"https:\/\/agora.xtec.cat\/ceippractiques2-lleida\/wp-json\/wp\/v2\/users\/1"}],"replies":[{"embeddable":true,"href":"https:\/\/agora.xtec.cat\/ceippractiques2-lleida\/wp-json\/wp\/v2\/comments?post=1898"}],"version-history":[{"count":3,"href":"https:\/\/agora.xtec.cat\/ceippractiques2-lleida\/wp-json\/wp\/v2\/posts\/1898\/revisions"}],"predecessor-version":[{"id":1907,"href":"https:\/\/agora.xtec.cat\/ceippractiques2-lleida\/wp-json\/wp\/v2\/posts\/1898\/revisions\/1907"}],"wp:featuredmedia":[{"embeddable":true,"href":"https:\/\/agora.xtec.cat\/ceippractiques2-lleida\/wp-json\/wp\/v2\/media\/1900"}],"wp:attachment":[{"href":"https:\/\/agora.xtec.cat\/ceippractiques2-lleida\/wp-json\/wp\/v2\/media?parent=1898"}],"wp:term":[{"taxonomy":"category","embeddable":true,"href":"https:\/\/agora.xtec.cat\/ceippractiques2-lleida\/wp-json\/wp\/v2\/categories?post=1898"},{"taxonomy":"post_tag","embeddable":true,"href":"https:\/\/agora.xtec.cat\/ceippractiques2-lleida\/wp-json\/wp\/v2\/tags?post=1898"}],"curies":[{"name":"wp","href":"https:\/\/api.w.org\/{rel}","templated":true}]}}