{"id":1775,"date":"2017-03-14T19:10:19","date_gmt":"2017-03-14T18:10:19","guid":{"rendered":"http:\/\/agora.xtec.cat\/ceippractiques2-lleida\/?p=1775"},"modified":"2017-03-14T19:45:44","modified_gmt":"2017-03-14T18:45:44","slug":"preinscripcio-escolar-2017-2018","status":"publish","type":"post","link":"https:\/\/agora.xtec.cat\/ceippractiques2-lleida\/portada\/preinscripcio-escolar-2017-2018\/","title":{"rendered":"Preinscripci\u00f3 escolar 2017-2018"},"content":{"rendered":"<p><a href=\"http:\/\/agora.xtec.cat\/ceippractiques2-lleida\/wp-content\/uploads\/usu635\/2017\/03\/Captura-de-pantalla-2017-03-14-a-les-18.53.28.png\"><img loading=\"lazy\" decoding=\"async\" class=\"aligncenter size-full wp-image-1776\" src=\"http:\/\/agora.xtec.cat\/ceippractiques2-lleida\/wp-content\/uploads\/usu635\/2017\/03\/Captura-de-pantalla-2017-03-14-a-les-18.53.28.png\" alt=\"captura-de-pantalla-2017-03-14-a-les-18-53-28\" width=\"1000\" height=\"120\" srcset=\"https:\/\/agora.xtec.cat\/ceippractiques2-lleida\/wp-content\/uploads\/usu635\/2017\/03\/Captura-de-pantalla-2017-03-14-a-les-18.53.28.png 1000w, https:\/\/agora.xtec.cat\/ceippractiques2-lleida\/wp-content\/uploads\/usu635\/2017\/03\/Captura-de-pantalla-2017-03-14-a-les-18.53.28-300x36.png 300w, https:\/\/agora.xtec.cat\/ceippractiques2-lleida\/wp-content\/uploads\/usu635\/2017\/03\/Captura-de-pantalla-2017-03-14-a-les-18.53.28-768x92.png 768w\" sizes=\"auto, (max-width: 1000px) 100vw, 1000px\" \/><\/a><\/p>\n<p><span style=\"font-size: 20px;\">Es poden matricular a <strong>primer <\/strong>curs de segon cicle d&#8217;educaci\u00f3<strong> infantil<\/strong> els infants que compleixen 3 anys el\u00a02017.<\/span><\/p>\n<p><span style=\"font-size: 20px;\">Abans de fer la <strong>matricula<\/strong> en un centre s&#8217;ha de fer la <strong>preinscripci\u00f3<\/strong>, \u00e9s a dir presentar la<strong>\u00a0<\/strong>sol\u00b7licitud d&#8217;admissi\u00f3 al\u00a0centre.<\/span><\/p>\n<div class=\"FW_sPregunta FW_sImpacte\">\n<h1 id=\"FW_bloc_5ff9132d-55e8-11e4-aafa-000c29f68999_1\" class=\"FW_ancora\"><span style=\"color: #339966;\"><strong>Preinscripci\u00f3<\/strong><\/span><\/h1>\n<div class=\"FW_sArticleFoto\">\n<div class=\"FW_sEditPro\">\n<p><span style=\"font-size: 20px;\">Oferta inicial de places escolars: 20 de mar\u00e7 de 2017<\/span><\/p>\n<p><span style=\"font-size: 20px;\">Presentaci\u00f3 de la\u00a0sol\u00b7licitud al centre:\u00a0del<strong> 23\u00a0de mar\u00e7 al 4\u00a0d\u2019abril\u00a0de 2017<\/strong><\/span><\/p>\n<p><span style=\"font-size: 20px;\">Presentaci\u00f3 de la documentaci\u00f3 al centre: fins al 7 d&#8217;abril de 2017<\/span><\/p>\n<p><span style=\"font-size: 20px;\">Llista de sol\u00b7licituds amb la puntuaci\u00f3 provisional: 24\u00a0d\u2019abril de 2017<\/span><\/p>\n<p><span style=\"font-size: 20px;\">Termini per presentar reclamacions, si cal,\u00a0a la puntuaci\u00f3 provisional: del 25 al 27 d\u2019abril de 2017<\/span><\/p>\n<p><span style=\"font-size: 20px;\">Llista de sol\u00b7licituds amb la puntuaci\u00f3 un cop resoltes les reclamacions: 3\u00a0de maig de 2017<\/span><span style=\"font-size: 20px;\"><br \/>\n<\/span><\/p>\n<p><span style=\"font-size: 20px;\">Llista ordenada definitiva: 8 de maig de 2017<\/span><\/p>\n<p><span style=\"font-size: 20px;\">Oferta final de places escolars: 30\u00a0de maig de 2017<\/span><\/p>\n<p><span style=\"font-size: 20px;\">Llistes d&#8217;alumnes admesos (i\u00a0llistes d\u2019espera, si escau):\u00a02 de juny\u00a0de 2017<\/span><\/p>\n<\/div>\n<\/div>\n<div class=\"FW_sTitolFons\"><\/div>\n<\/div>\n<h1 class=\"FW_sPregunta FW_sImpacte\"><span style=\"color: #339966;\"><strong>Matr\u00edcula<\/strong><\/span><\/h1>\n<div class=\"FW_sArticleFoto\">\n<div class=\"FW_sEditPro\">\n<p><span style=\"font-size: 20px;\">Alumnes preinscrits amb pla\u00e7a assignada a segon cicle d&#8217;educaci\u00f3 infantil, educaci\u00f3 prim\u00e0ria i<br \/>\nprimer curs d&#8217;ESO: del<strong> 12 al 16 de juny de 2017<\/strong><\/span><\/p>\n<p><span style=\"font-size: 20px;\"><strong>Si voleu m\u00e9s informaci\u00f3 podeu passar per l&#8217;escola o consultar a <span style=\"color: #0000ff;\"><a style=\"color: #0000ff;\" href=\"http:\/\/queestudiar.gencat.cat\/ca\/preinscripcio\/\" target=\"_blank\">http:\/\/queestudiar.gencat.cat\/ca\/preinscripcio\/,<br \/>\n<\/a><\/span><\/strong><strong>i tamb\u00e9 a <\/strong>\u00a0 <strong><span style=\"color: #0000ff;\"><a style=\"color: #0000ff;\" href=\"http:\/\/educacio.paeria.cat\/lleida-ressort\/punt-dinformacio-escolar\/preinscripcio-2017-2018\/2n.-cicle-dinfantil-primaria-i-secundaria\" target=\"_blank\">http:\/\/educacio.paeria.cat\/lleida-ressort\/punt-dinformacio-escolar\/preinscripcio-2017-2018\/2n.-cicle-dinfantil-primaria-i-secundaria<\/a><\/span><\/strong><\/span><\/p>\n<\/div>\n<\/div>\n","protected":false},"excerpt":{"rendered":"<p><a href=\"http:\/\/agora.xtec.cat\/ceippractiques2-lleida\/wp-content\/uploads\/usu635\/2017\/03\/Captura-de-pantalla-2017-03-14-a-les-18.53.28.png\"><\/a><br \/>\nEs poden matricular a primer curs de segon cicle d&#8217;educaci\u00f3 infantil els infants que compleixen 3 anys el\u00a02017.<br \/>\nAbans de fer la matricula en un centre s&#8217;ha de fer la preinscripci\u00f3, \u00e9s a dir presentar la\u00a0sol\u00b7licitud d&#8217;admissi\u00f3 al\u00a0centre.<\/p>\n<p>Preinscripci\u00f3<\/p>\n<p>Oferta inicial de places escolars: 20 de mar\u00e7&hellip;  <a href=\"https:\/\/agora.xtec.cat\/ceippractiques2-lleida\/portada\/preinscripcio-escolar-2017-2018\/\" title=\"Read Preinscripci\u00f3 escolar 2017-2018\">Llegeix m\u00e9s\u00bb<\/a><\/p>\n","protected":false},"author":1,"featured_media":1776,"comment_status":"open","ping_status":"open","sticky":false,"template":"","format":"standard","meta":{"_bbp_topic_count":0,"_bbp_reply_count":0,"_bbp_total_topic_count":0,"_bbp_total_reply_count":0,"_bbp_voice_count":0,"_bbp_anonymous_reply_count":0,"_bbp_topic_count_hidden":0,"_bbp_reply_count_hidden":0,"_bbp_forum_subforum_count":0,"footnotes":""},"categories":[4],"tags":[],"class_list":["post-1775","post","type-post","status-publish","format-standard","has-post-thumbnail","hentry","category-portada"],"post_mailing_queue_ids":[],"_links":{"self":[{"href":"https:\/\/agora.xtec.cat\/ceippractiques2-lleida\/wp-json\/wp\/v2\/posts\/1775","targetHints":{"allow":["GET"]}}],"collection":[{"href":"https:\/\/agora.xtec.cat\/ceippractiques2-lleida\/wp-json\/wp\/v2\/posts"}],"about":[{"href":"https:\/\/agora.xtec.cat\/ceippractiques2-lleida\/wp-json\/wp\/v2\/types\/post"}],"author":[{"embeddable":true,"href":"https:\/\/agora.xtec.cat\/ceippractiques2-lleida\/wp-json\/wp\/v2\/users\/1"}],"replies":[{"embeddable":true,"href":"https:\/\/agora.xtec.cat\/ceippractiques2-lleida\/wp-json\/wp\/v2\/comments?post=1775"}],"version-history":[{"count":4,"href":"https:\/\/agora.xtec.cat\/ceippractiques2-lleida\/wp-json\/wp\/v2\/posts\/1775\/revisions"}],"predecessor-version":[{"id":1802,"href":"https:\/\/agora.xtec.cat\/ceippractiques2-lleida\/wp-json\/wp\/v2\/posts\/1775\/revisions\/1802"}],"wp:featuredmedia":[{"embeddable":true,"href":"https:\/\/agora.xtec.cat\/ceippractiques2-lleida\/wp-json\/wp\/v2\/media\/1776"}],"wp:attachment":[{"href":"https:\/\/agora.xtec.cat\/ceippractiques2-lleida\/wp-json\/wp\/v2\/media?parent=1775"}],"wp:term":[{"taxonomy":"category","embeddable":true,"href":"https:\/\/agora.xtec.cat\/ceippractiques2-lleida\/wp-json\/wp\/v2\/categories?post=1775"},{"taxonomy":"post_tag","embeddable":true,"href":"https:\/\/agora.xtec.cat\/ceippractiques2-lleida\/wp-json\/wp\/v2\/tags?post=1775"}],"curies":[{"name":"wp","href":"https:\/\/api.w.org\/{rel}","templated":true}]}}