{"id":1694,"date":"2017-02-21T15:57:44","date_gmt":"2017-02-21T14:57:44","guid":{"rendered":"http:\/\/agora.xtec.cat\/ceippractiques2-lleida\/?p=1694"},"modified":"2017-02-21T16:00:25","modified_gmt":"2017-02-21T15:00:25","slug":"carnestoltes","status":"publish","type":"post","link":"https:\/\/agora.xtec.cat\/ceippractiques2-lleida\/portada\/carnestoltes\/","title":{"rendered":"CARNESTOLTES"},"content":{"rendered":"<p><a href=\"http:\/\/agora.xtec.cat\/ceippractiques2-lleida\/wp-content\/uploads\/usu635\/2017\/02\/CARNAVAL.jpg\"><img loading=\"lazy\" decoding=\"async\" class=\"aligncenter wp-image-1695\" src=\"http:\/\/agora.xtec.cat\/ceippractiques2-lleida\/wp-content\/uploads\/usu635\/2017\/02\/CARNAVAL.jpg\" alt=\"carnaval\" width=\"703\" height=\"134\" srcset=\"https:\/\/agora.xtec.cat\/ceippractiques2-lleida\/wp-content\/uploads\/usu635\/2017\/02\/CARNAVAL.jpg 514w, https:\/\/agora.xtec.cat\/ceippractiques2-lleida\/wp-content\/uploads\/usu635\/2017\/02\/CARNAVAL-300x57.jpg 300w\" sizes=\"auto, (max-width: 703px) 100vw, 703px\" \/><\/a><\/p>\n<p><span style=\"font-size: 20px; font-family: verdana,geneva,sans-serif;\">\u00c9s temps de <span style=\"color: #ff9900;\"><strong>CARNAVAL<\/strong><\/span> i us volem dir que\u2026.<a href=\"http:\/\/agora.xtec.cat\/ceippractiques2-lleida\/wp-content\/uploads\/usu635\/2017\/02\/pAU-PI.jpg\"><img loading=\"lazy\" decoding=\"async\" class=\" wp-image-1696 alignleft\" src=\"http:\/\/agora.xtec.cat\/ceippractiques2-lleida\/wp-content\/uploads\/usu635\/2017\/02\/pAU-PI.jpg\" alt=\"pau-pi\" width=\"285\" height=\"407\" \/><\/a><\/span><\/p>\n<p><span style=\"font-size: 20px; font-family: verdana,geneva,sans-serif;\">Aquest divendres ve en <span style=\"font-size: 36px; color: #ff0000;\"><strong>PAU PI<\/strong><\/span><\/span><\/p>\n<p><span style=\"font-size: 20px; font-family: verdana,geneva,sans-serif;\">S\u00ed, s\u00ed, aquests any torna a venir,<\/span><\/p>\n<p><span style=\"font-size: 20px; font-family: verdana,geneva,sans-serif;\">Ens far\u00e0 ballar i cantar i la gresca ens portar\u00e0.<\/span><\/p>\n<p><span style=\"font-size: 20px; font-family: verdana,geneva,sans-serif;\">Ben vestits el rebrem i divendres una capa ens posarem .<\/span><\/p>\n<p><span style=\"font-size: 20px; font-family: verdana,geneva,sans-serif;\">Amb un Barret o un altre complement (ulleres, lla\u00e7, collar,\u2026) tamb\u00e9 llu\u00efrem.<\/span><\/p>\n<p><span style=\"font-size: 20px; font-family: verdana,geneva,sans-serif;\">I de ben segur que molt b\u00e9 ens ho passarem!<\/span><\/p>\n<p>&nbsp;<\/p>\n<p style=\"text-align: center;\">(Recordeu que dilluns 27 ser\u00e0 festiu, \u00e9s un dels dies de lliure disposici\u00f3).<\/p>\n","protected":false},"excerpt":{"rendered":"<p><a href=\"http:\/\/agora.xtec.cat\/ceippractiques2-lleida\/wp-content\/uploads\/usu635\/2017\/02\/CARNAVAL.jpg\"><\/a><br \/>\n\u00c9s temps de CARNAVAL i us volem dir que\u2026.<a href=\"http:\/\/agora.xtec.cat\/ceippractiques2-lleida\/wp-content\/uploads\/usu635\/2017\/02\/pAU-PI.jpg\"><\/a><br \/>\nAquest divendres ve en PAU PI<br \/>\nS\u00ed, s\u00ed, aquests any torna a venir,<br \/>\nEns far\u00e0 ballar i cantar i la gresca ens portar\u00e0.<br \/>\nBen vestits el rebrem i divendres una capa ens posarem .<br \/>\nAmb un Barret o un&hellip;  <a href=\"https:\/\/agora.xtec.cat\/ceippractiques2-lleida\/portada\/carnestoltes\/\" title=\"Read CARNESTOLTES\">Llegeix m\u00e9s\u00bb<\/a><\/p>\n","protected":false},"author":1,"featured_media":1695,"comment_status":"open","ping_status":"open","sticky":false,"template":"","format":"standard","meta":{"_bbp_topic_count":0,"_bbp_reply_count":0,"_bbp_total_topic_count":0,"_bbp_total_reply_count":0,"_bbp_voice_count":0,"_bbp_anonymous_reply_count":0,"_bbp_topic_count_hidden":0,"_bbp_reply_count_hidden":0,"_bbp_forum_subforum_count":0,"footnotes":""},"categories":[4],"tags":[],"class_list":["post-1694","post","type-post","status-publish","format-standard","has-post-thumbnail","hentry","category-portada"],"post_mailing_queue_ids":[],"_links":{"self":[{"href":"https:\/\/agora.xtec.cat\/ceippractiques2-lleida\/wp-json\/wp\/v2\/posts\/1694","targetHints":{"allow":["GET"]}}],"collection":[{"href":"https:\/\/agora.xtec.cat\/ceippractiques2-lleida\/wp-json\/wp\/v2\/posts"}],"about":[{"href":"https:\/\/agora.xtec.cat\/ceippractiques2-lleida\/wp-json\/wp\/v2\/types\/post"}],"author":[{"embeddable":true,"href":"https:\/\/agora.xtec.cat\/ceippractiques2-lleida\/wp-json\/wp\/v2\/users\/1"}],"replies":[{"embeddable":true,"href":"https:\/\/agora.xtec.cat\/ceippractiques2-lleida\/wp-json\/wp\/v2\/comments?post=1694"}],"version-history":[{"count":3,"href":"https:\/\/agora.xtec.cat\/ceippractiques2-lleida\/wp-json\/wp\/v2\/posts\/1694\/revisions"}],"predecessor-version":[{"id":1700,"href":"https:\/\/agora.xtec.cat\/ceippractiques2-lleida\/wp-json\/wp\/v2\/posts\/1694\/revisions\/1700"}],"wp:featuredmedia":[{"embeddable":true,"href":"https:\/\/agora.xtec.cat\/ceippractiques2-lleida\/wp-json\/wp\/v2\/media\/1695"}],"wp:attachment":[{"href":"https:\/\/agora.xtec.cat\/ceippractiques2-lleida\/wp-json\/wp\/v2\/media?parent=1694"}],"wp:term":[{"taxonomy":"category","embeddable":true,"href":"https:\/\/agora.xtec.cat\/ceippractiques2-lleida\/wp-json\/wp\/v2\/categories?post=1694"},{"taxonomy":"post_tag","embeddable":true,"href":"https:\/\/agora.xtec.cat\/ceippractiques2-lleida\/wp-json\/wp\/v2\/tags?post=1694"}],"curies":[{"name":"wp","href":"https:\/\/api.w.org\/{rel}","templated":true}]}}