{"id":1639,"date":"2017-02-07T16:10:28","date_gmt":"2017-02-07T15:10:28","guid":{"rendered":"http:\/\/agora.xtec.cat\/ceippractiques2-lleida\/?p=1639"},"modified":"2017-02-07T16:15:41","modified_gmt":"2017-02-07T15:15:41","slug":"lhor","status":"publish","type":"post","link":"https:\/\/agora.xtec.cat\/ceippractiques2-lleida\/portada\/lhor\/","title":{"rendered":"L&#8217;hora del conte"},"content":{"rendered":"<p lang=\"ca-ES\"><span style=\"font-size: 20px; font-family: verdana,geneva,sans-serif;\">En aquest temps de constipats i esternuts, els nens i nenes de P5 han anat a la Biblioteca a escoltar el conte de &#8220;El llop carregat de mocs.&#8221; <\/span><\/p>\n<p lang=\"ca-ES\"><span style=\"font-size: 20px; font-family: verdana,geneva,sans-serif;\">Sembla que no tots els llops s\u00f3n tan dolents com ens volen fer creure&#8230;<\/span><\/p>\n<p><span style=\"font-size: medium; font-family: verdana,geneva,sans-serif;\"><span lang=\"ca-ES\"><span style=\"font-size: 20px;\">Els companys de 6\u00e8 els han obsequiat amb un llop per a qu\u00e8 els acompanyi fins a casa i aix\u00ed poder explicar als pares la hist\u00f2ria d\u2019aquest llop tan eixerit.<\/span> <\/span><\/span><\/p>\n<p><a href=\"http:\/\/agora.xtec.cat\/ceippractiques2-lleida\/wp-content\/uploads\/usu635\/2017\/02\/El-llop-e1486480165749.png\"><img loading=\"lazy\" decoding=\"async\" class=\"size-full wp-image-1643 alignleft\" src=\"http:\/\/agora.xtec.cat\/ceippractiques2-lleida\/wp-content\/uploads\/usu635\/2017\/02\/El-llop-e1486480165749.png\" alt=\"el-llop\" width=\"600\" height=\"607\" \/><\/a> <a href=\"http:\/\/agora.xtec.cat\/ceippractiques2-lleida\/wp-content\/uploads\/usu635\/2017\/02\/20170131_155649-e1486480255250.jpg\"><img loading=\"lazy\" decoding=\"async\" class=\"aligncenter size-full wp-image-1642\" src=\"http:\/\/agora.xtec.cat\/ceippractiques2-lleida\/wp-content\/uploads\/usu635\/2017\/02\/20170131_155649-e1486480255250.jpg\" alt=\"20170131_155649\" width=\"600\" height=\"360\" \/><\/a><\/p>\n<p>&nbsp;<\/p>\n<p><a href=\"http:\/\/agora.xtec.cat\/ceippractiques2-lleida\/wp-content\/uploads\/usu635\/2017\/02\/20170131_155634-e1486480271843.jpg\"><img loading=\"lazy\" decoding=\"async\" class=\"aligncenter size-full wp-image-1641\" src=\"http:\/\/agora.xtec.cat\/ceippractiques2-lleida\/wp-content\/uploads\/usu635\/2017\/02\/20170131_155634-e1486480271843.jpg\" alt=\"20170131_155634\" width=\"600\" height=\"360\" \/><br \/>\n<\/a><\/p>\n<p><a href=\"http:\/\/agora.xtec.cat\/ceippractiques2-lleida\/wp-content\/uploads\/usu635\/2017\/02\/20170131_155623-e1486480293169.jpg\"><img loading=\"lazy\" decoding=\"async\" class=\"aligncenter size-full wp-image-1640\" src=\"http:\/\/agora.xtec.cat\/ceippractiques2-lleida\/wp-content\/uploads\/usu635\/2017\/02\/20170131_155623-e1486480293169.jpg\" alt=\"20170131_155623\" width=\"600\" height=\"360\" \/><\/a><\/p>\n<p>&nbsp;<\/p>\n<p>&nbsp;<\/p>\n","protected":false},"excerpt":{"rendered":"<p>En aquest temps de constipats i esternuts, els nens i nenes de P5 han anat a la Biblioteca a escoltar el conte de &#8220;El llop carregat de mocs.&#8221;<br \/>\nSembla que no tots els llops s\u00f3n tan dolents com ens volen fer creure&#8230;<br \/>\nEls companys de 6\u00e8&hellip;  <a href=\"https:\/\/agora.xtec.cat\/ceippractiques2-lleida\/portada\/lhor\/\" title=\"Read L&#8217;hora del conte\">Llegeix m\u00e9s\u00bb<\/a><\/p>\n","protected":false},"author":1,"featured_media":0,"comment_status":"open","ping_status":"open","sticky":false,"template":"","format":"standard","meta":{"_bbp_topic_count":0,"_bbp_reply_count":0,"_bbp_total_topic_count":0,"_bbp_total_reply_count":0,"_bbp_voice_count":0,"_bbp_anonymous_reply_count":0,"_bbp_topic_count_hidden":0,"_bbp_reply_count_hidden":0,"_bbp_forum_subforum_count":0,"footnotes":""},"categories":[4],"tags":[],"class_list":["post-1639","post","type-post","status-publish","format-standard","hentry","category-portada"],"post_mailing_queue_ids":[],"_links":{"self":[{"href":"https:\/\/agora.xtec.cat\/ceippractiques2-lleida\/wp-json\/wp\/v2\/posts\/1639","targetHints":{"allow":["GET"]}}],"collection":[{"href":"https:\/\/agora.xtec.cat\/ceippractiques2-lleida\/wp-json\/wp\/v2\/posts"}],"about":[{"href":"https:\/\/agora.xtec.cat\/ceippractiques2-lleida\/wp-json\/wp\/v2\/types\/post"}],"author":[{"embeddable":true,"href":"https:\/\/agora.xtec.cat\/ceippractiques2-lleida\/wp-json\/wp\/v2\/users\/1"}],"replies":[{"embeddable":true,"href":"https:\/\/agora.xtec.cat\/ceippractiques2-lleida\/wp-json\/wp\/v2\/comments?post=1639"}],"version-history":[{"count":3,"href":"https:\/\/agora.xtec.cat\/ceippractiques2-lleida\/wp-json\/wp\/v2\/posts\/1639\/revisions"}],"predecessor-version":[{"id":1647,"href":"https:\/\/agora.xtec.cat\/ceippractiques2-lleida\/wp-json\/wp\/v2\/posts\/1639\/revisions\/1647"}],"wp:attachment":[{"href":"https:\/\/agora.xtec.cat\/ceippractiques2-lleida\/wp-json\/wp\/v2\/media?parent=1639"}],"wp:term":[{"taxonomy":"category","embeddable":true,"href":"https:\/\/agora.xtec.cat\/ceippractiques2-lleida\/wp-json\/wp\/v2\/categories?post=1639"},{"taxonomy":"post_tag","embeddable":true,"href":"https:\/\/agora.xtec.cat\/ceippractiques2-lleida\/wp-json\/wp\/v2\/tags?post=1639"}],"curies":[{"name":"wp","href":"https:\/\/api.w.org\/{rel}","templated":true}]}}