{"id":1556,"date":"2017-01-17T16:18:42","date_gmt":"2017-01-17T15:18:42","guid":{"rendered":"http:\/\/agora.xtec.cat\/ceippractiques2-lleida\/?p=1556"},"modified":"2017-01-17T16:23:09","modified_gmt":"2017-01-17T15:23:09","slug":"un-cargol-fabufantastic","status":"publish","type":"post","link":"https:\/\/agora.xtec.cat\/ceippractiques2-lleida\/general\/un-cargol-fabufantastic\/","title":{"rendered":"Un Cargol fabufant\u00e0stic"},"content":{"rendered":"<p><a href=\"http:\/\/agora.xtec.cat\/ceippractiques2-lleida\/wp-content\/uploads\/usu635\/2017\/01\/Cargol-fabufantastic.jpg\"><img loading=\"lazy\" decoding=\"async\" class=\"aligncenter wp-image-1557 \" src=\"http:\/\/agora.xtec.cat\/ceippractiques2-lleida\/wp-content\/uploads\/usu635\/2017\/01\/Cargol-fabufantastic-200x300.jpg\" alt=\"cargol-fabufantastic\" width=\"277\" height=\"416\" srcset=\"https:\/\/agora.xtec.cat\/ceippractiques2-lleida\/wp-content\/uploads\/usu635\/2017\/01\/Cargol-fabufantastic-200x300.jpg 200w, https:\/\/agora.xtec.cat\/ceippractiques2-lleida\/wp-content\/uploads\/usu635\/2017\/01\/Cargol-fabufantastic-768x1155.jpg 768w, https:\/\/agora.xtec.cat\/ceippractiques2-lleida\/wp-content\/uploads\/usu635\/2017\/01\/Cargol-fabufantastic-681x1024.jpg 681w, https:\/\/agora.xtec.cat\/ceippractiques2-lleida\/wp-content\/uploads\/usu635\/2017\/01\/Cargol-fabufantastic.jpg 1541w\" sizes=\"auto, (max-width: 277px) 100vw, 277px\" \/><\/a><\/p>\n<p><span style=\"font-family: verdana,geneva,sans-serif; font-size: 20px;\">Els de tercer hem llegit el llibre &#8220;Un Cargol fabufant\u00e0stic&#8221; de l&#8217;Eul\u00e0lia Canal Aquest llibre est\u00e0 publicat per l&#8217;editorial Barcanova\u00a0 dins la col\u00b7lecci\u00f3 Sopa de llibres.<\/span><\/p>\n<p><span style=\"font-family: verdana,geneva,sans-serif; font-size: 20px;\">A part del Caragol que \u00e9s el personatge principal tamb\u00e9 surten molts m\u00e9s animals con la Vaca, la Cabra, el Camale\u00f3, la Formiga, l&#8217;Oca l&#8217;Hipop\u00f2tam i un Mussol.<\/span><\/p>\n<p><span style=\"font-family: verdana,geneva,sans-serif; font-size: 20px;\">El llibre ens explica la hist\u00f2ria d&#8217;un caragol a qui li agrada anar a l&#8217;escola i estar amb els seus companys. Li passes moltes aventures des de con\u00e8ixer a un nou professor fins a fer una festa en un pont amb tots els animals. El Caragol t\u00e9 problemes perqu\u00e8 \u00e9s el m\u00e9s lent de tots i es pensa que els dem\u00e9s no se l&#8217;estimen fins que rep moltes cartes dels seus amics.<\/span><\/p>\n<p><span style=\"font-family: verdana,geneva,sans-serif; font-size: 20px;\">El llibre ens a agradat i li hem posat un 8 de nota.<\/span><\/p>\n<p><span style=\"font-family: verdana,geneva,sans-serif; font-size: 20px;\">Ara ja estem amb ganes de llegir el pr\u00f2xim llibre que \u00e9s en castell\u00e0:&#8221;Caballero o caballera, lo sabr\u00e1s a la primera&#8221;. Esperem que ens agradi tant com el que hem llegit!\u00a0 <\/span><\/p>\n","protected":false},"excerpt":{"rendered":"<p><a href=\"http:\/\/agora.xtec.cat\/ceippractiques2-lleida\/wp-content\/uploads\/usu635\/2017\/01\/Cargol-fabufantastic.jpg\"><\/a><br \/>\nEls de tercer hem llegit el llibre &#8220;Un Cargol fabufant\u00e0stic&#8221; de l&#8217;Eul\u00e0lia Canal Aquest llibre est\u00e0 publicat per l&#8217;editorial Barcanova\u00a0 dins la col\u00b7lecci\u00f3 Sopa de llibres.<br \/>\nA part del Caragol que \u00e9s el personatge principal tamb\u00e9 surten molts m\u00e9s animals con la Vaca, la Cabra,&hellip;  <a href=\"https:\/\/agora.xtec.cat\/ceippractiques2-lleida\/general\/un-cargol-fabufantastic\/\" title=\"Read Un Cargol fabufant\u00e0stic\">Llegeix m\u00e9s\u00bb<\/a><\/p>\n","protected":false},"author":1,"featured_media":1557,"comment_status":"open","ping_status":"open","sticky":false,"template":"","format":"standard","meta":{"_bbp_topic_count":0,"_bbp_reply_count":0,"_bbp_total_topic_count":0,"_bbp_total_reply_count":0,"_bbp_voice_count":0,"_bbp_anonymous_reply_count":0,"_bbp_topic_count_hidden":0,"_bbp_reply_count_hidden":0,"_bbp_forum_subforum_count":0,"footnotes":""},"categories":[1],"tags":[],"class_list":["post-1556","post","type-post","status-publish","format-standard","has-post-thumbnail","hentry","category-general"],"post_mailing_queue_ids":[],"_links":{"self":[{"href":"https:\/\/agora.xtec.cat\/ceippractiques2-lleida\/wp-json\/wp\/v2\/posts\/1556","targetHints":{"allow":["GET"]}}],"collection":[{"href":"https:\/\/agora.xtec.cat\/ceippractiques2-lleida\/wp-json\/wp\/v2\/posts"}],"about":[{"href":"https:\/\/agora.xtec.cat\/ceippractiques2-lleida\/wp-json\/wp\/v2\/types\/post"}],"author":[{"embeddable":true,"href":"https:\/\/agora.xtec.cat\/ceippractiques2-lleida\/wp-json\/wp\/v2\/users\/1"}],"replies":[{"embeddable":true,"href":"https:\/\/agora.xtec.cat\/ceippractiques2-lleida\/wp-json\/wp\/v2\/comments?post=1556"}],"version-history":[{"count":2,"href":"https:\/\/agora.xtec.cat\/ceippractiques2-lleida\/wp-json\/wp\/v2\/posts\/1556\/revisions"}],"predecessor-version":[{"id":1559,"href":"https:\/\/agora.xtec.cat\/ceippractiques2-lleida\/wp-json\/wp\/v2\/posts\/1556\/revisions\/1559"}],"wp:featuredmedia":[{"embeddable":true,"href":"https:\/\/agora.xtec.cat\/ceippractiques2-lleida\/wp-json\/wp\/v2\/media\/1557"}],"wp:attachment":[{"href":"https:\/\/agora.xtec.cat\/ceippractiques2-lleida\/wp-json\/wp\/v2\/media?parent=1556"}],"wp:term":[{"taxonomy":"category","embeddable":true,"href":"https:\/\/agora.xtec.cat\/ceippractiques2-lleida\/wp-json\/wp\/v2\/categories?post=1556"},{"taxonomy":"post_tag","embeddable":true,"href":"https:\/\/agora.xtec.cat\/ceippractiques2-lleida\/wp-json\/wp\/v2\/tags?post=1556"}],"curies":[{"name":"wp","href":"https:\/\/api.w.org\/{rel}","templated":true}]}}