{"id":1417,"date":"2016-12-08T11:42:42","date_gmt":"2016-12-08T10:42:42","guid":{"rendered":"http:\/\/agora.xtec.cat\/ceippractiques2-lleida\/?p=1417"},"modified":"2016-12-08T11:50:56","modified_gmt":"2016-12-08T10:50:56","slug":"recomanacions-de-llibres","status":"publish","type":"post","link":"https:\/\/agora.xtec.cat\/ceippractiques2-lleida\/portada\/recomanacions-de-llibres\/","title":{"rendered":"Recomanacions de llibres."},"content":{"rendered":"<p><span style=\"font-size: 20px; font-family: verdana,geneva,sans-serif;\">Ara que arriben les festes de Nadal us proposem una s\u00e8rie de llibres agrupats per diferents edats.<\/span><\/p>\n<p><span style=\"font-size: 28px; background-color: #ffcc99; color: #800000;\">Educaci\u00f3 Infantil<\/span><\/p>\n<table style=\"border-color: #ffffff;\">\n<tbody>\n<tr>\n<td><a href=\"http:\/\/agora.xtec.cat\/ceippractiques2-lleida\/wp-content\/uploads\/usu635\/2016\/12\/Captura-de-pantalla-2016-12-08-a-les-10.34.15.png\"><img loading=\"lazy\" decoding=\"async\" class=\"wp-image-1418 aligncenter\" src=\"http:\/\/agora.xtec.cat\/ceippractiques2-lleida\/wp-content\/uploads\/usu635\/2016\/12\/Captura-de-pantalla-2016-12-08-a-les-10.34.15-292x300.png\" alt=\"captura-de-pantalla-2016-12-08-a-les-10-34-15\" width=\"173\" height=\"178\" srcset=\"https:\/\/agora.xtec.cat\/ceippractiques2-lleida\/wp-content\/uploads\/usu635\/2016\/12\/Captura-de-pantalla-2016-12-08-a-les-10.34.15-292x300.png 292w, https:\/\/agora.xtec.cat\/ceippractiques2-lleida\/wp-content\/uploads\/usu635\/2016\/12\/Captura-de-pantalla-2016-12-08-a-les-10.34.15.png 400w\" sizes=\"auto, (max-width: 173px) 100vw, 173px\" \/><\/a><\/td>\n<td><a href=\"http:\/\/agora.xtec.cat\/ceippractiques2-lleida\/wp-content\/uploads\/usu635\/2016\/12\/Captura-de-pantalla-2016-12-08-a-les-10.36.00.png\"><img loading=\"lazy\" decoding=\"async\" class=\"wp-image-1419 aligncenter\" src=\"http:\/\/agora.xtec.cat\/ceippractiques2-lleida\/wp-content\/uploads\/usu635\/2016\/12\/Captura-de-pantalla-2016-12-08-a-les-10.36.00-296x300.png\" alt=\"captura-de-pantalla-2016-12-08-a-les-10-36-00\" width=\"183\" height=\"185\" srcset=\"https:\/\/agora.xtec.cat\/ceippractiques2-lleida\/wp-content\/uploads\/usu635\/2016\/12\/Captura-de-pantalla-2016-12-08-a-les-10.36.00-296x300.png 296w, https:\/\/agora.xtec.cat\/ceippractiques2-lleida\/wp-content\/uploads\/usu635\/2016\/12\/Captura-de-pantalla-2016-12-08-a-les-10.36.00.png 403w\" sizes=\"auto, (max-width: 183px) 100vw, 183px\" \/><\/a><\/td>\n<td><a href=\"http:\/\/agora.xtec.cat\/ceippractiques2-lleida\/wp-content\/uploads\/usu635\/2016\/12\/Captura-de-pantalla-2016-12-08-a-les-10.40.34.png\"><img loading=\"lazy\" decoding=\"async\" class=\"wp-image-1421 aligncenter\" src=\"http:\/\/agora.xtec.cat\/ceippractiques2-lleida\/wp-content\/uploads\/usu635\/2016\/12\/Captura-de-pantalla-2016-12-08-a-les-10.40.34-291x300.png\" alt=\"captura-de-pantalla-2016-12-08-a-les-10-40-34\" width=\"194\" height=\"200\" srcset=\"https:\/\/agora.xtec.cat\/ceippractiques2-lleida\/wp-content\/uploads\/usu635\/2016\/12\/Captura-de-pantalla-2016-12-08-a-les-10.40.34-291x300.png 291w, https:\/\/agora.xtec.cat\/ceippractiques2-lleida\/wp-content\/uploads\/usu635\/2016\/12\/Captura-de-pantalla-2016-12-08-a-les-10.40.34.png 329w\" sizes=\"auto, (max-width: 194px) 100vw, 194px\" \/><\/a><\/td>\n<\/tr>\n<tr>\n<td><span style=\"font-size: 20px;\">Al tigre li agrada molt viatjar i<br \/>\nfa servir <\/span><span style=\"font-size: 20px;\">vehicles amb diferents<br \/>\nformes.<\/span><\/td>\n<td><span style=\"font-size: 20px;\">L&#8217;\u00f3s \u00e9s molt tafaner i vol<br \/>\nveure-ho tot, <\/span><span style=\"font-size: 20px;\">per saber de<br \/>\nquin color s\u00f3n les coses.<\/span><\/td>\n<td><span style=\"font-size: 20px;\">Descobreix com va ser que<br \/>\nun humil <\/span><span style=\"font-size: 20px;\">ti\u00f3 va esdevenir un<br \/>\n\u00e9sser m\u00e0gic que <\/span><span style=\"font-size: 20px;\">caga regals<br \/>\nla nit de Nadal.<br \/>\n<\/span><\/td>\n<\/tr>\n<\/tbody>\n<\/table>\n<p><span style=\"font-size: 28px; background-color: #ccffcc; color: #3366ff;\">Cicle Inicial<\/span><\/p>\n<table>\n<tbody>\n<tr>\n<td><a href=\"http:\/\/agora.xtec.cat\/ceippractiques2-lleida\/wp-content\/uploads\/usu635\/2016\/12\/Captura-de-pantalla-2016-12-08-a-les-10.55.25.png\"><img loading=\"lazy\" decoding=\"async\" class=\"aligncenter size-medium wp-image-1428\" src=\"http:\/\/agora.xtec.cat\/ceippractiques2-lleida\/wp-content\/uploads\/usu635\/2016\/12\/Captura-de-pantalla-2016-12-08-a-les-10.55.25-235x300.png\" alt=\"captura-de-pantalla-2016-12-08-a-les-10-55-25\" width=\"235\" height=\"300\" srcset=\"https:\/\/agora.xtec.cat\/ceippractiques2-lleida\/wp-content\/uploads\/usu635\/2016\/12\/Captura-de-pantalla-2016-12-08-a-les-10.55.25-235x300.png 235w, https:\/\/agora.xtec.cat\/ceippractiques2-lleida\/wp-content\/uploads\/usu635\/2016\/12\/Captura-de-pantalla-2016-12-08-a-les-10.55.25.png 406w\" sizes=\"auto, (max-width: 235px) 100vw, 235px\" \/><\/a><\/td>\n<td><a href=\"http:\/\/agora.xtec.cat\/ceippractiques2-lleida\/wp-content\/uploads\/usu635\/2016\/12\/Captura-de-pantalla-2016-12-08-a-les-11.01.02.png\"><img loading=\"lazy\" decoding=\"async\" class=\"aligncenter wp-image-1429\" src=\"http:\/\/agora.xtec.cat\/ceippractiques2-lleida\/wp-content\/uploads\/usu635\/2016\/12\/Captura-de-pantalla-2016-12-08-a-les-11.01.02-275x300.png\" alt=\"captura-de-pantalla-2016-12-08-a-les-11-01-02\" width=\"254\" height=\"277\" srcset=\"https:\/\/agora.xtec.cat\/ceippractiques2-lleida\/wp-content\/uploads\/usu635\/2016\/12\/Captura-de-pantalla-2016-12-08-a-les-11.01.02-275x300.png 275w, https:\/\/agora.xtec.cat\/ceippractiques2-lleida\/wp-content\/uploads\/usu635\/2016\/12\/Captura-de-pantalla-2016-12-08-a-les-11.01.02.png 324w\" sizes=\"auto, (max-width: 254px) 100vw, 254px\" \/><\/a><\/td>\n<td><a href=\"http:\/\/agora.xtec.cat\/ceippractiques2-lleida\/wp-content\/uploads\/usu635\/2016\/12\/Captura-de-pantalla-2016-12-08-a-les-11.05.17.png\"><img loading=\"lazy\" decoding=\"async\" class=\"aligncenter size-medium wp-image-1430\" src=\"http:\/\/agora.xtec.cat\/ceippractiques2-lleida\/wp-content\/uploads\/usu635\/2016\/12\/Captura-de-pantalla-2016-12-08-a-les-11.05.17-272x300.png\" alt=\"captura-de-pantalla-2016-12-08-a-les-11-05-17\" width=\"272\" height=\"300\" srcset=\"https:\/\/agora.xtec.cat\/ceippractiques2-lleida\/wp-content\/uploads\/usu635\/2016\/12\/Captura-de-pantalla-2016-12-08-a-les-11.05.17-272x300.png 272w, https:\/\/agora.xtec.cat\/ceippractiques2-lleida\/wp-content\/uploads\/usu635\/2016\/12\/Captura-de-pantalla-2016-12-08-a-les-11.05.17.png 310w\" sizes=\"auto, (max-width: 272px) 100vw, 272px\" \/><\/a><\/td>\n<\/tr>\n<tr>\n<td><span style=\"font-size: 20px;\">Un llibre ple de dades<\/span><br \/>\n<span style=\"font-size: 20px;\"> fascinants sobre els <\/span><br \/>\n<span style=\"font-size: 20px;\">tiranosaures amb peces<\/span><br \/>\n<span style=\"font-size: 20px;\"> per muntar-ne un.<\/span><\/td>\n<td style=\"vertical-align: top;\"><span style=\"font-size: 20px;\">Quan arriba la nit de Reis, nens<\/span><br \/>\n<span style=\"font-size: 20px;\"> i nenes esperen els regals que<\/span><br \/>\n<span style=\"font-size: 20px;\"> tant han desitjat, i per aix\u00f2 despr\u00e9s<\/span><br \/>\n<span style=\"font-size: 20px;\">de la Cavalcada han d\u2019anar a dormir<\/span><br \/>\n<span style=\"font-size: 20px;\"> de seguida. Els Reis d\u2019Orient saben <\/span><br \/>\n<span style=\"font-size: 20px;\">sempre el que han de fer, i si mai<\/span><br \/>\n<span style=\"font-size: 20px;\"> tenen un problema, el resolen en <\/span><br \/>\n<span style=\"font-size: 20px;\">un tres i no res.<\/span><\/td>\n<td style=\"vertical-align: top;\"><span style=\"font-size: 20px;\">Ha arribat l\u2019hivern i els bessons<\/span><br \/>\n<span style=\"font-size: 20px;\"> Paula i Marc escriuen la carta <\/span><br \/>\n<span style=\"font-size: 20px;\">als Reis d\u2019Orient. La lliuren al <\/span><br \/>\n<span style=\"font-size: 20px;\">patge reial. Tanmateix, aviat<\/span><br \/>\n<span style=\"font-size: 20px;\"> s\u2019adonen d\u2019un terrible error: <\/span><br \/>\n<span style=\"font-size: 20px;\">han oblidat de posar el remitent <\/span><br \/>\n<span style=\"font-size: 20px;\">i els Reis no trobaran la casa dels<\/span><br \/>\n<span style=\"font-size: 20px;\"> bessons!<\/span><\/td>\n<\/tr>\n<\/tbody>\n<\/table>\n<p style=\"text-align: justify;\"><span style=\"font-size: 28px; background-color: #ffff99; color: #ff0000;\">Cicle Mitj\u00e0<\/span><\/p>\n<table>\n<tbody>\n<tr>\n<td><a href=\"http:\/\/agora.xtec.cat\/ceippractiques2-lleida\/wp-content\/uploads\/usu635\/2016\/12\/Captura-de-pantalla-2016-12-08-a-les-11.10.29.png\"><img loading=\"lazy\" decoding=\"async\" class=\"aligncenter size-medium wp-image-1432\" src=\"http:\/\/agora.xtec.cat\/ceippractiques2-lleida\/wp-content\/uploads\/usu635\/2016\/12\/Captura-de-pantalla-2016-12-08-a-les-11.10.29-215x300.png\" alt=\"captura-de-pantalla-2016-12-08-a-les-11-10-29\" width=\"215\" height=\"300\" srcset=\"https:\/\/agora.xtec.cat\/ceippractiques2-lleida\/wp-content\/uploads\/usu635\/2016\/12\/Captura-de-pantalla-2016-12-08-a-les-11.10.29-215x300.png 215w, https:\/\/agora.xtec.cat\/ceippractiques2-lleida\/wp-content\/uploads\/usu635\/2016\/12\/Captura-de-pantalla-2016-12-08-a-les-11.10.29.png 404w\" sizes=\"auto, (max-width: 215px) 100vw, 215px\" \/><\/a><\/td>\n<td><a href=\"http:\/\/agora.xtec.cat\/ceippractiques2-lleida\/wp-content\/uploads\/usu635\/2016\/12\/Captura-de-pantalla-2016-12-08-a-les-11.12.44.png\"><img loading=\"lazy\" decoding=\"async\" class=\"aligncenter size-medium wp-image-1433\" src=\"http:\/\/agora.xtec.cat\/ceippractiques2-lleida\/wp-content\/uploads\/usu635\/2016\/12\/Captura-de-pantalla-2016-12-08-a-les-11.12.44-211x300.png\" alt=\"captura-de-pantalla-2016-12-08-a-les-11-12-44\" width=\"211\" height=\"300\" srcset=\"https:\/\/agora.xtec.cat\/ceippractiques2-lleida\/wp-content\/uploads\/usu635\/2016\/12\/Captura-de-pantalla-2016-12-08-a-les-11.12.44-211x300.png 211w, https:\/\/agora.xtec.cat\/ceippractiques2-lleida\/wp-content\/uploads\/usu635\/2016\/12\/Captura-de-pantalla-2016-12-08-a-les-11.12.44.png 403w\" sizes=\"auto, (max-width: 211px) 100vw, 211px\" \/><\/a><\/td>\n<td><a href=\"http:\/\/agora.xtec.cat\/ceippractiques2-lleida\/wp-content\/uploads\/usu635\/2016\/12\/Captura-de-pantalla-2016-12-08-a-les-11.15.22.png\"><img loading=\"lazy\" decoding=\"async\" class=\"aligncenter wp-image-1434\" src=\"http:\/\/agora.xtec.cat\/ceippractiques2-lleida\/wp-content\/uploads\/usu635\/2016\/12\/Captura-de-pantalla-2016-12-08-a-les-11.15.22-296x300.png\" alt=\"captura-de-pantalla-2016-12-08-a-les-11-15-22\" width=\"250\" height=\"253\" srcset=\"https:\/\/agora.xtec.cat\/ceippractiques2-lleida\/wp-content\/uploads\/usu635\/2016\/12\/Captura-de-pantalla-2016-12-08-a-les-11.15.22-296x300.png 296w, https:\/\/agora.xtec.cat\/ceippractiques2-lleida\/wp-content\/uploads\/usu635\/2016\/12\/Captura-de-pantalla-2016-12-08-a-les-11.15.22.png 445w\" sizes=\"auto, (max-width: 250px) 100vw, 250px\" \/><\/a><\/td>\n<\/tr>\n<tr>\n<td style=\"vertical-align: top;\"><span style=\"font-size: 20px;\">Llibre de preguntes sobre<\/span><br \/>\n<span style=\"font-size: 20px;\"> actes quotidians per estimular<\/span><br \/>\n<span style=\"font-size: 20px;\"> la curiositat, la reflexi\u00f3 i la <\/span><br \/>\n<span style=\"font-size: 20px;\">voluntat de q\u00fcestionar-se el<\/span><br \/>\n<span style=\"font-size: 20px;\"> m\u00f3n que ens envolta.<\/span><\/td>\n<td style=\"vertical-align: top;\"><span style=\"font-size: 20px;\">Llibre de preguntes sobre actes<\/span><br \/>\n<span style=\"font-size: 20px;\"> quotidians per estimular la<br \/>\ncuriositat, <\/span><span style=\"font-size: 20px;\">la reflexi\u00f3 i la<br \/>\nvoluntat de q\u00fcestionar-se <\/span><span style=\"font-size: 20px;\">el<br \/>\nm\u00f3n que ens envolta.<\/span><\/td>\n<td style=\"vertical-align: top;\"><span style=\"font-size: 20px;\">Con buen viento, las naves <\/span><br \/>\n<span style=\"font-size: 20px;\">de Ulises habr\u00edan tardado tres <\/span><br \/>\n<span style=\"font-size: 20px;\">o cuatro d\u00edas en regresar de Troya<\/span><br \/>\n<span style=\"font-size: 20px;\"> a \u00cdtaca, tras la famosa batalla. <\/span><br \/>\n<span style=\"font-size: 20px;\">Sin embargo, el dios Poseid\u00f3n <\/span><br \/>\n<span style=\"font-size: 20px;\">desvi\u00f3 corrientes y provoc\u00f3 tormentas,<\/span><br \/>\n<span style=\"font-size: 20px;\"> obligando a Ulises a sortear peligros <\/span><br \/>\n<span style=\"font-size: 20px;\">durante una d\u00e9cada entera en islas <\/span><br \/>\n<span style=\"font-size: 20px;\">y puertos del Mediterr\u00e1neo<\/span><\/td>\n<\/tr>\n<\/tbody>\n<\/table>\n<p><span style=\"font-size: 28px; background-color: #ccffcc; color: #993366;\">Cicle Superior<\/span><\/p>\n<table>\n<tbody>\n<tr>\n<td><a href=\"http:\/\/agora.xtec.cat\/ceippractiques2-lleida\/wp-content\/uploads\/usu635\/2016\/12\/Captura-de-pantalla-2016-12-08-a-les-11.23.00.png\"><img loading=\"lazy\" decoding=\"async\" class=\"aligncenter size-medium wp-image-1437\" src=\"http:\/\/agora.xtec.cat\/ceippractiques2-lleida\/wp-content\/uploads\/usu635\/2016\/12\/Captura-de-pantalla-2016-12-08-a-les-11.23.00-187x300.png\" alt=\"captura-de-pantalla-2016-12-08-a-les-11-23-00\" width=\"187\" height=\"300\" srcset=\"https:\/\/agora.xtec.cat\/ceippractiques2-lleida\/wp-content\/uploads\/usu635\/2016\/12\/Captura-de-pantalla-2016-12-08-a-les-11.23.00-187x300.png 187w, https:\/\/agora.xtec.cat\/ceippractiques2-lleida\/wp-content\/uploads\/usu635\/2016\/12\/Captura-de-pantalla-2016-12-08-a-les-11.23.00.png 420w\" sizes=\"auto, (max-width: 187px) 100vw, 187px\" \/><\/a><\/td>\n<td><a href=\"http:\/\/agora.xtec.cat\/ceippractiques2-lleida\/wp-content\/uploads\/usu635\/2016\/12\/Captura-de-pantalla-2016-12-08-a-les-11.33.14.png\"><img loading=\"lazy\" decoding=\"async\" class=\"aligncenter size-medium wp-image-1438\" src=\"http:\/\/agora.xtec.cat\/ceippractiques2-lleida\/wp-content\/uploads\/usu635\/2016\/12\/Captura-de-pantalla-2016-12-08-a-les-11.33.14-187x300.png\" alt=\"captura-de-pantalla-2016-12-08-a-les-11-33-14\" width=\"187\" height=\"300\" srcset=\"https:\/\/agora.xtec.cat\/ceippractiques2-lleida\/wp-content\/uploads\/usu635\/2016\/12\/Captura-de-pantalla-2016-12-08-a-les-11.33.14-187x300.png 187w, https:\/\/agora.xtec.cat\/ceippractiques2-lleida\/wp-content\/uploads\/usu635\/2016\/12\/Captura-de-pantalla-2016-12-08-a-les-11.33.14.png 420w\" sizes=\"auto, (max-width: 187px) 100vw, 187px\" \/><\/a><\/td>\n<td><a href=\"http:\/\/agora.xtec.cat\/ceippractiques2-lleida\/wp-content\/uploads\/usu635\/2016\/12\/Captura-de-pantalla-2016-12-08-a-les-11.36.52.png\"><img loading=\"lazy\" decoding=\"async\" class=\"aligncenter size-medium wp-image-1440\" src=\"http:\/\/agora.xtec.cat\/ceippractiques2-lleida\/wp-content\/uploads\/usu635\/2016\/12\/Captura-de-pantalla-2016-12-08-a-les-11.36.52-189x300.png\" alt=\"captura-de-pantalla-2016-12-08-a-les-11-36-52\" width=\"189\" height=\"300\" srcset=\"https:\/\/agora.xtec.cat\/ceippractiques2-lleida\/wp-content\/uploads\/usu635\/2016\/12\/Captura-de-pantalla-2016-12-08-a-les-11.36.52-189x300.png 189w, https:\/\/agora.xtec.cat\/ceippractiques2-lleida\/wp-content\/uploads\/usu635\/2016\/12\/Captura-de-pantalla-2016-12-08-a-les-11.36.52.png 205w\" sizes=\"auto, (max-width: 189px) 100vw, 189px\" \/><\/a><\/td>\n<\/tr>\n<tr>\n<td><span style=\"font-size: 20px;\">A les Antibarbis (la Marta, l&#8217;Eli i la<br \/>\nNao)<\/span><span style=\"font-size: 20px;\">se&#8217;ls planteja un problema:<br \/>\nel pare de <\/span><span style=\"font-size: 20px;\">l&#8217;Eli vol tornar a<br \/>\ncasar-se, per\u00f2 resulta <\/span><span style=\"font-size: 20px;\">que la<br \/>\nseva n\u00f2via \u00e9s una barbi! La<br \/>\nMarta,<\/span><span style=\"font-size: 20px;\">en lloc deguardar-li el<br \/>\nsecret a la seva <\/span><span style=\"font-size: 20px;\">amiga,<br \/>\nel comenta a l&#8217;assemblea de la<br \/>\n<\/span><span style=\"font-size: 20px;\">classe. I, \u00e9s clar, ara no ent\u00e9n<br \/>\nper qu\u00e8<\/span><span style=\"font-size: 20px;\">l&#8217;Eli l&#8217;envia a pastar fang&#8230;<\/span><\/td>\n<td style=\"vertical-align: top;\"><span style=\"font-size: 20px;\">Julia est\u00e1 en el hospital, pero<\/span><br \/>\n<span style=\"font-size: 20px;\"> su estancia all\u00ed ser\u00e1 incre\u00edble<\/span><br \/>\n<span style=\"font-size: 20px;\"> gracias a un amigo sorprendente.<\/span><\/td>\n<td style=\"vertical-align: top;\"><span style=\"font-size: 20px;\">Una hist\u00f2ria sobre la crisi i<br \/>\nla <\/span><span style=\"font-size: 20px;\">pobresa infantil<br \/>\nprotagonitzada <\/span><span style=\"font-size: 20px;\">per una fam\u00edlia<br \/>\nde classe mitjana <\/span><span style=\"font-size: 20px;\">que cau<br \/>\nen la indig\u00e8ncia i descobreix<br \/>\n<\/span><span style=\"font-size: 20px;\">la dificultat de viure\u00a0<\/span><\/td>\n<\/tr>\n<\/tbody>\n<\/table>\n<p>&nbsp;<\/p>\n<p>&nbsp;<\/p>\n","protected":false},"excerpt":{"rendered":"<p>Ara que arriben les festes de Nadal us proposem una s\u00e8rie de llibres agrupats per diferents edats.<br \/>\nEducaci\u00f3 Infantil<\/p>\n<p><a href=\"http:\/\/agora.xtec.cat\/ceippractiques2-lleida\/wp-content\/uploads\/usu635\/2016\/12\/Captura-de-pantalla-2016-12-08-a-les-10.34.15.png\"><\/a><br \/>\n<a href=\"http:\/\/agora.xtec.cat\/ceippractiques2-lleida\/wp-content\/uploads\/usu635\/2016\/12\/Captura-de-pantalla-2016-12-08-a-les-10.36.00.png\"><\/a><br \/>\n<a href=\"http:\/\/agora.xtec.cat\/ceippractiques2-lleida\/wp-content\/uploads\/usu635\/2016\/12\/Captura-de-pantalla-2016-12-08-a-les-10.40.34.png\"><\/a><\/p>\n<p>Al tigre li agrada molt viatjar i<br \/>\nfa servir vehicles amb diferents<br \/>\nformes.<br \/>\nL&#8217;\u00f3s \u00e9s molt tafaner i vol<br \/>\nveure-ho tot, per saber de<br \/>\nquin color s\u00f3n les coses.<br \/>\nDescobreix com&hellip;  <a href=\"https:\/\/agora.xtec.cat\/ceippractiques2-lleida\/portada\/recomanacions-de-llibres\/\" title=\"Read Recomanacions de llibres.\">Llegeix m\u00e9s\u00bb<\/a><\/p>\n","protected":false},"author":1,"featured_media":1418,"comment_status":"open","ping_status":"open","sticky":false,"template":"","format":"standard","meta":{"_bbp_topic_count":0,"_bbp_reply_count":0,"_bbp_total_topic_count":0,"_bbp_total_reply_count":0,"_bbp_voice_count":0,"_bbp_anonymous_reply_count":0,"_bbp_topic_count_hidden":0,"_bbp_reply_count_hidden":0,"_bbp_forum_subforum_count":0,"footnotes":""},"categories":[4],"tags":[],"class_list":["post-1417","post","type-post","status-publish","format-standard","has-post-thumbnail","hentry","category-portada"],"post_mailing_queue_ids":[],"_links":{"self":[{"href":"https:\/\/agora.xtec.cat\/ceippractiques2-lleida\/wp-json\/wp\/v2\/posts\/1417","targetHints":{"allow":["GET"]}}],"collection":[{"href":"https:\/\/agora.xtec.cat\/ceippractiques2-lleida\/wp-json\/wp\/v2\/posts"}],"about":[{"href":"https:\/\/agora.xtec.cat\/ceippractiques2-lleida\/wp-json\/wp\/v2\/types\/post"}],"author":[{"embeddable":true,"href":"https:\/\/agora.xtec.cat\/ceippractiques2-lleida\/wp-json\/wp\/v2\/users\/1"}],"replies":[{"embeddable":true,"href":"https:\/\/agora.xtec.cat\/ceippractiques2-lleida\/wp-json\/wp\/v2\/comments?post=1417"}],"version-history":[{"count":3,"href":"https:\/\/agora.xtec.cat\/ceippractiques2-lleida\/wp-json\/wp\/v2\/posts\/1417\/revisions"}],"predecessor-version":[{"id":1449,"href":"https:\/\/agora.xtec.cat\/ceippractiques2-lleida\/wp-json\/wp\/v2\/posts\/1417\/revisions\/1449"}],"wp:featuredmedia":[{"embeddable":true,"href":"https:\/\/agora.xtec.cat\/ceippractiques2-lleida\/wp-json\/wp\/v2\/media\/1418"}],"wp:attachment":[{"href":"https:\/\/agora.xtec.cat\/ceippractiques2-lleida\/wp-json\/wp\/v2\/media?parent=1417"}],"wp:term":[{"taxonomy":"category","embeddable":true,"href":"https:\/\/agora.xtec.cat\/ceippractiques2-lleida\/wp-json\/wp\/v2\/categories?post=1417"},{"taxonomy":"post_tag","embeddable":true,"href":"https:\/\/agora.xtec.cat\/ceippractiques2-lleida\/wp-json\/wp\/v2\/tags?post=1417"}],"curies":[{"name":"wp","href":"https:\/\/api.w.org\/{rel}","templated":true}]}}