{"id":1402,"date":"2016-11-29T09:19:03","date_gmt":"2016-11-29T08:19:03","guid":{"rendered":"http:\/\/agora.xtec.cat\/ceippractiques2-lleida\/?p=1402"},"modified":"2016-11-29T16:46:59","modified_gmt":"2016-11-29T15:46:59","slug":"fruita-a-lescola-4","status":"publish","type":"post","link":"https:\/\/agora.xtec.cat\/ceippractiques2-lleida\/portada\/fruita-a-lescola-4\/","title":{"rendered":"Fruita  a l&#8217;escola"},"content":{"rendered":"<p><span style=\"font-size: 20px; font-family: verdana,geneva,sans-serif;\">Aquest curs tornem a gaudir de fruita per esmorzar al&#8217;escola dins el\u00a0 <strong>Pla de Consum de fruita a les escoles,<\/strong>\u00a0promogut perla Uni\u00f3 Europea i el Departament d&#8217;Agricultura,Ramaderia , Pesca i Alimentaci\u00f3 de la Generalitat de Catalunya. Hi haur\u00e0 fruita una setmana al mes, des del gener fins al juny<b>, <\/b>a part del repartiment d&#8217;aquesta setmana:<\/span><\/p>\n<p style=\"padding-left: 210px;\"><span style=\"font-size: 20px; font-family: verdana,geneva,sans-serif;\">dimarts 29 &#8230;&#8230;&#8230;.. ra\u00efm<\/span><br \/>\n<span style=\"font-size: 20px; font-family: verdana,geneva,sans-serif;\"> dimecres 30 &#8230;&#8230;&#8230; pera<\/span><br \/>\n<span style=\"font-size: 20px; font-family: verdana,geneva,sans-serif;\"> dijous 1 &#8230;&#8230;&#8230;&#8230;&#8230;\u00a0 mandarina<\/span><br \/>\n<span style=\"font-size: 20px; font-family: verdana,geneva,sans-serif;\"> divendres 2 &#8230;&#8230;&#8230; poma<\/span><\/p>\n<p><a href=\"http:\/\/agora.xtec.cat\/ceippractiques2-lleida\/wp-content\/uploads\/usu635\/2016\/11\/fruita-novembre-2016.png\"><img loading=\"lazy\" decoding=\"async\" class=\"aligncenter wp-image-1404\" src=\"http:\/\/agora.xtec.cat\/ceippractiques2-lleida\/wp-content\/uploads\/usu635\/2016\/11\/fruita-novembre-2016-300x63.png\" alt=\"fruita-novembre-2016\" width=\"671\" height=\"141\" srcset=\"https:\/\/agora.xtec.cat\/ceippractiques2-lleida\/wp-content\/uploads\/usu635\/2016\/11\/fruita-novembre-2016-300x63.png 300w, https:\/\/agora.xtec.cat\/ceippractiques2-lleida\/wp-content\/uploads\/usu635\/2016\/11\/fruita-novembre-2016.png 744w\" sizes=\"auto, (max-width: 671px) 100vw, 671px\" \/><\/a><\/p>\n<p><span style=\"font-size: 20px; font-family: verdana,geneva,sans-serif;\"><strong>Per la salut millorar, fruita hem de menjar! <\/strong><\/span><\/p>\n<p><span style=\"font-size: 20px; font-family: verdana,geneva,sans-serif;\"><strong>Per les seves propietats, proximitat i temporalitat, cap aliment com la fruita!<\/strong><\/span><\/p>\n","protected":false},"excerpt":{"rendered":"<p>Aquest curs tornem a gaudir de fruita per esmorzar al&#8217;escola dins el\u00a0 Pla de Consum de fruita a les escoles,\u00a0promogut perla Uni\u00f3 Europea i el Departament d&#8217;Agricultura,Ramaderia , Pesca i Alimentaci\u00f3 de la Generalitat de Catalunya. Hi haur\u00e0 fruita una setmana al mes, des del&hellip;  <a href=\"https:\/\/agora.xtec.cat\/ceippractiques2-lleida\/portada\/fruita-a-lescola-4\/\" title=\"Read Fruita  a l&#8217;escola\">Llegeix m\u00e9s\u00bb<\/a><\/p>\n","protected":false},"author":1,"featured_media":1404,"comment_status":"open","ping_status":"open","sticky":false,"template":"","format":"standard","meta":{"_bbp_topic_count":0,"_bbp_reply_count":0,"_bbp_total_topic_count":0,"_bbp_total_reply_count":0,"_bbp_voice_count":0,"_bbp_anonymous_reply_count":0,"_bbp_topic_count_hidden":0,"_bbp_reply_count_hidden":0,"_bbp_forum_subforum_count":0,"footnotes":""},"categories":[4],"tags":[],"class_list":["post-1402","post","type-post","status-publish","format-standard","has-post-thumbnail","hentry","category-portada"],"post_mailing_queue_ids":[],"_links":{"self":[{"href":"https:\/\/agora.xtec.cat\/ceippractiques2-lleida\/wp-json\/wp\/v2\/posts\/1402","targetHints":{"allow":["GET"]}}],"collection":[{"href":"https:\/\/agora.xtec.cat\/ceippractiques2-lleida\/wp-json\/wp\/v2\/posts"}],"about":[{"href":"https:\/\/agora.xtec.cat\/ceippractiques2-lleida\/wp-json\/wp\/v2\/types\/post"}],"author":[{"embeddable":true,"href":"https:\/\/agora.xtec.cat\/ceippractiques2-lleida\/wp-json\/wp\/v2\/users\/1"}],"replies":[{"embeddable":true,"href":"https:\/\/agora.xtec.cat\/ceippractiques2-lleida\/wp-json\/wp\/v2\/comments?post=1402"}],"version-history":[{"count":3,"href":"https:\/\/agora.xtec.cat\/ceippractiques2-lleida\/wp-json\/wp\/v2\/posts\/1402\/revisions"}],"predecessor-version":[{"id":1415,"href":"https:\/\/agora.xtec.cat\/ceippractiques2-lleida\/wp-json\/wp\/v2\/posts\/1402\/revisions\/1415"}],"wp:featuredmedia":[{"embeddable":true,"href":"https:\/\/agora.xtec.cat\/ceippractiques2-lleida\/wp-json\/wp\/v2\/media\/1404"}],"wp:attachment":[{"href":"https:\/\/agora.xtec.cat\/ceippractiques2-lleida\/wp-json\/wp\/v2\/media?parent=1402"}],"wp:term":[{"taxonomy":"category","embeddable":true,"href":"https:\/\/agora.xtec.cat\/ceippractiques2-lleida\/wp-json\/wp\/v2\/categories?post=1402"},{"taxonomy":"post_tag","embeddable":true,"href":"https:\/\/agora.xtec.cat\/ceippractiques2-lleida\/wp-json\/wp\/v2\/tags?post=1402"}],"curies":[{"name":"wp","href":"https:\/\/api.w.org\/{rel}","templated":true}]}}