{"id":1376,"date":"2016-11-11T13:00:26","date_gmt":"2016-11-11T12:00:26","guid":{"rendered":"http:\/\/agora.xtec.cat\/ceippractiques2-lleida\/?p=1376"},"modified":"2016-12-22T18:09:02","modified_gmt":"2016-12-22T17:09:02","slug":"larxiu-municipal","status":"publish","type":"post","link":"https:\/\/agora.xtec.cat\/ceippractiques2-lleida\/portada\/larxiu-municipal\/","title":{"rendered":"L&#8217;arxiu municipal"},"content":{"rendered":"<p><span style=\"font-size: 20px; font-family: verdana,geneva,sans-serif;\">El 27 d\u2019octubre de 2016 els alumnes de quart de la nostra escola vam visitar la Paeria i l\u2019Arxiu Municipal de Lleida.<\/span><\/p>\n<p><span style=\"font-size: 20px; font-family: verdana,geneva,sans-serif;\">L\u2019arxivera, la Iolanda Enjuanes, ens va explicar la funci\u00f3 d\u2019un arxiu i la forma d\u2019organitzar-lo per conservar i guardar la documentaci\u00f3 m\u00e9s important. A les depend\u00e8ncies de l\u2019Arxiu vam poder admirar \u201cl\u2019Armari de les cinc claus\u201d, que antigament servia per guardar els documents m\u00e9s importants de la Paeria. Del seus 48 calaixos en manca el n\u00famero 39 i aix\u00f2 ens ha motivat per escriure un relat que expliqui aquest fet amb el lema \u201cQu\u00e8 se n\u2019ha fet del calaix desaparegut?\u201d.<\/span><\/p>\n<p><span style=\"font-size: 20px; font-family: verdana,geneva,sans-serif;\">Tamb\u00e9 vam visitar l\u2019edifici de la Paeria, la seva fa\u00e7ana, el Sal\u00f3 de Plens i el retaule de la Verge dels Paers.<\/span><\/p>\n<p><span style=\"font-size: 20px; font-family: verdana,geneva,sans-serif;\">Va ser una visita molt interessant.<\/span><\/p>\n<p><a href=\"http:\/\/agora.xtec.cat\/ceippractiques2-lleida\/wp-content\/uploads\/usu635\/2016\/11\/Visita-Paeria_PractiquesII_4art-e1482426437416.jpg\"><img loading=\"lazy\" decoding=\"async\" class=\"aligncenter  wp-image-1383\" src=\"http:\/\/agora.xtec.cat\/ceippractiques2-lleida\/wp-content\/uploads\/usu635\/2016\/11\/Visita-Paeria_PractiquesII_4art-e1482426437416.jpg\" alt=\"visita-paeria_practiquesii_4art\" width=\"533\" height=\"300\" \/><\/a><\/p>\n<p><a href=\"http:\/\/agora.xtec.cat\/ceippractiques2-lleida\/wp-content\/uploads\/usu635\/2016\/11\/IMG_3237-e1482426207742.jpg\"><img loading=\"lazy\" decoding=\"async\" class=\"aligncenter  wp-image-1382\" src=\"http:\/\/agora.xtec.cat\/ceippractiques2-lleida\/wp-content\/uploads\/usu635\/2016\/11\/IMG_3237-e1482426207742.jpg\" alt=\"img_3237\" width=\"540\" height=\"405\" \/><\/a><\/p>\n<p><a href=\"http:\/\/agora.xtec.cat\/ceippractiques2-lleida\/wp-content\/uploads\/usu635\/2016\/11\/IMG_3226-e1482426228734.jpg\"><img loading=\"lazy\" decoding=\"async\" class=\"aligncenter  wp-image-1381\" src=\"http:\/\/agora.xtec.cat\/ceippractiques2-lleida\/wp-content\/uploads\/usu635\/2016\/11\/IMG_3226-e1482426228734.jpg\" alt=\"img_3226\" width=\"534\" height=\"400\" \/><\/a><\/p>\n<p><a href=\"http:\/\/agora.xtec.cat\/ceippractiques2-lleida\/wp-content\/uploads\/usu635\/2016\/11\/IMG_3245-e1482426249722.jpg\"><img loading=\"lazy\" decoding=\"async\" class=\"aligncenter  wp-image-1380\" src=\"http:\/\/agora.xtec.cat\/ceippractiques2-lleida\/wp-content\/uploads\/usu635\/2016\/11\/IMG_3245-e1482426249722.jpg\" alt=\"img_3245\" width=\"530\" height=\"398\" \/><\/a><\/p>\n<p><a href=\"http:\/\/agora.xtec.cat\/ceippractiques2-lleida\/wp-content\/uploads\/usu635\/2016\/11\/IMG_3243-e1482426267836.jpg\"><img loading=\"lazy\" decoding=\"async\" class=\"aligncenter  wp-image-1379\" src=\"http:\/\/agora.xtec.cat\/ceippractiques2-lleida\/wp-content\/uploads\/usu635\/2016\/11\/IMG_3243-e1482426267836.jpg\" alt=\"img_3243\" width=\"518\" height=\"388\" \/><\/a><\/p>\n<p>&nbsp;<\/p>\n<p>&nbsp;<\/p>\n<p>&nbsp;<\/p>\n","protected":false},"excerpt":{"rendered":"<p>El 27 d\u2019octubre de 2016 els alumnes de quart de la nostra escola vam visitar la Paeria i l\u2019Arxiu Municipal de Lleida.<br \/>\nL\u2019arxivera, la Iolanda Enjuanes, ens va explicar la funci\u00f3 d\u2019un arxiu i la forma d\u2019organitzar-lo per conservar i guardar la documentaci\u00f3 m\u00e9s important. A&hellip;  <a href=\"https:\/\/agora.xtec.cat\/ceippractiques2-lleida\/portada\/larxiu-municipal\/\" title=\"Read L&#8217;arxiu municipal\">Llegeix m\u00e9s\u00bb<\/a><\/p>\n","protected":false},"author":1,"featured_media":1383,"comment_status":"open","ping_status":"open","sticky":false,"template":"","format":"standard","meta":{"_bbp_topic_count":0,"_bbp_reply_count":0,"_bbp_total_topic_count":0,"_bbp_total_reply_count":0,"_bbp_voice_count":0,"_bbp_anonymous_reply_count":0,"_bbp_topic_count_hidden":0,"_bbp_reply_count_hidden":0,"_bbp_forum_subforum_count":0,"footnotes":""},"categories":[4],"tags":[],"class_list":["post-1376","post","type-post","status-publish","format-standard","has-post-thumbnail","hentry","category-portada"],"post_mailing_queue_ids":[],"_links":{"self":[{"href":"https:\/\/agora.xtec.cat\/ceippractiques2-lleida\/wp-json\/wp\/v2\/posts\/1376","targetHints":{"allow":["GET"]}}],"collection":[{"href":"https:\/\/agora.xtec.cat\/ceippractiques2-lleida\/wp-json\/wp\/v2\/posts"}],"about":[{"href":"https:\/\/agora.xtec.cat\/ceippractiques2-lleida\/wp-json\/wp\/v2\/types\/post"}],"author":[{"embeddable":true,"href":"https:\/\/agora.xtec.cat\/ceippractiques2-lleida\/wp-json\/wp\/v2\/users\/1"}],"replies":[{"embeddable":true,"href":"https:\/\/agora.xtec.cat\/ceippractiques2-lleida\/wp-json\/wp\/v2\/comments?post=1376"}],"version-history":[{"count":3,"href":"https:\/\/agora.xtec.cat\/ceippractiques2-lleida\/wp-json\/wp\/v2\/posts\/1376\/revisions"}],"predecessor-version":[{"id":1530,"href":"https:\/\/agora.xtec.cat\/ceippractiques2-lleida\/wp-json\/wp\/v2\/posts\/1376\/revisions\/1530"}],"wp:featuredmedia":[{"embeddable":true,"href":"https:\/\/agora.xtec.cat\/ceippractiques2-lleida\/wp-json\/wp\/v2\/media\/1383"}],"wp:attachment":[{"href":"https:\/\/agora.xtec.cat\/ceippractiques2-lleida\/wp-json\/wp\/v2\/media?parent=1376"}],"wp:term":[{"taxonomy":"category","embeddable":true,"href":"https:\/\/agora.xtec.cat\/ceippractiques2-lleida\/wp-json\/wp\/v2\/categories?post=1376"},{"taxonomy":"post_tag","embeddable":true,"href":"https:\/\/agora.xtec.cat\/ceippractiques2-lleida\/wp-json\/wp\/v2\/tags?post=1376"}],"curies":[{"name":"wp","href":"https:\/\/api.w.org\/{rel}","templated":true}]}}