{"id":1243,"date":"2016-10-04T17:54:01","date_gmt":"2016-10-04T16:54:01","guid":{"rendered":"http:\/\/agora.xtec.cat\/ceippractiques2-lleida\/?p=1243"},"modified":"2016-10-04T19:16:03","modified_gmt":"2016-10-04T18:16:03","slug":"llibres-per-als-lectors-deducacio-infantil","status":"publish","type":"post","link":"https:\/\/agora.xtec.cat\/ceippractiques2-lleida\/general\/llibres-per-als-lectors-deducacio-infantil\/","title":{"rendered":"Llibres per als lectors d&#8217;educaci\u00f3 infantil"},"content":{"rendered":"<p><span style=\"font-size: 20px; font-family: verdana,geneva,sans-serif;\">Per acompanyar als m\u00e9s menuts en els primers passos en el m\u00f3n de la lectura us proposem els seg\u00fcents t\u00edtols:<\/span><\/p>\n<ul style=\"list-style-type: disc;\">\n<li><a href=\"http:\/\/agora.xtec.cat\/ceippractiques2-lleida\/wp-content\/uploads\/usu635\/2016\/10\/Captura-de-pantalla-2016-10-04-a-les-18.01.37.png\"><img loading=\"lazy\" decoding=\"async\" class=\"aligncenter wp-image-1249 size-medium\" src=\"http:\/\/agora.xtec.cat\/ceippractiques2-lleida\/wp-content\/uploads\/usu635\/2016\/10\/Captura-de-pantalla-2016-10-04-a-les-18.01.37-300x300.png\" alt=\"captura-de-pantalla-2016-10-04-a-les-18-01-37\" width=\"300\" height=\"300\" srcset=\"https:\/\/agora.xtec.cat\/ceippractiques2-lleida\/wp-content\/uploads\/usu635\/2016\/10\/Captura-de-pantalla-2016-10-04-a-les-18.01.37-300x300.png 300w, https:\/\/agora.xtec.cat\/ceippractiques2-lleida\/wp-content\/uploads\/usu635\/2016\/10\/Captura-de-pantalla-2016-10-04-a-les-18.01.37-150x150.png 150w, https:\/\/agora.xtec.cat\/ceippractiques2-lleida\/wp-content\/uploads\/usu635\/2016\/10\/Captura-de-pantalla-2016-10-04-a-les-18.01.37.png 605w\" sizes=\"auto, (max-width: 300px) 100vw, 300px\" \/><\/a><\/li>\n<\/ul>\n<p><span style=\"font-size: 20px; font-family: verdana,geneva,sans-serif;\">Per evitar les celebracions forasteres com el <em>Halloween<\/em>\u00a0 fes la castanyada menjant castanyes, moniatos i panellets i cantant la can\u00e7\u00f3 <em>La castanyera<\/em>!<\/span><\/p>\n<ul style=\"list-style-type: disc;\">\n<li><a href=\"http:\/\/agora.xtec.cat\/ceippractiques2-lleida\/wp-content\/uploads\/usu635\/2016\/10\/Captura-de-pantalla-2016-10-04-a-les-17.59.30.png\"><img loading=\"lazy\" decoding=\"async\" class=\"aligncenter wp-image-1250 size-medium\" src=\"http:\/\/agora.xtec.cat\/ceippractiques2-lleida\/wp-content\/uploads\/usu635\/2016\/10\/Captura-de-pantalla-2016-10-04-a-les-17.59.30-300x300.png\" alt=\"captura-de-pantalla-2016-10-04-a-les-17-59-30\" width=\"300\" height=\"300\" srcset=\"https:\/\/agora.xtec.cat\/ceippractiques2-lleida\/wp-content\/uploads\/usu635\/2016\/10\/Captura-de-pantalla-2016-10-04-a-les-17.59.30-300x300.png 300w, https:\/\/agora.xtec.cat\/ceippractiques2-lleida\/wp-content\/uploads\/usu635\/2016\/10\/Captura-de-pantalla-2016-10-04-a-les-17.59.30-150x150.png 150w, https:\/\/agora.xtec.cat\/ceippractiques2-lleida\/wp-content\/uploads\/usu635\/2016\/10\/Captura-de-pantalla-2016-10-04-a-les-17.59.30.png 657w\" sizes=\"auto, (max-width: 300px) 100vw, 300px\" \/><\/a><\/li>\n<\/ul>\n<p><span style=\"font-size: 20px; font-family: verdana,geneva,sans-serif;\">Les \u00e0vies fan una feina impagable. L&#8217; \u00e0via \u00e9s un personatge entranyable en la fam\u00edlia i sovint els petits de la casa estableixen amb ella una relaci\u00f3 molt ferma. L&#8217; \u00e0via del nostre conte \u00e9s una fada fadrina: \u00e9s imaginativa, generosa, tendra i molt s\u00e0via. \u00c9s un personatge en el qual els infants troben un referent i la complicitat que cerquen.<\/span><\/p>\n","protected":false},"excerpt":{"rendered":"<p>Per acompanyar als m\u00e9s menuts en els primers passos en el m\u00f3n de la lectura us proposem els seg\u00fcents t\u00edtols:<\/p>\n<ul style=\"list-style-type: disc;\">\n<li><a href=\"http:\/\/agora.xtec.cat\/ceippractiques2-lleida\/wp-content\/uploads\/usu635\/2016\/10\/Captura-de-pantalla-2016-10-04-a-les-18.01.37.png\"><\/a><\/li>\n<\/ul>\n<p>Per evitar les celebracions forasteres com el Halloween\u00a0 fes la castanyada menjant castanyes, moniatos i panellets i cantant la can\u00e7\u00f3 La castanyera!<\/p>\n<ul style=\"list-style-type:&hellip;  <a href=\"https:\/\/agora.xtec.cat\/ceippractiques2-lleida\/general\/llibres-per-als-lectors-deducacio-infantil\/\" title=\"Read Llibres per als lectors d&#8217;educaci\u00f3 infantil\">Llegeix m\u00e9s\u00bb<\/a><\/p>\n","protected":false},"author":1,"featured_media":0,"comment_status":"open","ping_status":"open","sticky":false,"template":"","format":"standard","meta":{"_bbp_topic_count":0,"_bbp_reply_count":0,"_bbp_total_topic_count":0,"_bbp_total_reply_count":0,"_bbp_voice_count":0,"_bbp_anonymous_reply_count":0,"_bbp_topic_count_hidden":0,"_bbp_reply_count_hidden":0,"_bbp_forum_subforum_count":0,"footnotes":""},"categories":[1],"tags":[],"class_list":["post-1243","post","type-post","status-publish","format-standard","hentry","category-general"],"post_mailing_queue_ids":[],"_links":{"self":[{"href":"https:\/\/agora.xtec.cat\/ceippractiques2-lleida\/wp-json\/wp\/v2\/posts\/1243","targetHints":{"allow":["GET"]}}],"collection":[{"href":"https:\/\/agora.xtec.cat\/ceippractiques2-lleida\/wp-json\/wp\/v2\/posts"}],"about":[{"href":"https:\/\/agora.xtec.cat\/ceippractiques2-lleida\/wp-json\/wp\/v2\/types\/post"}],"author":[{"embeddable":true,"href":"https:\/\/agora.xtec.cat\/ceippractiques2-lleida\/wp-json\/wp\/v2\/users\/1"}],"replies":[{"embeddable":true,"href":"https:\/\/agora.xtec.cat\/ceippractiques2-lleida\/wp-json\/wp\/v2\/comments?post=1243"}],"version-history":[{"count":3,"href":"https:\/\/agora.xtec.cat\/ceippractiques2-lleida\/wp-json\/wp\/v2\/posts\/1243\/revisions"}],"predecessor-version":[{"id":1251,"href":"https:\/\/agora.xtec.cat\/ceippractiques2-lleida\/wp-json\/wp\/v2\/posts\/1243\/revisions\/1251"}],"wp:attachment":[{"href":"https:\/\/agora.xtec.cat\/ceippractiques2-lleida\/wp-json\/wp\/v2\/media?parent=1243"}],"wp:term":[{"taxonomy":"category","embeddable":true,"href":"https:\/\/agora.xtec.cat\/ceippractiques2-lleida\/wp-json\/wp\/v2\/categories?post=1243"},{"taxonomy":"post_tag","embeddable":true,"href":"https:\/\/agora.xtec.cat\/ceippractiques2-lleida\/wp-json\/wp\/v2\/tags?post=1243"}],"curies":[{"name":"wp","href":"https:\/\/api.w.org\/{rel}","templated":true}]}}