{"id":1227,"date":"2016-09-28T13:19:03","date_gmt":"2016-09-28T12:19:03","guid":{"rendered":"http:\/\/agora.xtec.cat\/ceippractiques2-lleida\/?p=1227"},"modified":"2016-09-28T13:23:26","modified_gmt":"2016-09-28T12:23:26","slug":"obrim-la-biblioteca","status":"publish","type":"post","link":"https:\/\/agora.xtec.cat\/ceippractiques2-lleida\/general\/obrim-la-biblioteca\/","title":{"rendered":"Obrim la biblioteca!"},"content":{"rendered":"<p><span style=\"font-size: 20px; font-family: verdana,geneva,sans-serif;\">La Biblioteca ja \u00e9s a punt!<\/span><\/p>\n<p><span style=\"font-size: 20px; font-family: verdana,geneva,sans-serif;\"><a href=\"http:\/\/agora.xtec.cat\/ceippractiques2-lleida\/wp-content\/uploads\/usu635\/2016\/01\/cadd-library-5.jpg\"><img loading=\"lazy\" decoding=\"async\" class=\"alignleft wp-image-1223\" src=\"http:\/\/agora.xtec.cat\/ceippractiques2-lleida\/wp-content\/uploads\/usu635\/2016\/01\/cadd-library-5-1024x631.jpg\" alt=\"cadd-library-5\" width=\"402\" height=\"248\" srcset=\"https:\/\/agora.xtec.cat\/ceippractiques2-lleida\/wp-content\/uploads\/usu635\/2016\/01\/cadd-library-5-1024x631.jpg 1024w, https:\/\/agora.xtec.cat\/ceippractiques2-lleida\/wp-content\/uploads\/usu635\/2016\/01\/cadd-library-5-300x185.jpg 300w, https:\/\/agora.xtec.cat\/ceippractiques2-lleida\/wp-content\/uploads\/usu635\/2016\/01\/cadd-library-5-768x473.jpg 768w, https:\/\/agora.xtec.cat\/ceippractiques2-lleida\/wp-content\/uploads\/usu635\/2016\/01\/cadd-library-5.jpg 1200w\" sizes=\"auto, (max-width: 402px) 100vw, 402px\" \/><\/a>El proper dimarts, 7 d\u2019octubre, comen\u00e7ar\u00e0 el pr\u00e9stec de la Biblioteca. L\u2019horari ser\u00e0 de 16:30 h. a 17:15 h.<\/span><\/p>\n<p><span style=\"font-size: 20px; font-family: verdana,geneva,sans-serif;\"> Animem a totes les fam\u00edlies a acompanyar els vostres fills i endinsar-los en els fant\u00e0stic <\/span><span style=\"font-size: 20px; font-family: verdana,geneva,sans-serif;\">m\u00f3n de la lectura.<\/span><\/p>\n","protected":false},"excerpt":{"rendered":"<p>La Biblioteca ja \u00e9s a punt!<br \/>\n<a href=\"http:\/\/agora.xtec.cat\/ceippractiques2-lleida\/wp-content\/uploads\/usu635\/2016\/01\/cadd-library-5.jpg\"><\/a>El proper dimarts, 7 d\u2019octubre, comen\u00e7ar\u00e0 el pr\u00e9stec de la Biblioteca. L\u2019horari ser\u00e0 de 16:30 h. a 17:15 h.<br \/>\n Animem a totes les fam\u00edlies a acompanyar els vostres fills i endinsar-los en els fant\u00e0stic m\u00f3n de la lectura.<\/p>\n","protected":false},"author":1,"featured_media":0,"comment_status":"open","ping_status":"open","sticky":false,"template":"","format":"standard","meta":{"_bbp_topic_count":0,"_bbp_reply_count":0,"_bbp_total_topic_count":0,"_bbp_total_reply_count":0,"_bbp_voice_count":0,"_bbp_anonymous_reply_count":0,"_bbp_topic_count_hidden":0,"_bbp_reply_count_hidden":0,"_bbp_forum_subforum_count":0,"footnotes":""},"categories":[1,4],"tags":[],"class_list":["post-1227","post","type-post","status-publish","format-standard","hentry","category-general","category-portada"],"post_mailing_queue_ids":[],"_links":{"self":[{"href":"https:\/\/agora.xtec.cat\/ceippractiques2-lleida\/wp-json\/wp\/v2\/posts\/1227","targetHints":{"allow":["GET"]}}],"collection":[{"href":"https:\/\/agora.xtec.cat\/ceippractiques2-lleida\/wp-json\/wp\/v2\/posts"}],"about":[{"href":"https:\/\/agora.xtec.cat\/ceippractiques2-lleida\/wp-json\/wp\/v2\/types\/post"}],"author":[{"embeddable":true,"href":"https:\/\/agora.xtec.cat\/ceippractiques2-lleida\/wp-json\/wp\/v2\/users\/1"}],"replies":[{"embeddable":true,"href":"https:\/\/agora.xtec.cat\/ceippractiques2-lleida\/wp-json\/wp\/v2\/comments?post=1227"}],"version-history":[{"count":3,"href":"https:\/\/agora.xtec.cat\/ceippractiques2-lleida\/wp-json\/wp\/v2\/posts\/1227\/revisions"}],"predecessor-version":[{"id":1230,"href":"https:\/\/agora.xtec.cat\/ceippractiques2-lleida\/wp-json\/wp\/v2\/posts\/1227\/revisions\/1230"}],"wp:attachment":[{"href":"https:\/\/agora.xtec.cat\/ceippractiques2-lleida\/wp-json\/wp\/v2\/media?parent=1227"}],"wp:term":[{"taxonomy":"category","embeddable":true,"href":"https:\/\/agora.xtec.cat\/ceippractiques2-lleida\/wp-json\/wp\/v2\/categories?post=1227"},{"taxonomy":"post_tag","embeddable":true,"href":"https:\/\/agora.xtec.cat\/ceippractiques2-lleida\/wp-json\/wp\/v2\/tags?post=1227"}],"curies":[{"name":"wp","href":"https:\/\/api.w.org\/{rel}","templated":true}]}}