{"id":1217,"date":"2016-09-26T12:56:42","date_gmt":"2016-09-26T11:56:42","guid":{"rendered":"http:\/\/agora.xtec.cat\/ceippractiques2-lleida\/?p=1217"},"modified":"2016-10-03T20:38:03","modified_gmt":"2016-10-03T19:38:03","slug":"reunions","status":"publish","type":"post","link":"https:\/\/agora.xtec.cat\/ceippractiques2-lleida\/portada\/reunions\/","title":{"rendered":"Reunions informatives inici de curs."},"content":{"rendered":"<p><span style=\"font-family: verdana,geneva,sans-serif; font-size: 20px;\">Benvolguts\/des,<\/span><\/p>\n<p><span style=\"font-family: verdana,geneva,sans-serif; font-size: 20px;\">Despr\u00e9s d&#8217;haver comen\u00e7at el curs escolar, ens agradaria compartir amb<\/span><br \/>\n<span style=\"font-family: verdana,geneva,sans-serif; font-size: 20px;\"> vosaltres els aspectes de l&#8217;organitzaci\u00f3 general del Centre que cal tenir<\/span><br \/>\n<span style=\"font-family: verdana,geneva,sans-serif; font-size: 20px;\"> en compte per al curs 2016-17 i la planificaci\u00f3 per a cada nivell educatiu.<\/span><\/p>\n<p><span style=\"font-family: verdana,geneva,sans-serif; font-size: 20px;\">Pensem que \u00e9s important la vostra assist\u00e8ncia a la reuni\u00f3 de pares i mares,<\/span><br \/>\n<span style=\"font-family: verdana,geneva,sans-serif; font-size: 20px;\"> que tindr\u00e0 el seg\u00fcent calendari:<\/span><\/p>\n<table style=\"height: 243px;\" width=\"750\" cellspacing=\"10\" cellpadding=\"5\">\n<tbody>\n<tr>\n<td><a href=\"http:\/\/agora.xtec.cat\/ceippractiques2-lleida\/wp-content\/uploads\/usu635\/2016\/09\/Reunionsfamilies.jpg\"><img loading=\"lazy\" decoding=\"async\" class=\"aligncenter wp-image-1219\" src=\"http:\/\/agora.xtec.cat\/ceippractiques2-lleida\/wp-content\/uploads\/usu635\/2016\/09\/Reunionsfamilies.jpg\" alt=\"reunionsfamilies\" width=\"226\" height=\"240\" \/><\/a><\/td>\n<td>\n<p style=\"text-align: center;\"><span style=\"font-size: 16px; font-family: verdana,geneva,sans-serif;\"><strong>EDUCACI\u00d3 INFANTIL:<\/strong> dimarts 4 d&#8217;octubre<\/span><\/p>\n<p style=\"text-align: center;\"><span style=\"font-size: 16px; font-family: verdana,geneva,sans-serif;\"> <strong>CICLE INICIAL:<\/strong> dimarts 27 de setembre<\/span><\/p>\n<p style=\"text-align: center;\"><span style=\"font-size: 16px; font-family: verdana,geneva,sans-serif;\"> <strong>CICLE MITJ\u00c0: <\/strong>dijous 6 d&#8217;octubre<\/span><\/p>\n<p style=\"text-align: center;\"><span style=\"font-size: 16px; font-family: verdana,geneva,sans-serif;\"> <strong>CICLE SUPERIOR<\/strong>: Dimecres 5 d&#8217;octubre<\/span><\/p>\n<\/td>\n<\/tr>\n<\/tbody>\n<\/table>\n<p><span style=\"font-size: 20px; font-family: verdana,geneva,sans-serif;\">Totes les reunions tindran lloc a les 19:30 h., primer al menjador de l&#8217;escola <\/span><span style=\"font-size: 20px; font-family: verdana,geneva,sans-serif;\">i despr\u00e9s a les classes del nivell corresponent dels vostres fills i filles. Per tal <\/span><span style=\"font-size: 20px; font-family: verdana,geneva,sans-serif;\">de facilitar les reunions, es recomana que els nens i nenes no hi assisteixin.<\/span><\/p>\n","protected":false},"excerpt":{"rendered":"<p>Benvolguts\/des,<br \/>\nDespr\u00e9s d&#8217;haver comen\u00e7at el curs escolar, ens agradaria compartir amb<br \/>\n vosaltres els aspectes de l&#8217;organitzaci\u00f3 general del Centre que cal tenir<br \/>\n en compte per al curs 2016-17 i la planificaci\u00f3 per a cada nivell educatiu.<br \/>\nPensem que \u00e9s important la vostra assist\u00e8ncia a la reuni\u00f3 de&hellip;  <a href=\"https:\/\/agora.xtec.cat\/ceippractiques2-lleida\/portada\/reunions\/\" title=\"Read Reunions informatives inici de curs.\">Llegeix m\u00e9s\u00bb<\/a><\/p>\n","protected":false},"author":1,"featured_media":0,"comment_status":"open","ping_status":"open","sticky":false,"template":"","format":"standard","meta":{"_bbp_topic_count":0,"_bbp_reply_count":0,"_bbp_total_topic_count":0,"_bbp_total_reply_count":0,"_bbp_voice_count":0,"_bbp_anonymous_reply_count":0,"_bbp_topic_count_hidden":0,"_bbp_reply_count_hidden":0,"_bbp_forum_subforum_count":0,"footnotes":""},"categories":[4],"tags":[],"class_list":["post-1217","post","type-post","status-publish","format-standard","hentry","category-portada"],"post_mailing_queue_ids":[],"_links":{"self":[{"href":"https:\/\/agora.xtec.cat\/ceippractiques2-lleida\/wp-json\/wp\/v2\/posts\/1217","targetHints":{"allow":["GET"]}}],"collection":[{"href":"https:\/\/agora.xtec.cat\/ceippractiques2-lleida\/wp-json\/wp\/v2\/posts"}],"about":[{"href":"https:\/\/agora.xtec.cat\/ceippractiques2-lleida\/wp-json\/wp\/v2\/types\/post"}],"author":[{"embeddable":true,"href":"https:\/\/agora.xtec.cat\/ceippractiques2-lleida\/wp-json\/wp\/v2\/users\/1"}],"replies":[{"embeddable":true,"href":"https:\/\/agora.xtec.cat\/ceippractiques2-lleida\/wp-json\/wp\/v2\/comments?post=1217"}],"version-history":[{"count":3,"href":"https:\/\/agora.xtec.cat\/ceippractiques2-lleida\/wp-json\/wp\/v2\/posts\/1217\/revisions"}],"predecessor-version":[{"id":1234,"href":"https:\/\/agora.xtec.cat\/ceippractiques2-lleida\/wp-json\/wp\/v2\/posts\/1217\/revisions\/1234"}],"wp:attachment":[{"href":"https:\/\/agora.xtec.cat\/ceippractiques2-lleida\/wp-json\/wp\/v2\/media?parent=1217"}],"wp:term":[{"taxonomy":"category","embeddable":true,"href":"https:\/\/agora.xtec.cat\/ceippractiques2-lleida\/wp-json\/wp\/v2\/categories?post=1217"},{"taxonomy":"post_tag","embeddable":true,"href":"https:\/\/agora.xtec.cat\/ceippractiques2-lleida\/wp-json\/wp\/v2\/tags?post=1217"}],"curies":[{"name":"wp","href":"https:\/\/api.w.org\/{rel}","templated":true}]}}