{"id":1143,"date":"2016-09-11T07:43:09","date_gmt":"2016-09-11T06:43:09","guid":{"rendered":"http:\/\/agora.xtec.cat\/ceippractiques2-lleida\/?p=1143"},"modified":"2016-09-11T08:11:39","modified_gmt":"2016-09-11T07:11:39","slug":"la-nit-abans-de-comencar-lescola","status":"publish","type":"post","link":"https:\/\/agora.xtec.cat\/ceippractiques2-lleida\/portada\/la-nit-abans-de-comencar-lescola\/","title":{"rendered":"&#8220;La nit abans de comen\u00e7ar l&#8217;escola&#8221;"},"content":{"rendered":"<p><span style=\"font-size: 18px;\">Quant tot es a punt per comen\u00e7ar el nou curs escolar, hem trobat a la p\u00e0gina <span style=\"color: #0000ff;\"><a style=\"color: #0000ff;\" href=\"http:\/\/relatsencatala.cat\/relat\/la-nit-abans-de-comencar-lescola\/1058326\" target=\"_blank\">http:\/\/relatsencatala.cat\/relat\/la-nit-abans-de-comencar-lescola\/1058326<\/a><\/span> un article que ens fa viure l&#8217;emoci\u00f3 d&#8217;aquests moments. Amb el perm\u00eds del seu autor, en Victre, pare d&#8217;un nen de P4 i d&#8217;una nena de 3r de prim\u00e0ria, us el reprodu\u00efm perqu\u00e8 en pugueu sentir les sensacions d&#8217;un primer dia d&#8217;escola.\u00a0 Gr\u00e0cies V\u00edctor!<\/span><\/p>\n<p style=\"text-align: justify;\"><span style=\"font-size: 20px; font-family: verdana,geneva,sans-serif;\"><span style=\"color: #008000; font-size: 24px;\">&#8220;La nit abans de comen\u00e7ar l&#8217;escola&#8221;<\/span><br \/>\nHi ha dos nits de l&#8217;any especialment emocionants per als nens.<\/span><\/p>\n<p style=\"text-align: justify;\"><span style=\"font-size: 20px; font-family: verdana,geneva,sans-serif;\">La primera, evidentment, \u00e9s la nit de reis, on la il\u00b7lusi\u00f3 agafa un protagonisme f\u00e0cilment contagi\u00f3s.<\/span><br \/>\n<span style=\"font-size: 20px; font-family: verdana,geneva,sans-serif;\"> La segona, \u00e9s la nit abans de comen\u00e7ar l&#8217;escola. Aquesta nit, les emocions s\u00f3n m\u00e9s complexes, i fan que tamb\u00e9 costi agafar el son.<\/span><\/p>\n<p style=\"text-align: justify;\"><span style=\"font-size: 20px; font-family: verdana,geneva,sans-serif;\">Doncs b\u00e9, el que us vull revelar, \u00e9s que aquesta segona nit tamb\u00e9 t\u00e9 un secret molt ben guardat.<\/span><br \/>\n<span style=\"font-size: 20px; font-family: verdana,geneva,sans-serif;\"> I \u00e9s que la nit abans de comen\u00e7ar l&#8217;escola, tots els pares (i tots els nens que portem a dintre tots els pares) tamb\u00e9 triguem a dormir-nos. Tamb\u00e9 sabem que l&#8217;endem\u00e0 recordarem aquells amics que fa massa estius que no veiem, i que els hi voldr\u00edem explicar massa coses en el poc temps que dura el pati.<\/span><\/p>\n<p style=\"text-align: justify;\"><span style=\"font-size: 20px; font-family: verdana,geneva,sans-serif;\"><a href=\"http:\/\/agora.xtec.cat\/ceippractiques2-lleida\/wp-content\/uploads\/usu635\/2016\/09\/First-Day-of-School-with-Dad1-e1473575964279.jpg\"><img loading=\"lazy\" decoding=\"async\" class=\"wp-image-1146 alignleft\" src=\"http:\/\/agora.xtec.cat\/ceippractiques2-lleida\/wp-content\/uploads\/usu635\/2016\/09\/First-Day-of-School-with-Dad1-768x1024.jpg\" alt=\"Cap a l'escola\" width=\"282\" height=\"376\" \/><\/a>A l&#8217;endem\u00e0, els nens que som, estaran expectants per con\u00e8ixer el nou mestre. I els nous companys de classe.<\/span><span style=\"font-size: 20px; font-family: verdana,geneva,sans-serif;\">I cap a les 9:00h se&#8217;ns tancar\u00e0 l&#8217;est\u00f3mac all\u00e0 on siguem.<\/span><span style=\"font-size: 20px; font-family: verdana,geneva,sans-serif;\">I tamb\u00e9 estrenarem carpeta, i estoig. I farem punta a un llapis nou, per escriure la data a la primera p\u00e0gina d&#8217;una llibreta nova. En lletra lligada.<\/span><\/p>\n<p style=\"text-align: justify;\"><span style=\"font-size: 20px; font-family: verdana,geneva,sans-serif;\">I \u00e9s que el primer d&#8217;escola, tots comencem un nou curs.<\/span><span style=\"font-size: 20px; font-family: verdana,geneva,sans-serif;\">El primer dia d&#8217;escola \u00e9s el dia on tot \u00e9s possible. \u00c9s el dia en que totes les llibretes estan en blanc i s&#8217;han de comen\u00e7ar a escriure.<\/span><br \/>\n<span style=\"font-size: 20px; font-family: verdana,geneva,sans-serif;\"> I \u00e9s per aix\u00f2 que tamb\u00e9 ens costa dormir a tots els pares.<\/span><\/p>\n<p style=\"text-align: justify;\"><span style=\"font-size: 20px; font-family: verdana,geneva,sans-serif;\">I a tots els nens que portem a dintre tots els pares.<\/span><\/p>\n<p style=\"text-align: justify;\"><span style=\"font-size: 20px; font-family: verdana,geneva,sans-serif;\">Aquest era el segon secret.<\/span><\/p>\n","protected":false},"excerpt":{"rendered":"<p>Quant tot es a punt per comen\u00e7ar el nou curs escolar, hem trobat a la p\u00e0gina <a style=\"color: #0000ff;\" href=\"http:\/\/relatsencatala.cat\/relat\/la-nit-abans-de-comencar-lescola\/1058326\" target=\"_blank\">http:\/\/relatsencatala.cat\/relat\/la-nit-abans-de-comencar-lescola\/1058326<\/a> un article que ens fa viure l&#8217;emoci\u00f3 d&#8217;aquests moments. Amb el perm\u00eds del seu autor, en Victre, pare d&#8217;un nen de P4 i d&#8217;una&hellip;  <a href=\"https:\/\/agora.xtec.cat\/ceippractiques2-lleida\/portada\/la-nit-abans-de-comencar-lescola\/\" title=\"Read &#8220;La nit abans de comen\u00e7ar l&#8217;escola&#8221;\">Llegeix m\u00e9s\u00bb<\/a><\/p>\n","protected":false},"author":1,"featured_media":0,"comment_status":"open","ping_status":"open","sticky":false,"template":"","format":"standard","meta":{"_bbp_topic_count":0,"_bbp_reply_count":0,"_bbp_total_topic_count":0,"_bbp_total_reply_count":0,"_bbp_voice_count":0,"_bbp_anonymous_reply_count":0,"_bbp_topic_count_hidden":0,"_bbp_reply_count_hidden":0,"_bbp_forum_subforum_count":0,"footnotes":""},"categories":[4],"tags":[],"class_list":["post-1143","post","type-post","status-publish","format-standard","hentry","category-portada"],"post_mailing_queue_ids":[],"_links":{"self":[{"href":"https:\/\/agora.xtec.cat\/ceippractiques2-lleida\/wp-json\/wp\/v2\/posts\/1143","targetHints":{"allow":["GET"]}}],"collection":[{"href":"https:\/\/agora.xtec.cat\/ceippractiques2-lleida\/wp-json\/wp\/v2\/posts"}],"about":[{"href":"https:\/\/agora.xtec.cat\/ceippractiques2-lleida\/wp-json\/wp\/v2\/types\/post"}],"author":[{"embeddable":true,"href":"https:\/\/agora.xtec.cat\/ceippractiques2-lleida\/wp-json\/wp\/v2\/users\/1"}],"replies":[{"embeddable":true,"href":"https:\/\/agora.xtec.cat\/ceippractiques2-lleida\/wp-json\/wp\/v2\/comments?post=1143"}],"version-history":[{"count":3,"href":"https:\/\/agora.xtec.cat\/ceippractiques2-lleida\/wp-json\/wp\/v2\/posts\/1143\/revisions"}],"predecessor-version":[{"id":1159,"href":"https:\/\/agora.xtec.cat\/ceippractiques2-lleida\/wp-json\/wp\/v2\/posts\/1143\/revisions\/1159"}],"wp:attachment":[{"href":"https:\/\/agora.xtec.cat\/ceippractiques2-lleida\/wp-json\/wp\/v2\/media?parent=1143"}],"wp:term":[{"taxonomy":"category","embeddable":true,"href":"https:\/\/agora.xtec.cat\/ceippractiques2-lleida\/wp-json\/wp\/v2\/categories?post=1143"},{"taxonomy":"post_tag","embeddable":true,"href":"https:\/\/agora.xtec.cat\/ceippractiques2-lleida\/wp-json\/wp\/v2\/tags?post=1143"}],"curies":[{"name":"wp","href":"https:\/\/api.w.org\/{rel}","templated":true}]}}