{"id":1031,"date":"2016-06-20T11:47:40","date_gmt":"2016-06-20T10:47:40","guid":{"rendered":"http:\/\/agora.xtec.cat\/ceippractiques2-lleida\/?p=1031"},"modified":"2016-06-22T14:50:39","modified_gmt":"2016-06-22T13:50:39","slug":"concursos-de-dibuix","status":"publish","type":"post","link":"https:\/\/agora.xtec.cat\/ceippractiques2-lleida\/portada\/concursos-de-dibuix\/","title":{"rendered":"Concursos de dibuix."},"content":{"rendered":"<p class=\"western\" lang=\"ca-ES\"><span style=\"font-size: 20px; font-family: verdana,geneva,sans-serif;\">L&#8217;alumna Mar Gallego Bugar\u00edn de 3r curs ha estat guanyadora del concurs de dibuix organitzat\u00a0 per l&#8217;\u00e0rea de seguretat ciutadana de l&#8217;Ajuntament de Lleida.<a href=\"http:\/\/agora.xtec.cat\/ceippractiques2-lleida\/wp-content\/uploads\/usu635\/2016\/06\/IMG_0823.jpg\" rel=\"attachment wp-att-1032\"><img loading=\"lazy\" decoding=\"async\" class=\"aligncenter  wp-image-1032\" src=\"http:\/\/agora.xtec.cat\/ceippractiques2-lleida\/wp-content\/uploads\/usu635\/2016\/06\/IMG_0823-300x225.jpg\" alt=\"IMG_0823\" width=\"477\" height=\"358\" srcset=\"https:\/\/agora.xtec.cat\/ceippractiques2-lleida\/wp-content\/uploads\/usu635\/2016\/06\/IMG_0823-300x225.jpg 300w, https:\/\/agora.xtec.cat\/ceippractiques2-lleida\/wp-content\/uploads\/usu635\/2016\/06\/IMG_0823-200x150.jpg 200w, https:\/\/agora.xtec.cat\/ceippractiques2-lleida\/wp-content\/uploads\/usu635\/2016\/06\/IMG_0823.jpg 640w\" sizes=\"auto, (max-width: 477px) 100vw, 477px\" \/><\/a><\/span><\/p>\n<p class=\"western\" lang=\"ca-ES\"><span style=\"font-size: 20px; font-family: verdana,geneva,sans-serif;\">En el concurs de medi ambient, que convoca la Cadena COPE, foren premiats els alumnes de cicle mitj\u00e0 Marcel Oriol, Laura Alabart i J\u00falia Servi\u00e0 i els fou entregat el premi corresponent a la Sala Jaume Magre<\/span><\/p>\n<p class=\"western\" lang=\"ca-ES\">\n<p class=\"western\" lang=\"ca-ES\"><a href=\"http:\/\/agora.xtec.cat\/ceippractiques2-lleida\/wp-content\/uploads\/usu635\/2016\/06\/IMG_0813.jpg\" rel=\"attachment wp-att-1093\"><img loading=\"lazy\" decoding=\"async\" class=\"aligncenter  wp-image-1093\" src=\"http:\/\/agora.xtec.cat\/ceippractiques2-lleida\/wp-content\/uploads\/usu635\/2016\/06\/IMG_0813.jpg\" alt=\"IMG_0813\" width=\"492\" height=\"369\" srcset=\"https:\/\/agora.xtec.cat\/ceippractiques2-lleida\/wp-content\/uploads\/usu635\/2016\/06\/IMG_0813.jpg 800w, https:\/\/agora.xtec.cat\/ceippractiques2-lleida\/wp-content\/uploads\/usu635\/2016\/06\/IMG_0813-300x225.jpg 300w, https:\/\/agora.xtec.cat\/ceippractiques2-lleida\/wp-content\/uploads\/usu635\/2016\/06\/IMG_0813-768x576.jpg 768w, https:\/\/agora.xtec.cat\/ceippractiques2-lleida\/wp-content\/uploads\/usu635\/2016\/06\/IMG_0813-200x150.jpg 200w\" sizes=\"auto, (max-width: 492px) 100vw, 492px\" \/><\/a><\/p>\n<p class=\"western\" lang=\"ca-ES\"><span style=\"font-size: 20px; font-family: verdana,geneva,sans-serif;\">Moltes felicitats a tots.<\/span><\/p>\n","protected":false},"excerpt":{"rendered":"<p>L&#8217;alumna Mar Gallego Bugar\u00edn de 3r curs ha estat guanyadora del concurs de dibuix organitzat\u00a0 per l&#8217;\u00e0rea de seguretat ciutadana de l&#8217;Ajuntament de Lleida.<a href=\"http:\/\/agora.xtec.cat\/ceippractiques2-lleida\/wp-content\/uploads\/usu635\/2016\/06\/IMG_0823.jpg\" rel=\"attachment wp-att-1032\"><\/a><br \/>\nEn el concurs de medi ambient, que convoca la Cadena COPE, foren premiats els alumnes de cicle mitj\u00e0 Marcel&hellip;  <a href=\"https:\/\/agora.xtec.cat\/ceippractiques2-lleida\/portada\/concursos-de-dibuix\/\" title=\"Read Concursos de dibuix.\">Llegeix m\u00e9s\u00bb<\/a><\/p>\n","protected":false},"author":1,"featured_media":0,"comment_status":"open","ping_status":"open","sticky":false,"template":"","format":"standard","meta":{"_bbp_topic_count":0,"_bbp_reply_count":0,"_bbp_total_topic_count":0,"_bbp_total_reply_count":0,"_bbp_voice_count":0,"_bbp_anonymous_reply_count":0,"_bbp_topic_count_hidden":0,"_bbp_reply_count_hidden":0,"_bbp_forum_subforum_count":0,"footnotes":""},"categories":[4],"tags":[],"class_list":["post-1031","post","type-post","status-publish","format-standard","hentry","category-portada"],"post_mailing_queue_ids":[],"_links":{"self":[{"href":"https:\/\/agora.xtec.cat\/ceippractiques2-lleida\/wp-json\/wp\/v2\/posts\/1031","targetHints":{"allow":["GET"]}}],"collection":[{"href":"https:\/\/agora.xtec.cat\/ceippractiques2-lleida\/wp-json\/wp\/v2\/posts"}],"about":[{"href":"https:\/\/agora.xtec.cat\/ceippractiques2-lleida\/wp-json\/wp\/v2\/types\/post"}],"author":[{"embeddable":true,"href":"https:\/\/agora.xtec.cat\/ceippractiques2-lleida\/wp-json\/wp\/v2\/users\/1"}],"replies":[{"embeddable":true,"href":"https:\/\/agora.xtec.cat\/ceippractiques2-lleida\/wp-json\/wp\/v2\/comments?post=1031"}],"version-history":[{"count":3,"href":"https:\/\/agora.xtec.cat\/ceippractiques2-lleida\/wp-json\/wp\/v2\/posts\/1031\/revisions"}],"predecessor-version":[{"id":1094,"href":"https:\/\/agora.xtec.cat\/ceippractiques2-lleida\/wp-json\/wp\/v2\/posts\/1031\/revisions\/1094"}],"wp:attachment":[{"href":"https:\/\/agora.xtec.cat\/ceippractiques2-lleida\/wp-json\/wp\/v2\/media?parent=1031"}],"wp:term":[{"taxonomy":"category","embeddable":true,"href":"https:\/\/agora.xtec.cat\/ceippractiques2-lleida\/wp-json\/wp\/v2\/categories?post=1031"},{"taxonomy":"post_tag","embeddable":true,"href":"https:\/\/agora.xtec.cat\/ceippractiques2-lleida\/wp-json\/wp\/v2\/tags?post=1031"}],"curies":[{"name":"wp","href":"https:\/\/api.w.org\/{rel}","templated":true}]}}