{"id":1003,"date":"2016-06-15T12:49:01","date_gmt":"2016-06-15T11:49:01","guid":{"rendered":"http:\/\/agora.xtec.cat\/ceippractiques2-lleida\/?p=1003"},"modified":"2016-06-17T22:49:47","modified_gmt":"2016-06-17T21:49:47","slug":"milla-urbana","status":"publish","type":"post","link":"https:\/\/agora.xtec.cat\/ceippractiques2-lleida\/portada\/milla-urbana\/","title":{"rendered":"Milla urbana"},"content":{"rendered":"<p lang=\"zxx\"><span style=\"font-size: 20px; font-family: verdana,geneva,sans-serif;\">MILLA URBANA ESCOLAR<\/span><\/p>\n<p lang=\"zxx\"><span style=\"font-size: 20px; font-family: verdana,geneva,sans-serif;\">El dissabte 4 de juny de 2016 es va celebrar la 18a Milla Urbana Escolar (XX Memorial Jeroni Saura) als Camps Elisis de Lleida; molts alumnes de la nostra escola Pr\u00e0ctiques II van defensar-la ja des de bon mat\u00ed; tot i els nervis d&#8217;alguns participants es van guanyar prou medalles, un total de deu, obtenint aix\u00ed la copa escolar, premi que s&#8217;otorga al centre educatiu amb m\u00e9s medalles. Agra\u00efm la participaci\u00f3 de tot l&#8217;alumnat, la implicaci\u00f3 de les fam\u00edlies per fer possible la seva participaci\u00f3, aix\u00ed com de les diferents entitats organitzadores de l&#8217;esdeveniment, i a animar-vos a tots i a totes perqu\u00e8 continueu com fins ara. Gr\u00e0cies i enhorabona!<\/span><\/p>\n<p lang=\"zxx\"><a href=\"http:\/\/agora.xtec.cat\/ceippractiques2-lleida\/wp-content\/uploads\/usu635\/2016\/06\/1milla.jpg\" rel=\"attachment wp-att-1016\"><img loading=\"lazy\" decoding=\"async\" class=\"aligncenter size-medium wp-image-1016\" src=\"http:\/\/agora.xtec.cat\/ceippractiques2-lleida\/wp-content\/uploads\/usu635\/2016\/06\/1milla-300x225.jpg\" alt=\"1milla\" width=\"300\" height=\"225\" srcset=\"https:\/\/agora.xtec.cat\/ceippractiques2-lleida\/wp-content\/uploads\/usu635\/2016\/06\/1milla-300x225.jpg 300w, https:\/\/agora.xtec.cat\/ceippractiques2-lleida\/wp-content\/uploads\/usu635\/2016\/06\/1milla-200x150.jpg 200w, https:\/\/agora.xtec.cat\/ceippractiques2-lleida\/wp-content\/uploads\/usu635\/2016\/06\/1milla.jpg 640w\" sizes=\"auto, (max-width: 300px) 100vw, 300px\" \/><\/a><\/p>\n","protected":false},"excerpt":{"rendered":"<p>MILLA URBANA ESCOLAR<br \/>\nEl dissabte 4 de juny de 2016 es va celebrar la 18a Milla Urbana Escolar (XX Memorial Jeroni Saura) als Camps Elisis de Lleida; molts alumnes de la nostra escola Pr\u00e0ctiques II van defensar-la ja des de bon mat\u00ed; tot i els nervis&hellip;  <a href=\"https:\/\/agora.xtec.cat\/ceippractiques2-lleida\/portada\/milla-urbana\/\" title=\"Read Milla urbana\">Llegeix m\u00e9s\u00bb<\/a><\/p>\n","protected":false},"author":1,"featured_media":0,"comment_status":"open","ping_status":"open","sticky":false,"template":"","format":"standard","meta":{"_bbp_topic_count":0,"_bbp_reply_count":0,"_bbp_total_topic_count":0,"_bbp_total_reply_count":0,"_bbp_voice_count":0,"_bbp_anonymous_reply_count":0,"_bbp_topic_count_hidden":0,"_bbp_reply_count_hidden":0,"_bbp_forum_subforum_count":0,"footnotes":""},"categories":[4],"tags":[],"class_list":["post-1003","post","type-post","status-publish","format-standard","hentry","category-portada"],"post_mailing_queue_ids":[],"_links":{"self":[{"href":"https:\/\/agora.xtec.cat\/ceippractiques2-lleida\/wp-json\/wp\/v2\/posts\/1003","targetHints":{"allow":["GET"]}}],"collection":[{"href":"https:\/\/agora.xtec.cat\/ceippractiques2-lleida\/wp-json\/wp\/v2\/posts"}],"about":[{"href":"https:\/\/agora.xtec.cat\/ceippractiques2-lleida\/wp-json\/wp\/v2\/types\/post"}],"author":[{"embeddable":true,"href":"https:\/\/agora.xtec.cat\/ceippractiques2-lleida\/wp-json\/wp\/v2\/users\/1"}],"replies":[{"embeddable":true,"href":"https:\/\/agora.xtec.cat\/ceippractiques2-lleida\/wp-json\/wp\/v2\/comments?post=1003"}],"version-history":[{"count":3,"href":"https:\/\/agora.xtec.cat\/ceippractiques2-lleida\/wp-json\/wp\/v2\/posts\/1003\/revisions"}],"predecessor-version":[{"id":1024,"href":"https:\/\/agora.xtec.cat\/ceippractiques2-lleida\/wp-json\/wp\/v2\/posts\/1003\/revisions\/1024"}],"wp:attachment":[{"href":"https:\/\/agora.xtec.cat\/ceippractiques2-lleida\/wp-json\/wp\/v2\/media?parent=1003"}],"wp:term":[{"taxonomy":"category","embeddable":true,"href":"https:\/\/agora.xtec.cat\/ceippractiques2-lleida\/wp-json\/wp\/v2\/categories?post=1003"},{"taxonomy":"post_tag","embeddable":true,"href":"https:\/\/agora.xtec.cat\/ceippractiques2-lleida\/wp-json\/wp\/v2\/tags?post=1003"}],"curies":[{"name":"wp","href":"https:\/\/api.w.org\/{rel}","templated":true}]}}