{"id":24,"count":34,"description":"<p data-start=\"0\" data-end=\"485\">Realitzem\u00a0<strong data-start=\"10\" data-end=\"53\">tallers interdisciplinaris internivells<\/strong>\u00a0en qu\u00e8 es barreja l\u2019alumnat per cicles i es treballa en grups redu\u00efts. Aquests tallers estan orientats a desenvolupar l\u2019\u00e0rea art\u00edstica mitjan\u00e7ant el treball de diferents disciplines com les arts pl\u00e0stiques, la interpretaci\u00f3 i el teatre, la m\u00fasica, entre d\u2019altres. Al llarg del curs es treballen tamb\u00e9 <span style=\"color: #eb2172;\">diverses t\u00e8cniques art\u00edstiques<\/span> com el collage, la pintura, el teler, el dibuix, el treball en 3D, la fotografia, l\u2019escultura, etc.<\/p>\r\n<p data-start=\"487\" data-end=\"941\" data-is-last-node=\"\" data-is-only-node=\"\">S\u2019organitzen sis grups que van rotant al llarg del curs per tal de participar en <span style=\"color: #eb2172;\">sis tallers diferents<\/span>. En cadascun dels tallers es desenvolupa un dels projectes de centre, com ara el projecte interdisciplinari, l\u2019expressi\u00f3 oral, la sostenibilitat, la llengua anglesa, la compet\u00e8ncia digital, els h\u00e0bits saludables, entre d\u2019altres. Aquesta organitzaci\u00f3 afavoreix el treball cooperatiu, la cohesi\u00f3 entre l\u2019alumnat i l\u2019aprenentatge vivencial i globalitzat.<\/p>","link":"https:\/\/agora.xtec.cat\/ceippractiques2-lleida\/categoria\/tallers\/","name":"Tallers interdisciplinaris internivells\u00a0","slug":"tallers","taxonomy":"category","parent":0,"meta":[],"_links":{"self":[{"href":"https:\/\/agora.xtec.cat\/ceippractiques2-lleida\/wp-json\/wp\/v2\/categories\/24","targetHints":{"allow":["GET"]}}],"collection":[{"href":"https:\/\/agora.xtec.cat\/ceippractiques2-lleida\/wp-json\/wp\/v2\/categories"}],"about":[{"href":"https:\/\/agora.xtec.cat\/ceippractiques2-lleida\/wp-json\/wp\/v2\/taxonomies\/category"}],"wp:post_type":[{"href":"https:\/\/agora.xtec.cat\/ceippractiques2-lleida\/wp-json\/wp\/v2\/posts?categories=24"}],"curies":[{"name":"wp","href":"https:\/\/api.w.org\/{rel}","templated":true}]}}