{"id":856,"date":"2017-03-01T16:26:14","date_gmt":"2017-03-01T15:26:14","guid":{"rendered":"http:\/\/agora.xtec.cat\/ceipponent-granollers\/?p=856"},"modified":"2017-03-01T16:26:14","modified_gmt":"2017-03-01T15:26:14","slug":"juga-i-apren-amb-el-pla-de-consum-de-fruita","status":"publish","type":"post","link":"https:\/\/agora.xtec.cat\/ceipponent-granollers\/general\/juga-i-apren-amb-el-pla-de-consum-de-fruita\/","title":{"rendered":"Juga i apr\u00e8n amb el Pla de consum de fruita"},"content":{"rendered":"<p>Cada any es posa en marxa el pla de consum de fruita a les escoles, una iniciativa conjunta amb la Uni\u00f3 Europea. Els proper dies 2, 3, 6 i 7 de mar\u00e7 tindrem fruita a l&#8217;escola. Recordeu d&#8217;adequar els esmorzars dels nens i les nenes perqu\u00e8 menjaran una pe\u00e7a de fruita a l&#8217;hora de pati durant aquests dies.<\/p>\n<p>Aquest pla t\u00e9 com a objectiu potenciar els h\u00e0bits alimentaris que afavoreixen la salut dels infants, per aix\u00f2, durant el curs escolar, una setmana cada mes es distribueix fruita seleccionada en funci\u00f3 de l&#8217;estaci\u00f3 de l&#8217;any, la proximitat de producci\u00f3 i la qualitat.<\/p>\n<p>Sota el lema &#8220;A l&#8217;escola, la fruita entra sola&#8221;, la Generalitat ha creat un joc per a ordinador i una aplicaci\u00f3 per a m\u00f2bils.<\/p>\n<p>Per a m\u00e9s informaci\u00f3, consulteu els web:<\/p>\n<ul class=\"llista_inside_vermell\">\n<li><a title=\"Joc per a ordinador\" href=\"http:\/\/www.gencat.cat\/alimentacio\/fruitaescolar\/joc\/macedonia.html\">Joc per a ordinador<\/a><\/li>\n<li><a title=\"Aplicaci\u00f3 m\u00f2bil\" href=\"http:\/\/www.gencat.cat\/mobils\/cat\/natives\/macedonia.htm\">Desc\u00e0rrega de l&#8217;aplicaci\u00f3 per a m\u00f2bils &#8220;Maced\u00f2nia&#8221;<\/a><\/li>\n<\/ul>\n<p><a href=\"http:\/\/agora.xtec.cat\/ceipponent-granollers\/wp-content\/uploads\/usu1522\/2017\/03\/plafruit1.jpg\"><img loading=\"lazy\" decoding=\"async\" class=\"alignnone size-full wp-image-857\" src=\"http:\/\/agora.xtec.cat\/ceipponent-granollers\/wp-content\/uploads\/usu1522\/2017\/03\/plafruit1.jpg\" alt=\"plafruit1\" width=\"770\" height=\"298\" srcset=\"https:\/\/agora.xtec.cat\/ceipponent-granollers\/wp-content\/uploads\/usu1522\/2017\/03\/plafruit1.jpg 770w, https:\/\/agora.xtec.cat\/ceipponent-granollers\/wp-content\/uploads\/usu1522\/2017\/03\/plafruit1-300x116.jpg 300w, https:\/\/agora.xtec.cat\/ceipponent-granollers\/wp-content\/uploads\/usu1522\/2017\/03\/plafruit1-768x297.jpg 768w\" sizes=\"auto, (max-width: 770px) 100vw, 770px\" \/><\/a><\/p>\n<p>&nbsp;<\/p>\n","protected":false},"excerpt":{"rendered":"<p>Cada any es posa en marxa el pla de consum de fruita a les escoles, una iniciativa conjunta amb la Uni\u00f3 Europea. Els proper dies 2, 3, 6 i 7 de mar\u00e7 tindrem fruita a l&#8217;escola. Recordeu d&#8217;adequar els esmorzars dels nens i les nenes&hellip;  <a href=\"https:\/\/agora.xtec.cat\/ceipponent-granollers\/general\/juga-i-apren-amb-el-pla-de-consum-de-fruita\/\" title=\"Read Juga i apr\u00e8n amb el Pla de consum de fruita\">Llegeix m\u00e9s\u00bb<\/a><\/p>\n","protected":false},"author":1,"featured_media":857,"comment_status":"open","ping_status":"open","sticky":false,"template":"","format":"standard","meta":{"_bbp_topic_count":0,"_bbp_reply_count":0,"_bbp_total_topic_count":0,"_bbp_total_reply_count":0,"_bbp_voice_count":0,"_bbp_anonymous_reply_count":0,"_bbp_topic_count_hidden":0,"_bbp_reply_count_hidden":0,"_bbp_forum_subforum_count":0,"footnotes":""},"categories":[1,4],"tags":[],"class_list":["post-856","post","type-post","status-publish","format-standard","has-post-thumbnail","hentry","category-general","category-portada"],"post_mailing_queue_ids":[],"_links":{"self":[{"href":"https:\/\/agora.xtec.cat\/ceipponent-granollers\/wp-json\/wp\/v2\/posts\/856","targetHints":{"allow":["GET"]}}],"collection":[{"href":"https:\/\/agora.xtec.cat\/ceipponent-granollers\/wp-json\/wp\/v2\/posts"}],"about":[{"href":"https:\/\/agora.xtec.cat\/ceipponent-granollers\/wp-json\/wp\/v2\/types\/post"}],"author":[{"embeddable":true,"href":"https:\/\/agora.xtec.cat\/ceipponent-granollers\/wp-json\/wp\/v2\/users\/1"}],"replies":[{"embeddable":true,"href":"https:\/\/agora.xtec.cat\/ceipponent-granollers\/wp-json\/wp\/v2\/comments?post=856"}],"version-history":[{"count":2,"href":"https:\/\/agora.xtec.cat\/ceipponent-granollers\/wp-json\/wp\/v2\/posts\/856\/revisions"}],"predecessor-version":[{"id":859,"href":"https:\/\/agora.xtec.cat\/ceipponent-granollers\/wp-json\/wp\/v2\/posts\/856\/revisions\/859"}],"wp:featuredmedia":[{"embeddable":true,"href":"https:\/\/agora.xtec.cat\/ceipponent-granollers\/wp-json\/wp\/v2\/media\/857"}],"wp:attachment":[{"href":"https:\/\/agora.xtec.cat\/ceipponent-granollers\/wp-json\/wp\/v2\/media?parent=856"}],"wp:term":[{"taxonomy":"category","embeddable":true,"href":"https:\/\/agora.xtec.cat\/ceipponent-granollers\/wp-json\/wp\/v2\/categories?post=856"},{"taxonomy":"post_tag","embeddable":true,"href":"https:\/\/agora.xtec.cat\/ceipponent-granollers\/wp-json\/wp\/v2\/tags?post=856"}],"curies":[{"name":"wp","href":"https:\/\/api.w.org\/{rel}","templated":true}]}}