{"id":3355,"date":"2018-11-12T17:31:24","date_gmt":"2018-11-12T16:31:24","guid":{"rendered":"http:\/\/agora.xtec.cat\/ceipponent-granollers\/?p=3355"},"modified":"2018-11-12T17:32:05","modified_gmt":"2018-11-12T16:32:05","slug":"visita-ermita-de-sant-felix-canovelles","status":"publish","type":"post","link":"https:\/\/agora.xtec.cat\/ceipponent-granollers\/general\/visita-ermita-de-sant-felix-canovelles\/","title":{"rendered":"Visita ermita de Sant F\u00e8lix  (Canovelles)"},"content":{"rendered":"<p>Avui els nens i nenes de 6\u00e8 s&#8217;han traslladat a l&#8217;Edat Mitjana i han visitat l&#8217;Ermita de de Sant F\u00e8lix a Canovelles. Ha estat tota una experi\u00e8ncia. Mireu mireu&#8230;<\/p>\n<p><a href=\"https:\/\/photos.app.goo.gl\/5V6v3hQDPTH95GQ9A\">Feu clic a la foto&#8230;<img loading=\"lazy\" decoding=\"async\" class=\"aligncenter wp-image-3356\" src=\"https:\/\/agora.xtec.cat\/ceipponent-granollers\/wp-content\/uploads\/usu1522\/2018\/11\/PHOTO-2018-11-12-10-29-04-575x1024.jpg\" alt=\"\" width=\"404\" height=\"719\" srcset=\"https:\/\/agora.xtec.cat\/ceipponent-granollers\/wp-content\/uploads\/usu1522\/2018\/11\/PHOTO-2018-11-12-10-29-04-575x1024.jpg 575w, https:\/\/agora.xtec.cat\/ceipponent-granollers\/wp-content\/uploads\/usu1522\/2018\/11\/PHOTO-2018-11-12-10-29-04-169x300.jpg 169w, https:\/\/agora.xtec.cat\/ceipponent-granollers\/wp-content\/uploads\/usu1522\/2018\/11\/PHOTO-2018-11-12-10-29-04-768x1367.jpg 768w, https:\/\/agora.xtec.cat\/ceipponent-granollers\/wp-content\/uploads\/usu1522\/2018\/11\/PHOTO-2018-11-12-10-29-04.jpg 899w\" sizes=\"auto, (max-width: 404px) 100vw, 404px\" \/><\/a><\/p>\n","protected":false},"excerpt":{"rendered":"<p>Avui els nens i nenes de 6\u00e8 s&#8217;han traslladat a l&#8217;Edat Mitjana i han visitat l&#8217;Ermita de de Sant F\u00e8lix a Canovelles. Ha estat tota una experi\u00e8ncia. Mireu mireu&#8230;<br \/>\n<a href=\"https:\/\/photos.app.goo.gl\/5V6v3hQDPTH95GQ9A\">Feu clic a la foto&#8230;<\/a><\/p>\n","protected":false},"author":1,"featured_media":3356,"comment_status":"open","ping_status":"closed","sticky":false,"template":"","format":"standard","meta":{"_bbp_topic_count":0,"_bbp_reply_count":0,"_bbp_total_topic_count":0,"_bbp_total_reply_count":0,"_bbp_voice_count":0,"_bbp_anonymous_reply_count":0,"_bbp_topic_count_hidden":0,"_bbp_reply_count_hidden":0,"_bbp_forum_subforum_count":0,"footnotes":""},"categories":[15,1,4,5,91],"tags":[],"class_list":["post-3355","post","type-post","status-publish","format-standard","has-post-thumbnail","hentry","category-6e","category-general","category-portada","category-primaria","category-sortides"],"post_mailing_queue_ids":[],"_links":{"self":[{"href":"https:\/\/agora.xtec.cat\/ceipponent-granollers\/wp-json\/wp\/v2\/posts\/3355","targetHints":{"allow":["GET"]}}],"collection":[{"href":"https:\/\/agora.xtec.cat\/ceipponent-granollers\/wp-json\/wp\/v2\/posts"}],"about":[{"href":"https:\/\/agora.xtec.cat\/ceipponent-granollers\/wp-json\/wp\/v2\/types\/post"}],"author":[{"embeddable":true,"href":"https:\/\/agora.xtec.cat\/ceipponent-granollers\/wp-json\/wp\/v2\/users\/1"}],"replies":[{"embeddable":true,"href":"https:\/\/agora.xtec.cat\/ceipponent-granollers\/wp-json\/wp\/v2\/comments?post=3355"}],"version-history":[{"count":3,"href":"https:\/\/agora.xtec.cat\/ceipponent-granollers\/wp-json\/wp\/v2\/posts\/3355\/revisions"}],"predecessor-version":[{"id":3359,"href":"https:\/\/agora.xtec.cat\/ceipponent-granollers\/wp-json\/wp\/v2\/posts\/3355\/revisions\/3359"}],"wp:featuredmedia":[{"embeddable":true,"href":"https:\/\/agora.xtec.cat\/ceipponent-granollers\/wp-json\/wp\/v2\/media\/3356"}],"wp:attachment":[{"href":"https:\/\/agora.xtec.cat\/ceipponent-granollers\/wp-json\/wp\/v2\/media?parent=3355"}],"wp:term":[{"taxonomy":"category","embeddable":true,"href":"https:\/\/agora.xtec.cat\/ceipponent-granollers\/wp-json\/wp\/v2\/categories?post=3355"},{"taxonomy":"post_tag","embeddable":true,"href":"https:\/\/agora.xtec.cat\/ceipponent-granollers\/wp-json\/wp\/v2\/tags?post=3355"}],"curies":[{"name":"wp","href":"https:\/\/api.w.org\/{rel}","templated":true}]}}