{"id":3315,"date":"2018-11-10T19:08:30","date_gmt":"2018-11-10T18:08:30","guid":{"rendered":"http:\/\/agora.xtec.cat\/ceipponent-granollers\/?p=3315"},"modified":"2018-11-10T19:08:30","modified_gmt":"2018-11-10T18:08:30","slug":"guarnim-el-porxo-dinfantil-amb-jocs-nous","status":"publish","type":"post","link":"https:\/\/agora.xtec.cat\/ceipponent-granollers\/general\/guarnim-el-porxo-dinfantil-amb-jocs-nous\/","title":{"rendered":"Guarnim el porxo d&#8217;infantil amb jocs nous!"},"content":{"rendered":"<p>Divendres passat, els pares i mares vam comen\u00e7ar a guarnir el porxo de la zona d&#8217;infantil amb un circuit i diversos jocs, que el convertiran en un espai m\u00e9s educatiu i l\u00fadic. Aquesta activitat forma part del <a href=\"https:\/\/agora.xtec.cat\/ceipponent-granollers\/general\/el-projecte-patis-en-moviment-aconsegueix-una-subvencio-de-lajuntament\/\">projecte <em>Patis en moviment<\/em> de l&#8217;AMPA<\/a>, que est\u00e0 demostrant la implicaci\u00f3 i la complicitat dels pares amb l&#8217;escola.<\/p>\n<p>Hi seguirem treballant durant tots els divendres de novembre. La inaugiraci\u00f3 del nou porxo est\u00e0 prevista per al 30 de novembre!<\/p>\n\n\t\t<style type=\"text\/css\">\n\t\t\t#gallery-1 {\n\t\t\t\tmargin: auto;\n\t\t\t}\n\t\t\t#gallery-1 .gallery-item {\n\t\t\t\tfloat: left;\n\t\t\t\tmargin-top: 10px;\n\t\t\t\ttext-align: center;\n\t\t\t\twidth: 33%;\n\t\t\t}\n\t\t\t#gallery-1 img {\n\t\t\t\tborder: 2px solid #cfcfcf;\n\t\t\t}\n\t\t\t#gallery-1 .gallery-caption {\n\t\t\t\tmargin-left: 0;\n\t\t\t}\n\t\t\t\/* see gallery_shortcode() in wp-includes\/media.php *\/\n\t\t<\/style>\n\t\t<div id='gallery-1' class='gallery galleryid-3315 gallery-columns-3 gallery-size-thumbnail'><dl class='gallery-item'>\n\t\t\t<dt class='gallery-icon landscape'>\n\t\t\t\t<a href='https:\/\/agora.xtec.cat\/ceipponent-granollers\/general\/guarnim-el-porxo-dinfantil-amb-jocs-nous\/attachment\/patis-en-moviment-reforma-porxo-infantil-2\/'><img loading=\"lazy\" decoding=\"async\" width=\"150\" height=\"150\" src=\"https:\/\/agora.xtec.cat\/ceipponent-granollers\/wp-content\/uploads\/usu1522\/2018\/11\/patis-en-moviment-reforma-porxo-infantil-2-150x150.jpeg\" class=\"attachment-thumbnail size-thumbnail\" alt=\"\" \/><\/a>\n\t\t\t<\/dt><\/dl><dl class='gallery-item'>\n\t\t\t<dt class='gallery-icon landscape'>\n\t\t\t\t<a href='https:\/\/agora.xtec.cat\/ceipponent-granollers\/general\/guarnim-el-porxo-dinfantil-amb-jocs-nous\/attachment\/patis-en-moviment-reforma-porxo-infantil-1\/'><img loading=\"lazy\" decoding=\"async\" width=\"150\" height=\"150\" src=\"https:\/\/agora.xtec.cat\/ceipponent-granollers\/wp-content\/uploads\/usu1522\/2018\/11\/patis-en-moviment-reforma-porxo-infantil-1-150x150.jpeg\" class=\"attachment-thumbnail size-thumbnail\" alt=\"\" \/><\/a>\n\t\t\t<\/dt><\/dl><dl class='gallery-item'>\n\t\t\t<dt class='gallery-icon landscape'>\n\t\t\t\t<a href='https:\/\/agora.xtec.cat\/ceipponent-granollers\/general\/guarnim-el-porxo-dinfantil-amb-jocs-nous\/attachment\/patis-en-moviment-reforma-porxo-infantil-3\/'><img loading=\"lazy\" decoding=\"async\" width=\"150\" height=\"150\" src=\"https:\/\/agora.xtec.cat\/ceipponent-granollers\/wp-content\/uploads\/usu1522\/2018\/11\/patis-en-moviment-reforma-porxo-infantil-3-150x150.jpeg\" class=\"attachment-thumbnail size-thumbnail\" alt=\"\" \/><\/a>\n\t\t\t<\/dt><\/dl><br style=\"clear: both\" \/><dl class='gallery-item'>\n\t\t\t<dt class='gallery-icon portrait'>\n\t\t\t\t<a href='https:\/\/agora.xtec.cat\/ceipponent-granollers\/general\/guarnim-el-porxo-dinfantil-amb-jocs-nous\/attachment\/patis-en-moviment-reforma-porxo-infantil-4\/'><img loading=\"lazy\" decoding=\"async\" width=\"150\" height=\"150\" src=\"https:\/\/agora.xtec.cat\/ceipponent-granollers\/wp-content\/uploads\/usu1522\/2018\/11\/patis-en-moviment-reforma-porxo-infantil-4-150x150.jpeg\" class=\"attachment-thumbnail size-thumbnail\" alt=\"\" \/><\/a>\n\t\t\t<\/dt><\/dl>\n\t\t\t<br style='clear: both' \/>\n\t\t<\/div>\n\n","protected":false},"excerpt":{"rendered":"<p>Divendres passat, els pares i mares vam comen\u00e7ar a guarnir el porxo de la zona d&#8217;infantil amb un circuit i diversos jocs, que el convertiran en un espai m\u00e9s educatiu i l\u00fadic. Aquesta activitat forma part del <a href=\"https:\/\/agora.xtec.cat\/ceipponent-granollers\/general\/el-projecte-patis-en-moviment-aconsegueix-una-subvencio-de-lajuntament\/\">projecte Patis en moviment de l&#8217;AMPA<\/a>, que&hellip;  <a href=\"https:\/\/agora.xtec.cat\/ceipponent-granollers\/general\/guarnim-el-porxo-dinfantil-amb-jocs-nous\/\" title=\"Read Guarnim el porxo d&#8217;infantil amb jocs nous!\">Llegeix m\u00e9s\u00bb<\/a><\/p>\n","protected":false},"author":25,"featured_media":3317,"comment_status":"open","ping_status":"closed","sticky":false,"template":"","format":"standard","meta":{"_bbp_topic_count":0,"_bbp_reply_count":0,"_bbp_total_topic_count":0,"_bbp_total_reply_count":0,"_bbp_voice_count":0,"_bbp_anonymous_reply_count":0,"_bbp_topic_count_hidden":0,"_bbp_reply_count_hidden":0,"_bbp_forum_subforum_count":0,"footnotes":""},"categories":[7,1,2,4],"tags":[66,109,133],"class_list":["post-3315","post","type-post","status-publish","format-standard","has-post-thumbnail","hentry","category-ampa","category-general","category-infantil","category-portada","tag-ampa","tag-infantil","tag-patis-en-moviment"],"post_mailing_queue_ids":[],"_links":{"self":[{"href":"https:\/\/agora.xtec.cat\/ceipponent-granollers\/wp-json\/wp\/v2\/posts\/3315","targetHints":{"allow":["GET"]}}],"collection":[{"href":"https:\/\/agora.xtec.cat\/ceipponent-granollers\/wp-json\/wp\/v2\/posts"}],"about":[{"href":"https:\/\/agora.xtec.cat\/ceipponent-granollers\/wp-json\/wp\/v2\/types\/post"}],"author":[{"embeddable":true,"href":"https:\/\/agora.xtec.cat\/ceipponent-granollers\/wp-json\/wp\/v2\/users\/25"}],"replies":[{"embeddable":true,"href":"https:\/\/agora.xtec.cat\/ceipponent-granollers\/wp-json\/wp\/v2\/comments?post=3315"}],"version-history":[{"count":1,"href":"https:\/\/agora.xtec.cat\/ceipponent-granollers\/wp-json\/wp\/v2\/posts\/3315\/revisions"}],"predecessor-version":[{"id":3320,"href":"https:\/\/agora.xtec.cat\/ceipponent-granollers\/wp-json\/wp\/v2\/posts\/3315\/revisions\/3320"}],"wp:featuredmedia":[{"embeddable":true,"href":"https:\/\/agora.xtec.cat\/ceipponent-granollers\/wp-json\/wp\/v2\/media\/3317"}],"wp:attachment":[{"href":"https:\/\/agora.xtec.cat\/ceipponent-granollers\/wp-json\/wp\/v2\/media?parent=3315"}],"wp:term":[{"taxonomy":"category","embeddable":true,"href":"https:\/\/agora.xtec.cat\/ceipponent-granollers\/wp-json\/wp\/v2\/categories?post=3315"},{"taxonomy":"post_tag","embeddable":true,"href":"https:\/\/agora.xtec.cat\/ceipponent-granollers\/wp-json\/wp\/v2\/tags?post=3315"}],"curies":[{"name":"wp","href":"https:\/\/api.w.org\/{rel}","templated":true}]}}