{"id":2853,"date":"2018-09-30T12:09:27","date_gmt":"2018-09-30T10:09:27","guid":{"rendered":"http:\/\/agora.xtec.cat\/ceipponent-granollers\/?p=2853"},"modified":"2018-10-01T12:09:34","modified_gmt":"2018-10-01T10:09:34","slug":"dijous-4-vine-a-coneixer-el-projecte-patis-en-moviment","status":"publish","type":"post","link":"https:\/\/agora.xtec.cat\/ceipponent-granollers\/general\/dijous-4-vine-a-coneixer-el-projecte-patis-en-moviment\/","title":{"rendered":"Dijous 4, vine a con\u00e8ixer el projecte Patis en moviment!"},"content":{"rendered":"<p>Dijous 4 a les 17.00 h (a les 16.30 h per a les fam\u00edlies de P3, P4 i P5) donarem el tret de sortida al projecte <em>Patis en moviment<\/em>, que ha rebut una subvenci\u00f3 de l&#8217;Ajuntament de Granollers. <strong>La reuni\u00f3 est\u00e0 adre\u00e7ada a totes les fam\u00edlies de l&#8217;escola i als docents,<\/strong> i servir\u00e0 per explicar com funcionaran les activitats del projecte durant el curs 2018-2019 i compartir propostes. El paper de les tots i totes ser\u00e0 fonamental!<!--more--><\/p>\n<p>Entre d&#8217;altres, pintarem un mural al pati de l&#8217;escola amb l&#8217;artista Pau Farell, guarnirem el pati de P3 i de prim\u00e0ria amb jocs nous i seguirem compartint els patis entre els infants i les fam\u00edlies.<\/p>\n<p>T&#8217;esperem dijous a les 16.30 o a les 17.00 h al pati central de l&#8217;escola! No hi faltis!<\/p>\n<p style=\"text-align: center;\"><a href=\"http:\/\/agora.xtec.cat\/ceipponent-granollers\/wp-content\/uploads\/usu1522\/2018\/09\/patis-en-moviment-reuni\u00f3-4-octubre.jpg\"><img loading=\"lazy\" decoding=\"async\" class=\"alignright size-large wp-image-2878\" src=\"http:\/\/agora.xtec.cat\/ceipponent-granollers\/wp-content\/uploads\/usu1522\/2018\/09\/patis-en-moviment-reuni\u00f3-4-octubre-766x1024.jpg\" alt=\"\" width=\"766\" height=\"1024\" srcset=\"https:\/\/agora.xtec.cat\/ceipponent-granollers\/wp-content\/uploads\/usu1522\/2018\/09\/patis-en-moviment-reuni\u00f3-4-octubre-766x1024.jpg 766w, https:\/\/agora.xtec.cat\/ceipponent-granollers\/wp-content\/uploads\/usu1522\/2018\/09\/patis-en-moviment-reuni\u00f3-4-octubre-224x300.jpg 224w, https:\/\/agora.xtec.cat\/ceipponent-granollers\/wp-content\/uploads\/usu1522\/2018\/09\/patis-en-moviment-reuni\u00f3-4-octubre-768x1027.jpg 768w\" sizes=\"auto, (max-width: 766px) 100vw, 766px\" \/><\/a><\/p>\n<p>&nbsp;<\/p>\n<p style=\"text-align: center;\">\n","protected":false},"excerpt":{"rendered":"<p>Dijous 4 a les 17.00 h (a les 16.30 h per a les fam\u00edlies de P3, P4 i P5) donarem el tret de sortida al projecte Patis en moviment, que ha rebut una subvenci\u00f3 de l&#8217;Ajuntament de Granollers. La reuni\u00f3 est\u00e0 adre\u00e7ada a totes les&hellip;  <a href=\"https:\/\/agora.xtec.cat\/ceipponent-granollers\/general\/dijous-4-vine-a-coneixer-el-projecte-patis-en-moviment\/\" title=\"Read Dijous 4, vine a con\u00e8ixer el projecte Patis en moviment!\">Llegeix m\u00e9s\u00bb<\/a><\/p>\n","protected":false},"author":25,"featured_media":2854,"comment_status":"open","ping_status":"closed","sticky":false,"template":"","format":"standard","meta":{"_bbp_topic_count":0,"_bbp_reply_count":0,"_bbp_total_topic_count":0,"_bbp_total_reply_count":0,"_bbp_voice_count":0,"_bbp_anonymous_reply_count":0,"_bbp_topic_count_hidden":0,"_bbp_reply_count_hidden":0,"_bbp_forum_subforum_count":0,"footnotes":""},"categories":[7,1,2,4,5],"tags":[66,133],"class_list":["post-2853","post","type-post","status-publish","format-standard","has-post-thumbnail","hentry","category-ampa","category-general","category-infantil","category-portada","category-primaria","tag-ampa","tag-patis-en-moviment"],"post_mailing_queue_ids":[],"_links":{"self":[{"href":"https:\/\/agora.xtec.cat\/ceipponent-granollers\/wp-json\/wp\/v2\/posts\/2853","targetHints":{"allow":["GET"]}}],"collection":[{"href":"https:\/\/agora.xtec.cat\/ceipponent-granollers\/wp-json\/wp\/v2\/posts"}],"about":[{"href":"https:\/\/agora.xtec.cat\/ceipponent-granollers\/wp-json\/wp\/v2\/types\/post"}],"author":[{"embeddable":true,"href":"https:\/\/agora.xtec.cat\/ceipponent-granollers\/wp-json\/wp\/v2\/users\/25"}],"replies":[{"embeddable":true,"href":"https:\/\/agora.xtec.cat\/ceipponent-granollers\/wp-json\/wp\/v2\/comments?post=2853"}],"version-history":[{"count":3,"href":"https:\/\/agora.xtec.cat\/ceipponent-granollers\/wp-json\/wp\/v2\/posts\/2853\/revisions"}],"predecessor-version":[{"id":2884,"href":"https:\/\/agora.xtec.cat\/ceipponent-granollers\/wp-json\/wp\/v2\/posts\/2853\/revisions\/2884"}],"wp:featuredmedia":[{"embeddable":true,"href":"https:\/\/agora.xtec.cat\/ceipponent-granollers\/wp-json\/wp\/v2\/media\/2854"}],"wp:attachment":[{"href":"https:\/\/agora.xtec.cat\/ceipponent-granollers\/wp-json\/wp\/v2\/media?parent=2853"}],"wp:term":[{"taxonomy":"category","embeddable":true,"href":"https:\/\/agora.xtec.cat\/ceipponent-granollers\/wp-json\/wp\/v2\/categories?post=2853"},{"taxonomy":"post_tag","embeddable":true,"href":"https:\/\/agora.xtec.cat\/ceipponent-granollers\/wp-json\/wp\/v2\/tags?post=2853"}],"curies":[{"name":"wp","href":"https:\/\/api.w.org\/{rel}","templated":true}]}}