{"id":2784,"date":"2018-09-14T12:13:52","date_gmt":"2018-09-14T10:13:52","guid":{"rendered":"http:\/\/agora.xtec.cat\/ceipponent-granollers\/?p=2784"},"modified":"2018-09-14T12:13:52","modified_gmt":"2018-09-14T10:13:52","slug":"el-projecte-patis-en-moviment-aconsegueix-una-subvencio-de-lajuntament","status":"publish","type":"post","link":"https:\/\/agora.xtec.cat\/ceipponent-granollers\/general\/el-projecte-patis-en-moviment-aconsegueix-una-subvencio-de-lajuntament\/","title":{"rendered":"El projecte Patis en moviment aconsegueix una subvenci\u00f3 de l&#8217;Ajuntament!"},"content":{"rendered":"<p>El projecte <em>Patis en moviment<\/em>, que t\u00e9 l&#8217;objectiu de dinamitzar l&#8217;activitat als patis de l&#8217;escola amb la col\u00b7laboraci\u00f3 de les fam\u00edlies i el barri, gaudir\u00e0 d&#8217;una subvenci\u00f3 de l&#8217;Ajuntament de Granollers, que n&#8217;ha valorat l&#8217;inter\u00e8s pedag\u00f2gic i social. <!--more--><\/p>\n<p><em>Patis en moviment<\/em> \u00e9s la continuaci\u00f3 i ampliaci\u00f3 del projecte <em>Patis compartits<\/em>, que va comen\u00e7ar el curs passat als cursos d&#8217;Educaci\u00f3 infantil. Enguany, les activitats s&#8217;ampliaran als cursos de prim\u00e0ria i inclouen el guarniment d&#8217;un mur del pati amb un grafit i l&#8217;organitzaci\u00f3 de diverses activitats amb les fam\u00edlies i els docents de l&#8217;escola.<\/p>\n<p>Ser\u00e0 un projecte apassionant!<\/p>\n","protected":false},"excerpt":{"rendered":"<p>El projecte Patis en moviment, que t\u00e9 l&#8217;objectiu de dinamitzar l&#8217;activitat als patis de l&#8217;escola amb la col\u00b7laboraci\u00f3 de les fam\u00edlies i el barri, gaudir\u00e0 d&#8217;una subvenci\u00f3 de l&#8217;Ajuntament de Granollers, que n&#8217;ha valorat l&#8217;inter\u00e8s pedag\u00f2gic i social. <\/p>\n","protected":false},"author":25,"featured_media":2530,"comment_status":"closed","ping_status":"closed","sticky":false,"template":"","format":"standard","meta":{"_bbp_topic_count":0,"_bbp_reply_count":0,"_bbp_total_topic_count":0,"_bbp_total_reply_count":0,"_bbp_voice_count":0,"_bbp_anonymous_reply_count":0,"_bbp_topic_count_hidden":0,"_bbp_reply_count_hidden":0,"_bbp_forum_subforum_count":0,"footnotes":""},"categories":[7,1,2,4,5],"tags":[66,108,133],"class_list":["post-2784","post","type-post","status-publish","format-standard","has-post-thumbnail","hentry","category-ampa","category-general","category-infantil","category-portada","category-primaria","tag-ampa","tag-patis-compartits","tag-patis-en-moviment"],"post_mailing_queue_ids":[],"_links":{"self":[{"href":"https:\/\/agora.xtec.cat\/ceipponent-granollers\/wp-json\/wp\/v2\/posts\/2784","targetHints":{"allow":["GET"]}}],"collection":[{"href":"https:\/\/agora.xtec.cat\/ceipponent-granollers\/wp-json\/wp\/v2\/posts"}],"about":[{"href":"https:\/\/agora.xtec.cat\/ceipponent-granollers\/wp-json\/wp\/v2\/types\/post"}],"author":[{"embeddable":true,"href":"https:\/\/agora.xtec.cat\/ceipponent-granollers\/wp-json\/wp\/v2\/users\/25"}],"replies":[{"embeddable":true,"href":"https:\/\/agora.xtec.cat\/ceipponent-granollers\/wp-json\/wp\/v2\/comments?post=2784"}],"version-history":[{"count":1,"href":"https:\/\/agora.xtec.cat\/ceipponent-granollers\/wp-json\/wp\/v2\/posts\/2784\/revisions"}],"predecessor-version":[{"id":2786,"href":"https:\/\/agora.xtec.cat\/ceipponent-granollers\/wp-json\/wp\/v2\/posts\/2784\/revisions\/2786"}],"wp:featuredmedia":[{"embeddable":true,"href":"https:\/\/agora.xtec.cat\/ceipponent-granollers\/wp-json\/wp\/v2\/media\/2530"}],"wp:attachment":[{"href":"https:\/\/agora.xtec.cat\/ceipponent-granollers\/wp-json\/wp\/v2\/media?parent=2784"}],"wp:term":[{"taxonomy":"category","embeddable":true,"href":"https:\/\/agora.xtec.cat\/ceipponent-granollers\/wp-json\/wp\/v2\/categories?post=2784"},{"taxonomy":"post_tag","embeddable":true,"href":"https:\/\/agora.xtec.cat\/ceipponent-granollers\/wp-json\/wp\/v2\/tags?post=2784"}],"curies":[{"name":"wp","href":"https:\/\/api.w.org\/{rel}","templated":true}]}}