{"id":2237,"date":"2018-03-20T19:54:33","date_gmt":"2018-03-20T18:54:33","guid":{"rendered":"http:\/\/agora.xtec.cat\/ceipponent-granollers\/?p=2237"},"modified":"2018-04-04T16:44:02","modified_gmt":"2018-04-04T14:44:02","slug":"per-la-setmana-cultural-ens-convertim-en-hindus","status":"publish","type":"post","link":"https:\/\/agora.xtec.cat\/ceipponent-granollers\/portada\/per-la-setmana-cultural-ens-convertim-en-hindus\/","title":{"rendered":"Per la Setmana Cultural, els nens i nenes de 3r ens convertim en hind\u00fas!"},"content":{"rendered":"<p>&nbsp;<\/p>\n<p>La Setmana Cultural va arribar amb molta for\u00e7a el passat mes de febrer.<\/p>\n<p>Tota l&#8217;escola es va convertir en diferents Meravelles del M\u00f3n, i a 3r ens vam transformar en el Taj Mahal, situat a l&#8217;\u00cdndia.<\/p>\n<p>Vam fer tot un viatge incre\u00efble al voltant dels diferents costums i tradicions propis de la \u00cdndia, aproximant-nos m\u00e9s a la seva cultura i a la seva manera de fer: vam calcular els quil\u00f2metres que tenim fins a arribar-hi, vam crear un itinerari al voltant dels diferents llocs que vol\u00edem con\u00e8ixer,\u00a0vam practicar yoga, vam con\u00e8ixer diferents llocs sagrats, vam veure com van vestits, vam aprendre balls t\u00edpics&#8230; i tot, organitzat pel nostre amic Abu, el mono d&#8217;Aladdin.<\/p>\n<p>Ha sigut una experi\u00e8ncia maqu\u00edssima, i els nens i nenes de 3r han gaudit molt i s&#8217;han convertit en aut\u00e8ntics experts en aquesta cultura.<\/p>\n<p>&nbsp;<\/p>\n<p>Voleu veure&#8217;n una mica m\u00e9s? Cliqueu aqu\u00ed:<\/p>\n<p><a href=\"https:\/\/photos.app.goo.gl\/15mAFb1BcNHZsGnl2\"><img loading=\"lazy\" decoding=\"async\" class=\"alignnone wp-image-2249 size-full\" src=\"http:\/\/agora.xtec.cat\/ceipponent-granollers\/wp-content\/uploads\/usu1522\/2018\/03\/IMG_20180210_075042.jpg\" alt=\"\" width=\"784\" height=\"588\" srcset=\"https:\/\/agora.xtec.cat\/ceipponent-granollers\/wp-content\/uploads\/usu1522\/2018\/03\/IMG_20180210_075042.jpg 784w, https:\/\/agora.xtec.cat\/ceipponent-granollers\/wp-content\/uploads\/usu1522\/2018\/03\/IMG_20180210_075042-300x225.jpg 300w, https:\/\/agora.xtec.cat\/ceipponent-granollers\/wp-content\/uploads\/usu1522\/2018\/03\/IMG_20180210_075042-768x576.jpg 768w, https:\/\/agora.xtec.cat\/ceipponent-granollers\/wp-content\/uploads\/usu1522\/2018\/03\/IMG_20180210_075042-200x150.jpg 200w\" sizes=\"auto, (max-width: 784px) 100vw, 784px\" \/><\/a><\/p>\n<p>&nbsp;<\/p>\n","protected":false},"excerpt":{"rendered":"<p>&nbsp;<br \/>\nLa Setmana Cultural va arribar amb molta for\u00e7a el passat mes de febrer.<br \/>\nTota l&#8217;escola es va convertir en diferents Meravelles del M\u00f3n, i a 3r ens vam transformar en el Taj Mahal, situat a l&#8217;\u00cdndia.<br \/>\nVam fer tot un viatge incre\u00efble al voltant dels diferents costums&hellip;  <a href=\"https:\/\/agora.xtec.cat\/ceipponent-granollers\/portada\/per-la-setmana-cultural-ens-convertim-en-hindus\/\" title=\"Read Per la Setmana Cultural, els nens i nenes de 3r ens convertim en hind\u00fas!\">Llegeix m\u00e9s\u00bb<\/a><\/p>\n","protected":false},"author":13,"featured_media":2249,"comment_status":"open","ping_status":"closed","sticky":false,"template":"","format":"standard","meta":{"_bbp_topic_count":0,"_bbp_reply_count":0,"_bbp_total_topic_count":0,"_bbp_total_reply_count":0,"_bbp_voice_count":0,"_bbp_anonymous_reply_count":0,"_bbp_topic_count_hidden":0,"_bbp_reply_count_hidden":0,"_bbp_forum_subforum_count":0,"footnotes":""},"categories":[12,4],"tags":[],"class_list":["post-2237","post","type-post","status-publish","format-standard","has-post-thumbnail","hentry","category-3r","category-portada"],"post_mailing_queue_ids":[],"_links":{"self":[{"href":"https:\/\/agora.xtec.cat\/ceipponent-granollers\/wp-json\/wp\/v2\/posts\/2237","targetHints":{"allow":["GET"]}}],"collection":[{"href":"https:\/\/agora.xtec.cat\/ceipponent-granollers\/wp-json\/wp\/v2\/posts"}],"about":[{"href":"https:\/\/agora.xtec.cat\/ceipponent-granollers\/wp-json\/wp\/v2\/types\/post"}],"author":[{"embeddable":true,"href":"https:\/\/agora.xtec.cat\/ceipponent-granollers\/wp-json\/wp\/v2\/users\/13"}],"replies":[{"embeddable":true,"href":"https:\/\/agora.xtec.cat\/ceipponent-granollers\/wp-json\/wp\/v2\/comments?post=2237"}],"version-history":[{"count":3,"href":"https:\/\/agora.xtec.cat\/ceipponent-granollers\/wp-json\/wp\/v2\/posts\/2237\/revisions"}],"predecessor-version":[{"id":2345,"href":"https:\/\/agora.xtec.cat\/ceipponent-granollers\/wp-json\/wp\/v2\/posts\/2237\/revisions\/2345"}],"wp:featuredmedia":[{"embeddable":true,"href":"https:\/\/agora.xtec.cat\/ceipponent-granollers\/wp-json\/wp\/v2\/media\/2249"}],"wp:attachment":[{"href":"https:\/\/agora.xtec.cat\/ceipponent-granollers\/wp-json\/wp\/v2\/media?parent=2237"}],"wp:term":[{"taxonomy":"category","embeddable":true,"href":"https:\/\/agora.xtec.cat\/ceipponent-granollers\/wp-json\/wp\/v2\/categories?post=2237"},{"taxonomy":"post_tag","embeddable":true,"href":"https:\/\/agora.xtec.cat\/ceipponent-granollers\/wp-json\/wp\/v2\/tags?post=2237"}],"curies":[{"name":"wp","href":"https:\/\/api.w.org\/{rel}","templated":true}]}}