{"id":1898,"date":"2018-02-13T19:09:54","date_gmt":"2018-02-13T18:09:54","guid":{"rendered":"http:\/\/agora.xtec.cat\/ceipponent-granollers\/?p=1898"},"modified":"2018-02-24T16:44:21","modified_gmt":"2018-02-24T15:44:21","slug":"les-mares-i-pares-ensenyen-les-meravelles-del-mon-a-la-setmana-cultural","status":"publish","type":"post","link":"https:\/\/agora.xtec.cat\/ceipponent-granollers\/general\/les-mares-i-pares-ensenyen-les-meravelles-del-mon-a-la-setmana-cultural\/","title":{"rendered":"Les mares i pares ensenyen les meravelles del m\u00f3n a la Setmana cultural"},"content":{"rendered":"<p>Dins dels actes de la Setmana cultural de l&#8217;escola, que enguany ha estat dedicada a con\u00e8ixer les <em>Meravelles del m\u00f3n<\/em>, el passat 7 de febrer pares i mares voluntaris de l&#8217;escola, liderats pel <a href=\"https:\/\/agora.xtec.cat\/ceipponent-granollers\/ampa\/que-fem\/taller-de-mares-i-pares\/\" target=\"_blank\" rel=\"noopener noreferrer\">Taller de mares<\/a>, vam ensenyar a les fam\u00edlies les meravelles dels nostres pa\u00efsos. Vam fer una exposici\u00f3 d&#8217;artesania, m\u00fasica, tradicions, monuments i roba del Marroc, Catalunya, Senegal, Guinea, Gambia, Bol\u00edvia, Vene\u00e7uela i Equador.<\/p>\n<p>Vam comptar amb l&#8217;animaci\u00f3 musical d&#8217;un grup que va tocar peces tradicionals vene\u00e7olanes i unes mares volunt\u00e0ries van fer tatuatges de henna i trenetes als nostres alumnes, mares i mestres. Va ser tota una experi\u00e8ncia d&#8217;enriquiment i diversitat cultural!<\/p>\n<p>Clica per veure <a href=\"https:\/\/drive.google.com\/open?id=1wr6mCY_BLlHBvicr-BT-1m8sAt8crBQu\" target=\"_blank\" rel=\"noopener noreferrer\">l&#8217;\u00e0lbum de fotos complet<\/a>!<\/p>\n\n\t\t<style type=\"text\/css\">\n\t\t\t#gallery-1 {\n\t\t\t\tmargin: auto;\n\t\t\t}\n\t\t\t#gallery-1 .gallery-item {\n\t\t\t\tfloat: left;\n\t\t\t\tmargin-top: 10px;\n\t\t\t\ttext-align: center;\n\t\t\t\twidth: 33%;\n\t\t\t}\n\t\t\t#gallery-1 img {\n\t\t\t\tborder: 2px solid #cfcfcf;\n\t\t\t}\n\t\t\t#gallery-1 .gallery-caption {\n\t\t\t\tmargin-left: 0;\n\t\t\t}\n\t\t\t\/* see gallery_shortcode() in wp-includes\/media.php *\/\n\t\t<\/style>\n\t\t<div id='gallery-1' class='gallery galleryid-1898 gallery-columns-3 gallery-size-thumbnail'><dl class='gallery-item'>\n\t\t\t<dt class='gallery-icon landscape'>\n\t\t\t\t<a href='https:\/\/agora.xtec.cat\/ceipponent-granollers\/general\/les-mares-i-pares-ensenyen-les-meravelles-del-mon-a-la-setmana-cultural\/attachment\/3-3\/'><img loading=\"lazy\" decoding=\"async\" width=\"150\" height=\"150\" src=\"https:\/\/agora.xtec.cat\/ceipponent-granollers\/wp-content\/uploads\/usu1522\/2018\/02\/3-150x150.jpg\" class=\"attachment-thumbnail size-thumbnail\" alt=\"\" \/><\/a>\n\t\t\t<\/dt><\/dl><dl class='gallery-item'>\n\t\t\t<dt class='gallery-icon landscape'>\n\t\t\t\t<a href='https:\/\/agora.xtec.cat\/ceipponent-granollers\/general\/les-mares-i-pares-ensenyen-les-meravelles-del-mon-a-la-setmana-cultural\/attachment\/2-4\/'><img loading=\"lazy\" decoding=\"async\" width=\"150\" height=\"150\" src=\"https:\/\/agora.xtec.cat\/ceipponent-granollers\/wp-content\/uploads\/usu1522\/2018\/02\/2-150x150.jpg\" class=\"attachment-thumbnail size-thumbnail\" alt=\"\" \/><\/a>\n\t\t\t<\/dt><\/dl><dl class='gallery-item'>\n\t\t\t<dt class='gallery-icon landscape'>\n\t\t\t\t<a href='https:\/\/agora.xtec.cat\/ceipponent-granollers\/general\/les-mares-i-pares-ensenyen-les-meravelles-del-mon-a-la-setmana-cultural\/attachment\/1-2\/'><img loading=\"lazy\" decoding=\"async\" width=\"150\" height=\"150\" src=\"https:\/\/agora.xtec.cat\/ceipponent-granollers\/wp-content\/uploads\/usu1522\/2018\/02\/1-150x150.jpg\" class=\"attachment-thumbnail size-thumbnail\" alt=\"\" \/><\/a>\n\t\t\t<\/dt><\/dl><br style=\"clear: both\" \/><dl class='gallery-item'>\n\t\t\t<dt class='gallery-icon landscape'>\n\t\t\t\t<a href='https:\/\/agora.xtec.cat\/ceipponent-granollers\/general\/les-mares-i-pares-ensenyen-les-meravelles-del-mon-a-la-setmana-cultural\/attachment\/img_7063\/'><img loading=\"lazy\" decoding=\"async\" width=\"150\" height=\"150\" src=\"https:\/\/agora.xtec.cat\/ceipponent-granollers\/wp-content\/uploads\/usu1522\/2018\/02\/IMG_7063-150x150.jpg\" class=\"attachment-thumbnail size-thumbnail\" alt=\"\" \/><\/a>\n\t\t\t<\/dt><\/dl><dl class='gallery-item'>\n\t\t\t<dt class='gallery-icon landscape'>\n\t\t\t\t<a href='https:\/\/agora.xtec.cat\/ceipponent-granollers\/general\/les-mares-i-pares-ensenyen-les-meravelles-del-mon-a-la-setmana-cultural\/attachment\/img_7058\/'><img loading=\"lazy\" decoding=\"async\" width=\"150\" height=\"150\" src=\"https:\/\/agora.xtec.cat\/ceipponent-granollers\/wp-content\/uploads\/usu1522\/2018\/02\/IMG_7058-150x150.jpg\" class=\"attachment-thumbnail size-thumbnail\" alt=\"\" \/><\/a>\n\t\t\t<\/dt><\/dl><dl class='gallery-item'>\n\t\t\t<dt class='gallery-icon landscape'>\n\t\t\t\t<a href='https:\/\/agora.xtec.cat\/ceipponent-granollers\/general\/les-mares-i-pares-ensenyen-les-meravelles-del-mon-a-la-setmana-cultural\/attachment\/img_7056\/'><img loading=\"lazy\" decoding=\"async\" width=\"150\" height=\"150\" src=\"https:\/\/agora.xtec.cat\/ceipponent-granollers\/wp-content\/uploads\/usu1522\/2018\/02\/IMG_7056-150x150.jpg\" class=\"attachment-thumbnail size-thumbnail\" alt=\"\" \/><\/a>\n\t\t\t<\/dt><\/dl><br style=\"clear: both\" \/><dl class='gallery-item'>\n\t\t\t<dt class='gallery-icon landscape'>\n\t\t\t\t<a href='https:\/\/agora.xtec.cat\/ceipponent-granollers\/general\/les-mares-i-pares-ensenyen-les-meravelles-del-mon-a-la-setmana-cultural\/attachment\/img_7033\/'><img loading=\"lazy\" decoding=\"async\" width=\"150\" height=\"150\" src=\"https:\/\/agora.xtec.cat\/ceipponent-granollers\/wp-content\/uploads\/usu1522\/2018\/02\/IMG_7033-150x150.jpg\" class=\"attachment-thumbnail size-thumbnail\" alt=\"\" \/><\/a>\n\t\t\t<\/dt><\/dl><dl class='gallery-item'>\n\t\t\t<dt class='gallery-icon portrait'>\n\t\t\t\t<a href='https:\/\/agora.xtec.cat\/ceipponent-granollers\/general\/les-mares-i-pares-ensenyen-les-meravelles-del-mon-a-la-setmana-cultural\/attachment\/img_2087\/'><img loading=\"lazy\" decoding=\"async\" width=\"150\" height=\"150\" src=\"https:\/\/agora.xtec.cat\/ceipponent-granollers\/wp-content\/uploads\/usu1522\/2018\/02\/IMG_2087-150x150.jpg\" class=\"attachment-thumbnail size-thumbnail\" alt=\"\" \/><\/a>\n\t\t\t<\/dt><\/dl><dl class='gallery-item'>\n\t\t\t<dt class='gallery-icon landscape'>\n\t\t\t\t<a href='https:\/\/agora.xtec.cat\/ceipponent-granollers\/general\/les-mares-i-pares-ensenyen-les-meravelles-del-mon-a-la-setmana-cultural\/attachment\/img_7002\/'><img loading=\"lazy\" decoding=\"async\" width=\"150\" height=\"150\" src=\"https:\/\/agora.xtec.cat\/ceipponent-granollers\/wp-content\/uploads\/usu1522\/2018\/02\/IMG_7002-150x150.jpg\" class=\"attachment-thumbnail size-thumbnail\" alt=\"\" \/><\/a>\n\t\t\t<\/dt><\/dl><br style=\"clear: both\" \/>\n\t\t<\/div>\n\n","protected":false},"excerpt":{"rendered":"<p>Dins dels actes de la Setmana cultural de l&#8217;escola, que enguany ha estat dedicada a con\u00e8ixer les Meravelles del m\u00f3n, el passat 7 de febrer pares i mares voluntaris de l&#8217;escola, liderats pel <a href=\"https:\/\/agora.xtec.cat\/ceipponent-granollers\/ampa\/que-fem\/taller-de-mares-i-pares\/\" target=\"_blank\" rel=\"noopener noreferrer\">Taller de mares<\/a>, vam ensenyar a les fam\u00edlies&hellip;  <a href=\"https:\/\/agora.xtec.cat\/ceipponent-granollers\/general\/les-mares-i-pares-ensenyen-les-meravelles-del-mon-a-la-setmana-cultural\/\" title=\"Read Les mares i pares ensenyen les meravelles del m\u00f3n a la Setmana cultural\">Llegeix m\u00e9s\u00bb<\/a><\/p>\n","protected":false},"author":25,"featured_media":1900,"comment_status":"open","ping_status":"closed","sticky":false,"template":"","format":"standard","meta":{"_bbp_topic_count":0,"_bbp_reply_count":0,"_bbp_total_topic_count":0,"_bbp_total_reply_count":0,"_bbp_voice_count":0,"_bbp_anonymous_reply_count":0,"_bbp_topic_count_hidden":0,"_bbp_reply_count_hidden":0,"_bbp_forum_subforum_count":0,"footnotes":""},"categories":[7,1,4],"tags":[66,74],"class_list":["post-1898","post","type-post","status-publish","format-standard","has-post-thumbnail","hentry","category-ampa","category-general","category-portada","tag-ampa","tag-setmana-cultural"],"post_mailing_queue_ids":[],"_links":{"self":[{"href":"https:\/\/agora.xtec.cat\/ceipponent-granollers\/wp-json\/wp\/v2\/posts\/1898","targetHints":{"allow":["GET"]}}],"collection":[{"href":"https:\/\/agora.xtec.cat\/ceipponent-granollers\/wp-json\/wp\/v2\/posts"}],"about":[{"href":"https:\/\/agora.xtec.cat\/ceipponent-granollers\/wp-json\/wp\/v2\/types\/post"}],"author":[{"embeddable":true,"href":"https:\/\/agora.xtec.cat\/ceipponent-granollers\/wp-json\/wp\/v2\/users\/25"}],"replies":[{"embeddable":true,"href":"https:\/\/agora.xtec.cat\/ceipponent-granollers\/wp-json\/wp\/v2\/comments?post=1898"}],"version-history":[{"count":3,"href":"https:\/\/agora.xtec.cat\/ceipponent-granollers\/wp-json\/wp\/v2\/posts\/1898\/revisions"}],"predecessor-version":[{"id":1997,"href":"https:\/\/agora.xtec.cat\/ceipponent-granollers\/wp-json\/wp\/v2\/posts\/1898\/revisions\/1997"}],"wp:featuredmedia":[{"embeddable":true,"href":"https:\/\/agora.xtec.cat\/ceipponent-granollers\/wp-json\/wp\/v2\/media\/1900"}],"wp:attachment":[{"href":"https:\/\/agora.xtec.cat\/ceipponent-granollers\/wp-json\/wp\/v2\/media?parent=1898"}],"wp:term":[{"taxonomy":"category","embeddable":true,"href":"https:\/\/agora.xtec.cat\/ceipponent-granollers\/wp-json\/wp\/v2\/categories?post=1898"},{"taxonomy":"post_tag","embeddable":true,"href":"https:\/\/agora.xtec.cat\/ceipponent-granollers\/wp-json\/wp\/v2\/tags?post=1898"}],"curies":[{"name":"wp","href":"https:\/\/api.w.org\/{rel}","templated":true}]}}