{"id":1548,"date":"2017-09-18T17:56:20","date_gmt":"2017-09-18T15:56:20","guid":{"rendered":"http:\/\/agora.xtec.cat\/ceipponent-granollers\/?p=1548"},"modified":"2018-02-01T12:00:32","modified_gmt":"2018-02-01T11:00:32","slug":"oberta-la-preinscripcio-a-les-activitats-extraescolars-2017-2018","status":"publish","type":"post","link":"https:\/\/agora.xtec.cat\/ceipponent-granollers\/general\/oberta-la-preinscripcio-a-les-activitats-extraescolars-2017-2018\/","title":{"rendered":"Oberta la preinscripci\u00f3 a les activitats extraescolars 2017-2018"},"content":{"rendered":"<p style=\"text-align: center;\"><a href=\"http:\/\/agora.xtec.cat\/ceipponent-granollers\/wp-content\/uploads\/usu1522\/2014\/09\/extraescolars1718.png\"><img loading=\"lazy\" decoding=\"async\" class=\"alignright size-full wp-image-1565\" src=\"http:\/\/agora.xtec.cat\/ceipponent-granollers\/wp-content\/uploads\/usu1522\/2014\/09\/extraescolars1718.png\" alt=\"\" width=\"963\" height=\"373\" srcset=\"https:\/\/agora.xtec.cat\/ceipponent-granollers\/wp-content\/uploads\/usu1522\/2014\/09\/extraescolars1718.png 963w, https:\/\/agora.xtec.cat\/ceipponent-granollers\/wp-content\/uploads\/usu1522\/2014\/09\/extraescolars1718-300x116.png 300w, https:\/\/agora.xtec.cat\/ceipponent-granollers\/wp-content\/uploads\/usu1522\/2014\/09\/extraescolars1718-768x297.png 768w\" sizes=\"auto, (max-width: 963px) 100vw, 963px\" \/><\/a><\/p>\n<p style=\"text-align: center;\">Poliesportiu 1r, 2n i 3r | B\u00e0squet, handbol i voleibol<\/p>\n<p style=\"text-align: center;\">Poliesportiu 4t, 5\u00e8 i 6\u00e8 | B\u00e0squet, handbol i tenis<\/p>\n<p><!--more--><\/p>\n<table class=\" aligncenter\" style=\"height: 221px; width: 262px; border-color: #ffffff;\">\n<tbody>\n<tr style=\"height: 49px;\">\n<td style=\"width: 155.817px; text-align: center; height: 49px;\"><strong>ACTIVITAT<\/strong><\/td>\n<td style=\"text-align: center; width: 98.1833px; height: 49px;\"><strong>PREU \/ MES<\/strong><\/td>\n<\/tr>\n<tr style=\"height: 57px;\">\n<td style=\"text-align: center; width: 155.817px; height: 57px;\">Angl\u00e8s i escacs<\/td>\n<td style=\"text-align: center; width: 98.1833px; height: 57px;\">20 \u20ac<\/td>\n<\/tr>\n<tr style=\"height: 57px;\">\n<td style=\"text-align: center; width: 155.817px; height: 57px;\">Gimn\u00e0stica aer\u00f2bica*<br \/>\nBalls*<br \/>\nPatinatge*<\/td>\n<td style=\"text-align: center; width: 98.1833px; height: 57px;\">15 \u20ac<\/td>\n<\/tr>\n<tr style=\"height: 57px;\">\n<td style=\"text-align: center; width: 155.817px; height: 57px;\">Poliesportiu*<\/td>\n<td style=\"text-align: center; width: 98.1833px; height: 57px;\">12 \u20ac<\/td>\n<\/tr>\n<\/tbody>\n<\/table>\n<p>&nbsp;<\/p>\n<p>*A les activitats de Gimn\u00e0stica aer\u00f2bica, Poliesportiu, Ball i Patinatge, cada alumne ha de pagar l\u2019asseguran\u00e7a esportiva de 4,5 \u20ac per any.<\/p>\n<p>Aclariments:<a href=\"http:\/\/agora.xtec.cat\/ceipponent-granollers\/wp-content\/uploads\/usu1522\/2014\/09\/extraescolars-2.png\"><img loading=\"lazy\" decoding=\"async\" class=\" wp-image-798 alignright\" src=\"http:\/\/agora.xtec.cat\/ceipponent-granollers\/wp-content\/uploads\/usu1522\/2014\/09\/extraescolars-2.png\" alt=\"extraescolars-2\" width=\"218\" height=\"246\" srcset=\"https:\/\/agora.xtec.cat\/ceipponent-granollers\/wp-content\/uploads\/usu1522\/2014\/09\/extraescolars-2.png 765w, https:\/\/agora.xtec.cat\/ceipponent-granollers\/wp-content\/uploads\/usu1522\/2014\/09\/extraescolars-2-266x300.png 266w\" sizes=\"auto, (max-width: 218px) 100vw, 218px\" \/><\/a><\/p>\n<ul>\n<li>Totes les activitats extraescolars tenen una durada de 1 hora. A educaci\u00f3 infantil s\u2019inicien a les 16:30h, mentre que a educaci\u00f3 prim\u00e0ria ho fan a les 17:00h.<\/li>\n<li>Les activitats comencen a l\u2019octubre i finalitzen al maig.<\/li>\n<li>Es requereix un m\u00ednim de 10 alumnes per l\u2019inici i continu\u00eftat de l\u2019extraescolar.<\/li>\n<li>Les activitats es pagaran per mensualitats, a l\u2019inici s\u2019abonar\u00e0 la quota d\u2019octubre i maig.<\/li>\n<\/ul>\n<p><strong> DATA M\u00c0XIMA PRE-INSCRIPCI\u00d3 | 22 SETEMBRE<\/strong><\/p>\n","protected":false},"excerpt":{"rendered":"<p><a href=\"http:\/\/agora.xtec.cat\/ceipponent-granollers\/wp-content\/uploads\/usu1522\/2014\/09\/extraescolars1718.png\"><\/a><br \/>\nPoliesportiu 1r, 2n i 3r | B\u00e0squet, handbol i voleibol<br \/>\nPoliesportiu 4t, 5\u00e8 i 6\u00e8 | B\u00e0squet, handbol i tenis<\/p>\n","protected":false},"author":25,"featured_media":1565,"comment_status":"closed","ping_status":"closed","sticky":false,"template":"","format":"standard","meta":{"_bbp_topic_count":0,"_bbp_reply_count":0,"_bbp_total_topic_count":0,"_bbp_total_reply_count":0,"_bbp_voice_count":0,"_bbp_anonymous_reply_count":0,"_bbp_topic_count_hidden":0,"_bbp_reply_count_hidden":0,"_bbp_forum_subforum_count":0,"footnotes":""},"categories":[7,1,4],"tags":[66],"class_list":["post-1548","post","type-post","status-publish","format-standard","has-post-thumbnail","hentry","category-ampa","category-general","category-portada","tag-ampa"],"post_mailing_queue_ids":[],"_links":{"self":[{"href":"https:\/\/agora.xtec.cat\/ceipponent-granollers\/wp-json\/wp\/v2\/posts\/1548","targetHints":{"allow":["GET"]}}],"collection":[{"href":"https:\/\/agora.xtec.cat\/ceipponent-granollers\/wp-json\/wp\/v2\/posts"}],"about":[{"href":"https:\/\/agora.xtec.cat\/ceipponent-granollers\/wp-json\/wp\/v2\/types\/post"}],"author":[{"embeddable":true,"href":"https:\/\/agora.xtec.cat\/ceipponent-granollers\/wp-json\/wp\/v2\/users\/25"}],"replies":[{"embeddable":true,"href":"https:\/\/agora.xtec.cat\/ceipponent-granollers\/wp-json\/wp\/v2\/comments?post=1548"}],"version-history":[{"count":3,"href":"https:\/\/agora.xtec.cat\/ceipponent-granollers\/wp-json\/wp\/v2\/posts\/1548\/revisions"}],"predecessor-version":[{"id":1611,"href":"https:\/\/agora.xtec.cat\/ceipponent-granollers\/wp-json\/wp\/v2\/posts\/1548\/revisions\/1611"}],"wp:featuredmedia":[{"embeddable":true,"href":"https:\/\/agora.xtec.cat\/ceipponent-granollers\/wp-json\/wp\/v2\/media\/1565"}],"wp:attachment":[{"href":"https:\/\/agora.xtec.cat\/ceipponent-granollers\/wp-json\/wp\/v2\/media?parent=1548"}],"wp:term":[{"taxonomy":"category","embeddable":true,"href":"https:\/\/agora.xtec.cat\/ceipponent-granollers\/wp-json\/wp\/v2\/categories?post=1548"},{"taxonomy":"post_tag","embeddable":true,"href":"https:\/\/agora.xtec.cat\/ceipponent-granollers\/wp-json\/wp\/v2\/tags?post=1548"}],"curies":[{"name":"wp","href":"https:\/\/api.w.org\/{rel}","templated":true}]}}