{"id":1526,"date":"2017-09-15T12:25:25","date_gmt":"2017-09-15T10:25:25","guid":{"rendered":"http:\/\/agora.xtec.cat\/ceipponent-granollers\/?p=1526"},"modified":"2018-02-01T12:00:33","modified_gmt":"2018-02-01T11:00:33","slug":"1r-premi-de-la-fapac-per-al-taller-de-mares-i-pares-de-ponent","status":"publish","type":"post","link":"https:\/\/agora.xtec.cat\/ceipponent-granollers\/general\/1r-premi-de-la-fapac-per-al-taller-de-mares-i-pares-de-ponent\/","title":{"rendered":"1r premi de la FaPaC per al taller de mares i pares de Ponent!"},"content":{"rendered":"<p>El taller de mares i pares de l&#8217;AMPA ha rebut el <a href=\"http:\/\/www.fapac.cat\/premis-fapac\/2017\" target=\"_blank\" rel=\"noopener noreferrer\">1r Premi de la FAPAC<\/a> a la millor iniciativa en la categoria <em>Tothom a l\u2019AMPA<\/em> de l\u2019any 2017. El taller va comen\u00e7ar a funcionar el curs 2014-2015 i \u00e9s un espai de trobada i intercanvi d\u2019experi\u00e8ncies entre mares i pares de l\u2019escola, amb la pr\u00e0ctica del catal\u00e0 com a via d\u2019inclusi\u00f3 i aprenentatge mutu.<\/p>\n<p>Ens trobem cada dijous a l&#8217;escola, de 9 a 11 del mat\u00ed, i tothom hi pot participar.<\/p>\n<p>Durant les trobades setmanals fem diverses activitats:<\/p>\n<ul>\n<li>Seguim el calendari escolar i fem activitats paral\u2022leles com preparar contes per Sant Jordi o can\u00e7ons populars dels pa\u00efsos d\u2019origen de les fam\u00edlies.<\/li>\n<li>Practiquem el catal\u00e0 per facilitar la integraci\u00f3 de les fam\u00edlies nouvingudes a la vida quotidiana i en l\u2019\u00e0mbit de cura dels fills: entrevista amb el tutor, visita al pediatra, compra d\u2019aliments i paraments b\u00e0sics per la llar\u2026<\/li>\n<li>Coneixem altres cultures i bagatges, amb presentacions per explicar trets caracter\u00edstics dels pa\u00efsos o ciutats d\u2019origen de mares i pares: gastronomia, tradicions\u2026<\/li>\n<\/ul>\n<p style=\"text-align: center;\"><a href=\"http:\/\/agora.xtec.cat\/ceipponent-granollers\/wp-content\/uploads\/usu1522\/2017\/09\/taller-de-mares-1.jpg\"><img loading=\"lazy\" decoding=\"async\" class=\"alignnone size-large wp-image-1529\" src=\"http:\/\/agora.xtec.cat\/ceipponent-granollers\/wp-content\/uploads\/usu1522\/2017\/09\/taller-de-mares-1-1024x575.jpg\" alt=\"\" width=\"1024\" height=\"575\" srcset=\"https:\/\/agora.xtec.cat\/ceipponent-granollers\/wp-content\/uploads\/usu1522\/2017\/09\/taller-de-mares-1-1024x575.jpg 1024w, https:\/\/agora.xtec.cat\/ceipponent-granollers\/wp-content\/uploads\/usu1522\/2017\/09\/taller-de-mares-1-300x169.jpg 300w, https:\/\/agora.xtec.cat\/ceipponent-granollers\/wp-content\/uploads\/usu1522\/2017\/09\/taller-de-mares-1-768x431.jpg 768w, https:\/\/agora.xtec.cat\/ceipponent-granollers\/wp-content\/uploads\/usu1522\/2017\/09\/taller-de-mares-1.jpg 1296w\" sizes=\"auto, (max-width: 1024px) 100vw, 1024px\" \/><\/a> <a href=\"http:\/\/agora.xtec.cat\/ceipponent-granollers\/wp-content\/uploads\/usu1522\/2017\/09\/taller-de-mares-2.jpg\"><img loading=\"lazy\" decoding=\"async\" class=\"alignnone size-large wp-image-1530\" src=\"http:\/\/agora.xtec.cat\/ceipponent-granollers\/wp-content\/uploads\/usu1522\/2017\/09\/taller-de-mares-2-1024x576.jpg\" alt=\"\" width=\"1024\" height=\"576\" srcset=\"https:\/\/agora.xtec.cat\/ceipponent-granollers\/wp-content\/uploads\/usu1522\/2017\/09\/taller-de-mares-2-1024x576.jpg 1024w, https:\/\/agora.xtec.cat\/ceipponent-granollers\/wp-content\/uploads\/usu1522\/2017\/09\/taller-de-mares-2-300x169.jpg 300w, https:\/\/agora.xtec.cat\/ceipponent-granollers\/wp-content\/uploads\/usu1522\/2017\/09\/taller-de-mares-2-768x432.jpg 768w, https:\/\/agora.xtec.cat\/ceipponent-granollers\/wp-content\/uploads\/usu1522\/2017\/09\/taller-de-mares-2.jpg 1328w\" sizes=\"auto, (max-width: 1024px) 100vw, 1024px\" \/><\/a><\/p>\n","protected":false},"excerpt":{"rendered":"<p>El taller de mares i pares de l&#8217;AMPA ha rebut el <a href=\"http:\/\/www.fapac.cat\/premis-fapac\/2017\" target=\"_blank\" rel=\"noopener noreferrer\">1r Premi de la FAPAC<\/a> a la millor iniciativa en la categoria Tothom a l\u2019AMPA de l\u2019any 2017. El taller va comen\u00e7ar a funcionar el curs 2014-2015 i \u00e9s un&hellip;  <a href=\"https:\/\/agora.xtec.cat\/ceipponent-granollers\/general\/1r-premi-de-la-fapac-per-al-taller-de-mares-i-pares-de-ponent\/\" title=\"Read 1r premi de la FaPaC per al taller de mares i pares de Ponent!\">Llegeix m\u00e9s\u00bb<\/a><\/p>\n","protected":false},"author":25,"featured_media":1527,"comment_status":"closed","ping_status":"closed","sticky":false,"template":"","format":"standard","meta":{"_bbp_topic_count":0,"_bbp_reply_count":0,"_bbp_total_topic_count":0,"_bbp_total_reply_count":0,"_bbp_voice_count":0,"_bbp_anonymous_reply_count":0,"_bbp_topic_count_hidden":0,"_bbp_reply_count_hidden":0,"_bbp_forum_subforum_count":0,"footnotes":""},"categories":[7,1,4],"tags":[66],"class_list":["post-1526","post","type-post","status-publish","format-standard","has-post-thumbnail","hentry","category-ampa","category-general","category-portada","tag-ampa"],"post_mailing_queue_ids":[],"_links":{"self":[{"href":"https:\/\/agora.xtec.cat\/ceipponent-granollers\/wp-json\/wp\/v2\/posts\/1526","targetHints":{"allow":["GET"]}}],"collection":[{"href":"https:\/\/agora.xtec.cat\/ceipponent-granollers\/wp-json\/wp\/v2\/posts"}],"about":[{"href":"https:\/\/agora.xtec.cat\/ceipponent-granollers\/wp-json\/wp\/v2\/types\/post"}],"author":[{"embeddable":true,"href":"https:\/\/agora.xtec.cat\/ceipponent-granollers\/wp-json\/wp\/v2\/users\/25"}],"replies":[{"embeddable":true,"href":"https:\/\/agora.xtec.cat\/ceipponent-granollers\/wp-json\/wp\/v2\/comments?post=1526"}],"version-history":[{"count":3,"href":"https:\/\/agora.xtec.cat\/ceipponent-granollers\/wp-json\/wp\/v2\/posts\/1526\/revisions"}],"predecessor-version":[{"id":1556,"href":"https:\/\/agora.xtec.cat\/ceipponent-granollers\/wp-json\/wp\/v2\/posts\/1526\/revisions\/1556"}],"wp:featuredmedia":[{"embeddable":true,"href":"https:\/\/agora.xtec.cat\/ceipponent-granollers\/wp-json\/wp\/v2\/media\/1527"}],"wp:attachment":[{"href":"https:\/\/agora.xtec.cat\/ceipponent-granollers\/wp-json\/wp\/v2\/media?parent=1526"}],"wp:term":[{"taxonomy":"category","embeddable":true,"href":"https:\/\/agora.xtec.cat\/ceipponent-granollers\/wp-json\/wp\/v2\/categories?post=1526"},{"taxonomy":"post_tag","embeddable":true,"href":"https:\/\/agora.xtec.cat\/ceipponent-granollers\/wp-json\/wp\/v2\/tags?post=1526"}],"curies":[{"name":"wp","href":"https:\/\/api.w.org\/{rel}","templated":true}]}}