{"id":14118,"date":"2025-05-28T21:21:43","date_gmt":"2025-05-28T19:21:43","guid":{"rendered":"https:\/\/agora.xtec.cat\/ceipponent-granollers\/?p=14118"},"modified":"2025-05-28T21:21:43","modified_gmt":"2025-05-28T19:21:43","slug":"trobada-petjades-de-canvi-per-un-mon-sostenible","status":"publish","type":"post","link":"https:\/\/agora.xtec.cat\/ceipponent-granollers\/portada\/trobada-petjades-de-canvi-per-un-mon-sostenible\/","title":{"rendered":"Trobada &#8220;Petjades de canvi per un m\u00f3n sostenible&#8221;"},"content":{"rendered":"<p>Aquest mat\u00ed l&#8217;alumnat de 4t ha anat a la pla\u00e7a de la Porxada per participar en una trobada amb nens i nenes d&#8217;altres escoles que han participat al projecte de &#8220;Petjades de canvi per un m\u00f3n sostenible&#8221;.<\/p>\n<p>All\u00e0 ens hem dividit en petits grups barrejant-nos amb altres escoles de Granollers. Hem fet activitats de coneixen\u00e7a per trencar el gel i despr\u00e9s els infants han participat en unes activitats de reflexi\u00f3 sobre el tema de la sostenibilitat.<\/p>\n<p>Ha estar una gran jornada, on l&#8217;alumnat ha pogut jugar, passar-ho b\u00e9, aprendre coses i fer nous amics de Granollers.<\/p>\n<p>Gr\u00e0cies a Can Jonch i ha tothom que ha participat en l&#8217;organitzaci\u00f3 d&#8217;aquesta trobada. Ha estat un gran \u00e8xit!<\/p>\n\n\t\t<style type=\"text\/css\">\n\t\t\t#gallery-1 {\n\t\t\t\tmargin: auto;\n\t\t\t}\n\t\t\t#gallery-1 .gallery-item {\n\t\t\t\tfloat: left;\n\t\t\t\tmargin-top: 10px;\n\t\t\t\ttext-align: center;\n\t\t\t\twidth: 25%;\n\t\t\t}\n\t\t\t#gallery-1 img {\n\t\t\t\tborder: 2px solid #cfcfcf;\n\t\t\t}\n\t\t\t#gallery-1 .gallery-caption {\n\t\t\t\tmargin-left: 0;\n\t\t\t}\n\t\t\t\/* see gallery_shortcode() in wp-includes\/media.php *\/\n\t\t<\/style>\n\t\t<div id='gallery-1' class='gallery galleryid-14118 gallery-columns-4 gallery-size-large'><dl class='gallery-item'>\n\t\t\t<dt class='gallery-icon portrait'>\n\t\t\t\t<a href='https:\/\/agora.xtec.cat\/ceipponent-granollers\/portada\/trobada-petjades-de-canvi-per-un-mon-sostenible\/attachment\/whatsapp-image-2025-05-28-at-14-08-12\/'><img loading=\"lazy\" decoding=\"async\" width=\"768\" height=\"1024\" src=\"https:\/\/agora.xtec.cat\/ceipponent-granollers\/wp-content\/uploads\/usu1522\/2025\/05\/WhatsApp-Image-2025-05-28-at-14.08.12-768x1024.jpeg\" class=\"attachment-large size-large\" alt=\"\" srcset=\"https:\/\/agora.xtec.cat\/ceipponent-granollers\/wp-content\/uploads\/usu1522\/2025\/05\/WhatsApp-Image-2025-05-28-at-14.08.12-768x1024.jpeg 768w, https:\/\/agora.xtec.cat\/ceipponent-granollers\/wp-content\/uploads\/usu1522\/2025\/05\/WhatsApp-Image-2025-05-28-at-14.08.12-225x300.jpeg 225w, https:\/\/agora.xtec.cat\/ceipponent-granollers\/wp-content\/uploads\/usu1522\/2025\/05\/WhatsApp-Image-2025-05-28-at-14.08.12-1152x1536.jpeg 1152w, https:\/\/agora.xtec.cat\/ceipponent-granollers\/wp-content\/uploads\/usu1522\/2025\/05\/WhatsApp-Image-2025-05-28-at-14.08.12.jpeg 1536w\" sizes=\"auto, (max-width: 768px) 100vw, 768px\" \/><\/a>\n\t\t\t<\/dt><\/dl><dl class='gallery-item'>\n\t\t\t<dt class='gallery-icon portrait'>\n\t\t\t\t<a href='https:\/\/agora.xtec.cat\/ceipponent-granollers\/portada\/trobada-petjades-de-canvi-per-un-mon-sostenible\/attachment\/whatsapp-image-2025-05-28-at-14-08-11-1\/'><img loading=\"lazy\" decoding=\"async\" width=\"768\" height=\"1024\" src=\"https:\/\/agora.xtec.cat\/ceipponent-granollers\/wp-content\/uploads\/usu1522\/2025\/05\/WhatsApp-Image-2025-05-28-at-14.08.11-1-768x1024.jpeg\" class=\"attachment-large size-large\" alt=\"\" srcset=\"https:\/\/agora.xtec.cat\/ceipponent-granollers\/wp-content\/uploads\/usu1522\/2025\/05\/WhatsApp-Image-2025-05-28-at-14.08.11-1-768x1024.jpeg 768w, https:\/\/agora.xtec.cat\/ceipponent-granollers\/wp-content\/uploads\/usu1522\/2025\/05\/WhatsApp-Image-2025-05-28-at-14.08.11-1-225x300.jpeg 225w, https:\/\/agora.xtec.cat\/ceipponent-granollers\/wp-content\/uploads\/usu1522\/2025\/05\/WhatsApp-Image-2025-05-28-at-14.08.11-1-1152x1536.jpeg 1152w, https:\/\/agora.xtec.cat\/ceipponent-granollers\/wp-content\/uploads\/usu1522\/2025\/05\/WhatsApp-Image-2025-05-28-at-14.08.11-1.jpeg 1536w\" sizes=\"auto, (max-width: 768px) 100vw, 768px\" \/><\/a>\n\t\t\t<\/dt><\/dl><dl class='gallery-item'>\n\t\t\t<dt class='gallery-icon portrait'>\n\t\t\t\t<a href='https:\/\/agora.xtec.cat\/ceipponent-granollers\/portada\/trobada-petjades-de-canvi-per-un-mon-sostenible\/attachment\/whatsapp-image-2025-05-28-at-14-08-11\/'><img loading=\"lazy\" decoding=\"async\" width=\"768\" height=\"1024\" src=\"https:\/\/agora.xtec.cat\/ceipponent-granollers\/wp-content\/uploads\/usu1522\/2025\/05\/WhatsApp-Image-2025-05-28-at-14.08.11-768x1024.jpeg\" class=\"attachment-large size-large\" alt=\"\" srcset=\"https:\/\/agora.xtec.cat\/ceipponent-granollers\/wp-content\/uploads\/usu1522\/2025\/05\/WhatsApp-Image-2025-05-28-at-14.08.11-768x1024.jpeg 768w, https:\/\/agora.xtec.cat\/ceipponent-granollers\/wp-content\/uploads\/usu1522\/2025\/05\/WhatsApp-Image-2025-05-28-at-14.08.11-225x300.jpeg 225w, https:\/\/agora.xtec.cat\/ceipponent-granollers\/wp-content\/uploads\/usu1522\/2025\/05\/WhatsApp-Image-2025-05-28-at-14.08.11-1152x1536.jpeg 1152w, https:\/\/agora.xtec.cat\/ceipponent-granollers\/wp-content\/uploads\/usu1522\/2025\/05\/WhatsApp-Image-2025-05-28-at-14.08.11.jpeg 1536w\" sizes=\"auto, (max-width: 768px) 100vw, 768px\" \/><\/a>\n\t\t\t<\/dt><\/dl><dl class='gallery-item'>\n\t\t\t<dt class='gallery-icon portrait'>\n\t\t\t\t<a href='https:\/\/agora.xtec.cat\/ceipponent-granollers\/portada\/trobada-petjades-de-canvi-per-un-mon-sostenible\/attachment\/whatsapp-image-2025-05-28-at-14-08-10-3\/'><img loading=\"lazy\" decoding=\"async\" width=\"768\" height=\"1024\" src=\"https:\/\/agora.xtec.cat\/ceipponent-granollers\/wp-content\/uploads\/usu1522\/2025\/05\/WhatsApp-Image-2025-05-28-at-14.08.10-3-768x1024.jpeg\" class=\"attachment-large size-large\" alt=\"\" srcset=\"https:\/\/agora.xtec.cat\/ceipponent-granollers\/wp-content\/uploads\/usu1522\/2025\/05\/WhatsApp-Image-2025-05-28-at-14.08.10-3-768x1024.jpeg 768w, https:\/\/agora.xtec.cat\/ceipponent-granollers\/wp-content\/uploads\/usu1522\/2025\/05\/WhatsApp-Image-2025-05-28-at-14.08.10-3-225x300.jpeg 225w, https:\/\/agora.xtec.cat\/ceipponent-granollers\/wp-content\/uploads\/usu1522\/2025\/05\/WhatsApp-Image-2025-05-28-at-14.08.10-3-1152x1536.jpeg 1152w, https:\/\/agora.xtec.cat\/ceipponent-granollers\/wp-content\/uploads\/usu1522\/2025\/05\/WhatsApp-Image-2025-05-28-at-14.08.10-3.jpeg 1536w\" sizes=\"auto, (max-width: 768px) 100vw, 768px\" \/><\/a>\n\t\t\t<\/dt><\/dl><br style=\"clear: both\" \/><dl class='gallery-item'>\n\t\t\t<dt class='gallery-icon portrait'>\n\t\t\t\t<a href='https:\/\/agora.xtec.cat\/ceipponent-granollers\/portada\/trobada-petjades-de-canvi-per-un-mon-sostenible\/attachment\/whatsapp-image-2025-05-28-at-14-08-10-2\/'><img loading=\"lazy\" decoding=\"async\" width=\"768\" height=\"1024\" src=\"https:\/\/agora.xtec.cat\/ceipponent-granollers\/wp-content\/uploads\/usu1522\/2025\/05\/WhatsApp-Image-2025-05-28-at-14.08.10-2-768x1024.jpeg\" class=\"attachment-large size-large\" alt=\"\" srcset=\"https:\/\/agora.xtec.cat\/ceipponent-granollers\/wp-content\/uploads\/usu1522\/2025\/05\/WhatsApp-Image-2025-05-28-at-14.08.10-2-768x1024.jpeg 768w, https:\/\/agora.xtec.cat\/ceipponent-granollers\/wp-content\/uploads\/usu1522\/2025\/05\/WhatsApp-Image-2025-05-28-at-14.08.10-2-225x300.jpeg 225w, https:\/\/agora.xtec.cat\/ceipponent-granollers\/wp-content\/uploads\/usu1522\/2025\/05\/WhatsApp-Image-2025-05-28-at-14.08.10-2-1152x1536.jpeg 1152w, https:\/\/agora.xtec.cat\/ceipponent-granollers\/wp-content\/uploads\/usu1522\/2025\/05\/WhatsApp-Image-2025-05-28-at-14.08.10-2.jpeg 1536w\" sizes=\"auto, (max-width: 768px) 100vw, 768px\" \/><\/a>\n\t\t\t<\/dt><\/dl><dl class='gallery-item'>\n\t\t\t<dt class='gallery-icon portrait'>\n\t\t\t\t<a href='https:\/\/agora.xtec.cat\/ceipponent-granollers\/portada\/trobada-petjades-de-canvi-per-un-mon-sostenible\/attachment\/whatsapp-image-2025-05-28-at-14-08-10-1\/'><img loading=\"lazy\" decoding=\"async\" width=\"768\" height=\"1024\" src=\"https:\/\/agora.xtec.cat\/ceipponent-granollers\/wp-content\/uploads\/usu1522\/2025\/05\/WhatsApp-Image-2025-05-28-at-14.08.10-1-768x1024.jpeg\" class=\"attachment-large size-large\" alt=\"\" srcset=\"https:\/\/agora.xtec.cat\/ceipponent-granollers\/wp-content\/uploads\/usu1522\/2025\/05\/WhatsApp-Image-2025-05-28-at-14.08.10-1-768x1024.jpeg 768w, https:\/\/agora.xtec.cat\/ceipponent-granollers\/wp-content\/uploads\/usu1522\/2025\/05\/WhatsApp-Image-2025-05-28-at-14.08.10-1-225x300.jpeg 225w, https:\/\/agora.xtec.cat\/ceipponent-granollers\/wp-content\/uploads\/usu1522\/2025\/05\/WhatsApp-Image-2025-05-28-at-14.08.10-1-1152x1536.jpeg 1152w, https:\/\/agora.xtec.cat\/ceipponent-granollers\/wp-content\/uploads\/usu1522\/2025\/05\/WhatsApp-Image-2025-05-28-at-14.08.10-1.jpeg 1536w\" sizes=\"auto, (max-width: 768px) 100vw, 768px\" \/><\/a>\n\t\t\t<\/dt><\/dl><dl class='gallery-item'>\n\t\t\t<dt class='gallery-icon portrait'>\n\t\t\t\t<a href='https:\/\/agora.xtec.cat\/ceipponent-granollers\/portada\/trobada-petjades-de-canvi-per-un-mon-sostenible\/attachment\/whatsapp-image-2025-05-28-at-14-08-10\/'><img loading=\"lazy\" decoding=\"async\" width=\"768\" height=\"1024\" src=\"https:\/\/agora.xtec.cat\/ceipponent-granollers\/wp-content\/uploads\/usu1522\/2025\/05\/WhatsApp-Image-2025-05-28-at-14.08.10-768x1024.jpeg\" class=\"attachment-large size-large\" alt=\"\" srcset=\"https:\/\/agora.xtec.cat\/ceipponent-granollers\/wp-content\/uploads\/usu1522\/2025\/05\/WhatsApp-Image-2025-05-28-at-14.08.10-768x1024.jpeg 768w, https:\/\/agora.xtec.cat\/ceipponent-granollers\/wp-content\/uploads\/usu1522\/2025\/05\/WhatsApp-Image-2025-05-28-at-14.08.10-225x300.jpeg 225w, https:\/\/agora.xtec.cat\/ceipponent-granollers\/wp-content\/uploads\/usu1522\/2025\/05\/WhatsApp-Image-2025-05-28-at-14.08.10-1152x1536.jpeg 1152w, https:\/\/agora.xtec.cat\/ceipponent-granollers\/wp-content\/uploads\/usu1522\/2025\/05\/WhatsApp-Image-2025-05-28-at-14.08.10.jpeg 1536w\" sizes=\"auto, (max-width: 768px) 100vw, 768px\" \/><\/a>\n\t\t\t<\/dt><\/dl><dl class='gallery-item'>\n\t\t\t<dt class='gallery-icon portrait'>\n\t\t\t\t<a href='https:\/\/agora.xtec.cat\/ceipponent-granollers\/portada\/trobada-petjades-de-canvi-per-un-mon-sostenible\/attachment\/whatsapp-image-2025-05-28-at-14-08-09\/'><img loading=\"lazy\" decoding=\"async\" width=\"768\" height=\"1024\" src=\"https:\/\/agora.xtec.cat\/ceipponent-granollers\/wp-content\/uploads\/usu1522\/2025\/05\/WhatsApp-Image-2025-05-28-at-14.08.09-768x1024.jpeg\" class=\"attachment-large size-large\" alt=\"\" srcset=\"https:\/\/agora.xtec.cat\/ceipponent-granollers\/wp-content\/uploads\/usu1522\/2025\/05\/WhatsApp-Image-2025-05-28-at-14.08.09-768x1024.jpeg 768w, https:\/\/agora.xtec.cat\/ceipponent-granollers\/wp-content\/uploads\/usu1522\/2025\/05\/WhatsApp-Image-2025-05-28-at-14.08.09-225x300.jpeg 225w, https:\/\/agora.xtec.cat\/ceipponent-granollers\/wp-content\/uploads\/usu1522\/2025\/05\/WhatsApp-Image-2025-05-28-at-14.08.09-1152x1536.jpeg 1152w, https:\/\/agora.xtec.cat\/ceipponent-granollers\/wp-content\/uploads\/usu1522\/2025\/05\/WhatsApp-Image-2025-05-28-at-14.08.09.jpeg 1536w\" sizes=\"auto, (max-width: 768px) 100vw, 768px\" \/><\/a>\n\t\t\t<\/dt><\/dl><br style=\"clear: both\" \/>\n\t\t<\/div>\n\n","protected":false},"excerpt":{"rendered":"<p>Aquest mat\u00ed l&#8217;alumnat de 4t ha anat a la pla\u00e7a de la Porxada per participar en una trobada amb nens i nenes d&#8217;altres escoles que han participat al projecte de &#8220;Petjades de canvi per un m\u00f3n sostenible&#8221;.<br \/>\nAll\u00e0 ens hem dividit en petits grups barrejant-nos amb&hellip;  <a href=\"https:\/\/agora.xtec.cat\/ceipponent-granollers\/portada\/trobada-petjades-de-canvi-per-un-mon-sostenible\/\" title=\"Read Trobada &#8220;Petjades de canvi per un m\u00f3n sostenible&#8221;\">Llegeix m\u00e9s\u00bb<\/a><\/p>\n","protected":false},"author":13,"featured_media":12810,"comment_status":"closed","ping_status":"closed","sticky":false,"template":"","format":"standard","meta":{"_bbp_topic_count":0,"_bbp_reply_count":0,"_bbp_total_topic_count":0,"_bbp_total_reply_count":0,"_bbp_voice_count":0,"_bbp_anonymous_reply_count":0,"_bbp_topic_count_hidden":0,"_bbp_reply_count_hidden":0,"_bbp_forum_subforum_count":0,"footnotes":""},"categories":[13,4],"tags":[],"class_list":["post-14118","post","type-post","status-publish","format-standard","has-post-thumbnail","hentry","category-4t","category-portada"],"post_mailing_queue_ids":[],"_links":{"self":[{"href":"https:\/\/agora.xtec.cat\/ceipponent-granollers\/wp-json\/wp\/v2\/posts\/14118","targetHints":{"allow":["GET"]}}],"collection":[{"href":"https:\/\/agora.xtec.cat\/ceipponent-granollers\/wp-json\/wp\/v2\/posts"}],"about":[{"href":"https:\/\/agora.xtec.cat\/ceipponent-granollers\/wp-json\/wp\/v2\/types\/post"}],"author":[{"embeddable":true,"href":"https:\/\/agora.xtec.cat\/ceipponent-granollers\/wp-json\/wp\/v2\/users\/13"}],"replies":[{"embeddable":true,"href":"https:\/\/agora.xtec.cat\/ceipponent-granollers\/wp-json\/wp\/v2\/comments?post=14118"}],"version-history":[{"count":1,"href":"https:\/\/agora.xtec.cat\/ceipponent-granollers\/wp-json\/wp\/v2\/posts\/14118\/revisions"}],"predecessor-version":[{"id":14127,"href":"https:\/\/agora.xtec.cat\/ceipponent-granollers\/wp-json\/wp\/v2\/posts\/14118\/revisions\/14127"}],"wp:featuredmedia":[{"embeddable":true,"href":"https:\/\/agora.xtec.cat\/ceipponent-granollers\/wp-json\/wp\/v2\/media\/12810"}],"wp:attachment":[{"href":"https:\/\/agora.xtec.cat\/ceipponent-granollers\/wp-json\/wp\/v2\/media?parent=14118"}],"wp:term":[{"taxonomy":"category","embeddable":true,"href":"https:\/\/agora.xtec.cat\/ceipponent-granollers\/wp-json\/wp\/v2\/categories?post=14118"},{"taxonomy":"post_tag","embeddable":true,"href":"https:\/\/agora.xtec.cat\/ceipponent-granollers\/wp-json\/wp\/v2\/tags?post=14118"}],"curies":[{"name":"wp","href":"https:\/\/api.w.org\/{rel}","templated":true}]}}