{"id":13608,"date":"2025-02-27T12:47:20","date_gmt":"2025-02-27T11:47:20","guid":{"rendered":"https:\/\/agora.xtec.cat\/ceipponent-granollers\/?p=13608"},"modified":"2025-02-27T12:47:20","modified_gmt":"2025-02-27T11:47:20","slug":"dijous-gras-a-lescola-ponent-una-sortida-plena-de-tradicio-i-convivencia-%f0%9f%8e%ad","status":"publish","type":"post","link":"https:\/\/agora.xtec.cat\/ceipponent-granollers\/portada\/dijous-gras-a-lescola-ponent-una-sortida-plena-de-tradicio-i-convivencia-%f0%9f%8e%ad\/","title":{"rendered":"Dijous Gras a l\u2019Escola Ponent: Una sortida plena de tradici\u00f3 i conviv\u00e8ncia \ud83c\udfad"},"content":{"rendered":"<p data-start=\"91\" data-end=\"383\">A l&#8217;<strong data-start=\"95\" data-end=\"112\">Escola Ponent<\/strong>, ens encanta viure les tradicions de manera participativa i enriquidora! Per aix\u00f2, aquest <strong data-start=\"203\" data-end=\"218\">Dijous Gras<\/strong> hem sortit a esmorzar a diferents parcs de <strong data-start=\"262\" data-end=\"276\">Granollers<\/strong>, aprofitant l\u2019ocasi\u00f3 per gaudir de l\u2019aire lliure i compartir una estona especial amb companys i mestres.<\/p>\n<p data-start=\"385\" data-end=\"449\">Cada etapa educativa ha visitat un parc diferent de la ciutat:<\/p>\n<p data-start=\"451\" data-end=\"713\">\u2705 <strong data-start=\"453\" data-end=\"465\">Infantil<\/strong> ha gaudit del <strong data-start=\"480\" data-end=\"498\">Parc de Ponent<\/strong> \ud83c\udf33<br data-start=\"501\" data-end=\"504\" \/>\u2705 <strong data-start=\"506\" data-end=\"523\">Cicle Inicial<\/strong> ha anat al <strong data-start=\"535\" data-end=\"556\">Parc del Lledoner<\/strong> \ud83c\udf42<br data-start=\"559\" data-end=\"562\" data-is-only-node=\"\" \/>\u2705 <strong data-start=\"564\" data-end=\"579\">Cicle Mitj\u00e0<\/strong> ha passat el mat\u00ed al <strong data-start=\"601\" data-end=\"634\">Parc de la Pla\u00e7a de la B\u00f2bila<\/strong> \ud83c\udfe1<br data-start=\"637\" data-end=\"640\" \/>\u2705 <strong data-start=\"642\" data-end=\"660\">Cicle Superior<\/strong> ha celebrat la jornada al <strong data-start=\"687\" data-end=\"708\">Parc Torras Vill\u00e0<\/strong> \ud83c\udf3f<\/p>\n<p data-start=\"715\" data-end=\"1022\">Aquesta tradici\u00f3 marca l\u2019inici de la setmana de <strong data-start=\"763\" data-end=\"779\">Carnestoltes<\/strong>, un per\u00edode ple d\u2019alegria, disfresses i activitats especials que fomenten la creativitat i la cohesi\u00f3 del grup. Dijous Gras \u00e9s un moment ideal per compartir un <strong data-start=\"940\" data-end=\"956\">bon esmorzar<\/strong>, refor\u00e7ar <strong data-start=\"967\" data-end=\"978\">vincles<\/strong> i, sobretot, passar-ho <strong data-start=\"1002\" data-end=\"1020\">d\u2019all\u00f2 m\u00e9s b\u00e9!<\/strong><\/p>\n<p data-start=\"1024\" data-end=\"1166\">Gr\u00e0cies a tots els mestres i alumnes per fer d\u2019aquesta sortida un mat\u00ed inoblidable! Ara s\u00ed, <strong data-start=\"1116\" data-end=\"1159\">continuem amb la festa de Carnestoltes!<\/strong> \ud83c\udf8a\ud83c\udfad<\/p>\n<p data-start=\"1168\" data-end=\"1252\" data-is-last-node=\"\" data-is-only-node=\"\">\ud83d\udcf8 <strong data-start=\"1171\" data-end=\"1196\">Vols veure m\u00e9s fotos?<\/strong> No et perdis la nostra galeria d&#8217;imatges de la jornada!<\/p>\n\n\t\t<style type=\"text\/css\">\n\t\t\t#gallery-1 {\n\t\t\t\tmargin: auto;\n\t\t\t}\n\t\t\t#gallery-1 .gallery-item {\n\t\t\t\tfloat: left;\n\t\t\t\tmargin-top: 10px;\n\t\t\t\ttext-align: center;\n\t\t\t\twidth: 33%;\n\t\t\t}\n\t\t\t#gallery-1 img {\n\t\t\t\tborder: 2px solid #cfcfcf;\n\t\t\t}\n\t\t\t#gallery-1 .gallery-caption {\n\t\t\t\tmargin-left: 0;\n\t\t\t}\n\t\t\t\/* see gallery_shortcode() in wp-includes\/media.php *\/\n\t\t<\/style>\n\t\t<div id='gallery-1' class='gallery galleryid-13608 gallery-columns-3 gallery-size-thumbnail'><dl class='gallery-item'>\n\t\t\t<dt class='gallery-icon portrait'>\n\t\t\t\t<a href='https:\/\/agora.xtec.cat\/ceipponent-granollers\/portada\/dijous-gras-a-lescola-ponent-una-sortida-plena-de-tradicio-i-convivencia-%f0%9f%8e%ad\/attachment\/whatsapp-image-2025-02-27-at-12-40-46\/'><img loading=\"lazy\" decoding=\"async\" width=\"150\" height=\"150\" src=\"https:\/\/agora.xtec.cat\/ceipponent-granollers\/wp-content\/uploads\/usu1522\/2025\/02\/WhatsApp-Image-2025-02-27-at-12.40.46-150x150.jpeg\" class=\"attachment-thumbnail size-thumbnail\" alt=\"\" \/><\/a>\n\t\t\t<\/dt><\/dl><dl class='gallery-item'>\n\t\t\t<dt class='gallery-icon portrait'>\n\t\t\t\t<a href='https:\/\/agora.xtec.cat\/ceipponent-granollers\/portada\/dijous-gras-a-lescola-ponent-una-sortida-plena-de-tradicio-i-convivencia-%f0%9f%8e%ad\/attachment\/whatsapp-image-2025-02-27-at-12-40-46-1\/'><img loading=\"lazy\" decoding=\"async\" width=\"150\" height=\"150\" src=\"https:\/\/agora.xtec.cat\/ceipponent-granollers\/wp-content\/uploads\/usu1522\/2025\/02\/WhatsApp-Image-2025-02-27-at-12.40.46-1-150x150.jpeg\" class=\"attachment-thumbnail size-thumbnail\" alt=\"\" \/><\/a>\n\t\t\t<\/dt><\/dl><dl class='gallery-item'>\n\t\t\t<dt class='gallery-icon landscape'>\n\t\t\t\t<a href='https:\/\/agora.xtec.cat\/ceipponent-granollers\/portada\/dijous-gras-a-lescola-ponent-una-sortida-plena-de-tradicio-i-convivencia-%f0%9f%8e%ad\/attachment\/whatsapp-image-2025-02-27-at-12-34-59-1\/'><img loading=\"lazy\" decoding=\"async\" width=\"150\" height=\"150\" src=\"https:\/\/agora.xtec.cat\/ceipponent-granollers\/wp-content\/uploads\/usu1522\/2025\/02\/WhatsApp-Image-2025-02-27-at-12.34.59-1-150x150.jpeg\" class=\"attachment-thumbnail size-thumbnail\" alt=\"\" \/><\/a>\n\t\t\t<\/dt><\/dl><br style=\"clear: both\" \/><dl class='gallery-item'>\n\t\t\t<dt class='gallery-icon landscape'>\n\t\t\t\t<a href='https:\/\/agora.xtec.cat\/ceipponent-granollers\/portada\/dijous-gras-a-lescola-ponent-una-sortida-plena-de-tradicio-i-convivencia-%f0%9f%8e%ad\/attachment\/whatsapp-image-2025-02-27-at-12-34-59\/'><img loading=\"lazy\" decoding=\"async\" width=\"150\" height=\"150\" src=\"https:\/\/agora.xtec.cat\/ceipponent-granollers\/wp-content\/uploads\/usu1522\/2025\/02\/WhatsApp-Image-2025-02-27-at-12.34.59-150x150.jpeg\" class=\"attachment-thumbnail size-thumbnail\" alt=\"\" \/><\/a>\n\t\t\t<\/dt><\/dl><dl class='gallery-item'>\n\t\t\t<dt class='gallery-icon landscape'>\n\t\t\t\t<a href='https:\/\/agora.xtec.cat\/ceipponent-granollers\/portada\/dijous-gras-a-lescola-ponent-una-sortida-plena-de-tradicio-i-convivencia-%f0%9f%8e%ad\/attachment\/whatsapp-image-2025-02-27-at-12-34-56-1\/'><img loading=\"lazy\" decoding=\"async\" width=\"150\" height=\"150\" src=\"https:\/\/agora.xtec.cat\/ceipponent-granollers\/wp-content\/uploads\/usu1522\/2025\/02\/WhatsApp-Image-2025-02-27-at-12.34.56-1-150x150.jpeg\" class=\"attachment-thumbnail size-thumbnail\" alt=\"\" \/><\/a>\n\t\t\t<\/dt><\/dl><dl class='gallery-item'>\n\t\t\t<dt class='gallery-icon landscape'>\n\t\t\t\t<a href='https:\/\/agora.xtec.cat\/ceipponent-granollers\/portada\/dijous-gras-a-lescola-ponent-una-sortida-plena-de-tradicio-i-convivencia-%f0%9f%8e%ad\/attachment\/whatsapp-image-2025-02-27-at-12-34-56\/'><img loading=\"lazy\" decoding=\"async\" width=\"150\" height=\"150\" src=\"https:\/\/agora.xtec.cat\/ceipponent-granollers\/wp-content\/uploads\/usu1522\/2025\/02\/WhatsApp-Image-2025-02-27-at-12.34.56-150x150.jpeg\" class=\"attachment-thumbnail size-thumbnail\" alt=\"\" \/><\/a>\n\t\t\t<\/dt><\/dl><br style=\"clear: both\" \/><dl class='gallery-item'>\n\t\t\t<dt class='gallery-icon landscape'>\n\t\t\t\t<a href='https:\/\/agora.xtec.cat\/ceipponent-granollers\/portada\/dijous-gras-a-lescola-ponent-una-sortida-plena-de-tradicio-i-convivencia-%f0%9f%8e%ad\/attachment\/whatsapp-image-2025-02-27-at-12-34-55\/'><img loading=\"lazy\" decoding=\"async\" width=\"150\" height=\"150\" src=\"https:\/\/agora.xtec.cat\/ceipponent-granollers\/wp-content\/uploads\/usu1522\/2025\/02\/WhatsApp-Image-2025-02-27-at-12.34.55-150x150.jpeg\" class=\"attachment-thumbnail size-thumbnail\" alt=\"\" \/><\/a>\n\t\t\t<\/dt><\/dl><dl class='gallery-item'>\n\t\t\t<dt class='gallery-icon landscape'>\n\t\t\t\t<a href='https:\/\/agora.xtec.cat\/ceipponent-granollers\/portada\/dijous-gras-a-lescola-ponent-una-sortida-plena-de-tradicio-i-convivencia-%f0%9f%8e%ad\/attachment\/whatsapp-image-2025-02-27-at-12-34-47\/'><img loading=\"lazy\" decoding=\"async\" width=\"150\" height=\"150\" src=\"https:\/\/agora.xtec.cat\/ceipponent-granollers\/wp-content\/uploads\/usu1522\/2025\/02\/WhatsApp-Image-2025-02-27-at-12.34.47-150x150.jpeg\" class=\"attachment-thumbnail size-thumbnail\" alt=\"\" \/><\/a>\n\t\t\t<\/dt><\/dl><dl class='gallery-item'>\n\t\t\t<dt class='gallery-icon landscape'>\n\t\t\t\t<a href='https:\/\/agora.xtec.cat\/ceipponent-granollers\/portada\/dijous-gras-a-lescola-ponent-una-sortida-plena-de-tradicio-i-convivencia-%f0%9f%8e%ad\/attachment\/whatsapp-image-2025-02-27-at-12-09-58\/'><img loading=\"lazy\" decoding=\"async\" width=\"150\" height=\"150\" src=\"https:\/\/agora.xtec.cat\/ceipponent-granollers\/wp-content\/uploads\/usu1522\/2025\/02\/WhatsApp-Image-2025-02-27-at-12.09.58-150x150.jpeg\" class=\"attachment-thumbnail size-thumbnail\" alt=\"\" \/><\/a>\n\t\t\t<\/dt><\/dl><br style=\"clear: both\" \/><dl class='gallery-item'>\n\t\t\t<dt class='gallery-icon landscape'>\n\t\t\t\t<a href='https:\/\/agora.xtec.cat\/ceipponent-granollers\/portada\/dijous-gras-a-lescola-ponent-una-sortida-plena-de-tradicio-i-convivencia-%f0%9f%8e%ad\/attachment\/whatsapp-image-2025-02-27-at-12-09-57-2\/'><img loading=\"lazy\" decoding=\"async\" width=\"150\" height=\"150\" src=\"https:\/\/agora.xtec.cat\/ceipponent-granollers\/wp-content\/uploads\/usu1522\/2025\/02\/WhatsApp-Image-2025-02-27-at-12.09.57-2-150x150.jpeg\" class=\"attachment-thumbnail size-thumbnail\" alt=\"\" \/><\/a>\n\t\t\t<\/dt><\/dl><dl class='gallery-item'>\n\t\t\t<dt class='gallery-icon landscape'>\n\t\t\t\t<a href='https:\/\/agora.xtec.cat\/ceipponent-granollers\/portada\/dijous-gras-a-lescola-ponent-una-sortida-plena-de-tradicio-i-convivencia-%f0%9f%8e%ad\/attachment\/whatsapp-image-2025-02-27-at-12-09-57-1\/'><img loading=\"lazy\" decoding=\"async\" width=\"150\" height=\"150\" src=\"https:\/\/agora.xtec.cat\/ceipponent-granollers\/wp-content\/uploads\/usu1522\/2025\/02\/WhatsApp-Image-2025-02-27-at-12.09.57-1-150x150.jpeg\" class=\"attachment-thumbnail size-thumbnail\" alt=\"\" \/><\/a>\n\t\t\t<\/dt><\/dl><dl class='gallery-item'>\n\t\t\t<dt class='gallery-icon landscape'>\n\t\t\t\t<a href='https:\/\/agora.xtec.cat\/ceipponent-granollers\/portada\/dijous-gras-a-lescola-ponent-una-sortida-plena-de-tradicio-i-convivencia-%f0%9f%8e%ad\/attachment\/whatsapp-image-2025-02-27-at-12-09-57\/'><img loading=\"lazy\" decoding=\"async\" width=\"150\" height=\"150\" src=\"https:\/\/agora.xtec.cat\/ceipponent-granollers\/wp-content\/uploads\/usu1522\/2025\/02\/WhatsApp-Image-2025-02-27-at-12.09.57-150x150.jpeg\" class=\"attachment-thumbnail size-thumbnail\" alt=\"\" \/><\/a>\n\t\t\t<\/dt><\/dl><br style=\"clear: both\" \/><dl class='gallery-item'>\n\t\t\t<dt class='gallery-icon landscape'>\n\t\t\t\t<a href='https:\/\/agora.xtec.cat\/ceipponent-granollers\/portada\/dijous-gras-a-lescola-ponent-una-sortida-plena-de-tradicio-i-convivencia-%f0%9f%8e%ad\/attachment\/whatsapp-image-2025-02-27-at-12-14-49\/'><img loading=\"lazy\" decoding=\"async\" width=\"150\" height=\"150\" src=\"https:\/\/agora.xtec.cat\/ceipponent-granollers\/wp-content\/uploads\/usu1522\/2025\/02\/WhatsApp-Image-2025-02-27-at-12.14.49-150x150.jpeg\" class=\"attachment-thumbnail size-thumbnail\" alt=\"\" \/><\/a>\n\t\t\t<\/dt><\/dl><dl class='gallery-item'>\n\t\t\t<dt class='gallery-icon landscape'>\n\t\t\t\t<a href='https:\/\/agora.xtec.cat\/ceipponent-granollers\/portada\/dijous-gras-a-lescola-ponent-una-sortida-plena-de-tradicio-i-convivencia-%f0%9f%8e%ad\/attachment\/whatsapp-image-2025-02-27-at-12-05-39-1\/'><img loading=\"lazy\" decoding=\"async\" width=\"150\" height=\"150\" src=\"https:\/\/agora.xtec.cat\/ceipponent-granollers\/wp-content\/uploads\/usu1522\/2025\/02\/WhatsApp-Image-2025-02-27-at-12.05.39-1-150x150.jpeg\" class=\"attachment-thumbnail size-thumbnail\" alt=\"\" \/><\/a>\n\t\t\t<\/dt><\/dl><dl class='gallery-item'>\n\t\t\t<dt class='gallery-icon portrait'>\n\t\t\t\t<a href='https:\/\/agora.xtec.cat\/ceipponent-granollers\/portada\/dijous-gras-a-lescola-ponent-una-sortida-plena-de-tradicio-i-convivencia-%f0%9f%8e%ad\/attachment\/whatsapp-image-2025-02-27-at-12-09-43-1\/'><img loading=\"lazy\" decoding=\"async\" width=\"150\" height=\"150\" src=\"https:\/\/agora.xtec.cat\/ceipponent-granollers\/wp-content\/uploads\/usu1522\/2025\/02\/WhatsApp-Image-2025-02-27-at-12.09.43-1-150x150.jpeg\" class=\"attachment-thumbnail size-thumbnail\" alt=\"\" \/><\/a>\n\t\t\t<\/dt><\/dl><br style=\"clear: both\" \/><dl class='gallery-item'>\n\t\t\t<dt class='gallery-icon landscape'>\n\t\t\t\t<a href='https:\/\/agora.xtec.cat\/ceipponent-granollers\/portada\/dijous-gras-a-lescola-ponent-una-sortida-plena-de-tradicio-i-convivencia-%f0%9f%8e%ad\/attachment\/whatsapp-image-2025-02-27-at-12-09-59\/'><img loading=\"lazy\" decoding=\"async\" width=\"150\" height=\"150\" src=\"https:\/\/agora.xtec.cat\/ceipponent-granollers\/wp-content\/uploads\/usu1522\/2025\/02\/WhatsApp-Image-2025-02-27-at-12.09.59-150x150.jpeg\" class=\"attachment-thumbnail size-thumbnail\" alt=\"\" \/><\/a>\n\t\t\t<\/dt><\/dl><dl class='gallery-item'>\n\t\t\t<dt class='gallery-icon landscape'>\n\t\t\t\t<a href='https:\/\/agora.xtec.cat\/ceipponent-granollers\/portada\/dijous-gras-a-lescola-ponent-una-sortida-plena-de-tradicio-i-convivencia-%f0%9f%8e%ad\/attachment\/whatsapp-image-2025-02-27-at-12-09-58-2\/'><img loading=\"lazy\" decoding=\"async\" width=\"150\" height=\"150\" src=\"https:\/\/agora.xtec.cat\/ceipponent-granollers\/wp-content\/uploads\/usu1522\/2025\/02\/WhatsApp-Image-2025-02-27-at-12.09.58-2-150x150.jpeg\" class=\"attachment-thumbnail size-thumbnail\" alt=\"\" \/><\/a>\n\t\t\t<\/dt><\/dl><dl class='gallery-item'>\n\t\t\t<dt class='gallery-icon landscape'>\n\t\t\t\t<a href='https:\/\/agora.xtec.cat\/ceipponent-granollers\/portada\/dijous-gras-a-lescola-ponent-una-sortida-plena-de-tradicio-i-convivencia-%f0%9f%8e%ad\/attachment\/whatsapp-image-2025-02-27-at-12-09-58-3\/'><img loading=\"lazy\" decoding=\"async\" width=\"150\" height=\"150\" src=\"https:\/\/agora.xtec.cat\/ceipponent-granollers\/wp-content\/uploads\/usu1522\/2025\/02\/WhatsApp-Image-2025-02-27-at-12.09.58-3-150x150.jpeg\" class=\"attachment-thumbnail size-thumbnail\" alt=\"\" \/><\/a>\n\t\t\t<\/dt><\/dl><br style=\"clear: both\" \/><dl class='gallery-item'>\n\t\t\t<dt class='gallery-icon portrait'>\n\t\t\t\t<a href='https:\/\/agora.xtec.cat\/ceipponent-granollers\/portada\/dijous-gras-a-lescola-ponent-una-sortida-plena-de-tradicio-i-convivencia-%f0%9f%8e%ad\/attachment\/whatsapp-image-2025-02-27-at-12-09-42-3\/'><img loading=\"lazy\" decoding=\"async\" width=\"150\" height=\"150\" src=\"https:\/\/agora.xtec.cat\/ceipponent-granollers\/wp-content\/uploads\/usu1522\/2025\/02\/WhatsApp-Image-2025-02-27-at-12.09.42-3-150x150.jpeg\" class=\"attachment-thumbnail size-thumbnail\" alt=\"\" \/><\/a>\n\t\t\t<\/dt><\/dl><dl class='gallery-item'>\n\t\t\t<dt class='gallery-icon landscape'>\n\t\t\t\t<a href='https:\/\/agora.xtec.cat\/ceipponent-granollers\/portada\/dijous-gras-a-lescola-ponent-una-sortida-plena-de-tradicio-i-convivencia-%f0%9f%8e%ad\/attachment\/whatsapp-image-2025-02-27-at-12-05-38-1\/'><img loading=\"lazy\" decoding=\"async\" width=\"150\" height=\"150\" src=\"https:\/\/agora.xtec.cat\/ceipponent-granollers\/wp-content\/uploads\/usu1522\/2025\/02\/WhatsApp-Image-2025-02-27-at-12.05.38-1-150x150.jpeg\" class=\"attachment-thumbnail size-thumbnail\" alt=\"\" \/><\/a>\n\t\t\t<\/dt><\/dl>\n\t\t\t<br style='clear: both' \/>\n\t\t<\/div>\n\n","protected":false},"excerpt":{"rendered":"<p>A l&#8217;Escola Ponent, ens encanta viure les tradicions de manera participativa i enriquidora! Per aix\u00f2, aquest Dijous Gras hem sortit a esmorzar a diferents parcs de Granollers, aprofitant l\u2019ocasi\u00f3 per gaudir de l\u2019aire lliure i compartir una estona especial amb companys i mestres.<br \/>\nCada etapa educativa&hellip;  <a href=\"https:\/\/agora.xtec.cat\/ceipponent-granollers\/portada\/dijous-gras-a-lescola-ponent-una-sortida-plena-de-tradicio-i-convivencia-%f0%9f%8e%ad\/\" title=\"Read Dijous Gras a l\u2019Escola Ponent: Una sortida plena de tradici\u00f3 i conviv\u00e8ncia \ud83c\udfad\">Llegeix m\u00e9s\u00bb<\/a><\/p>\n","protected":false},"author":24,"featured_media":13632,"comment_status":"closed","ping_status":"closed","sticky":false,"template":"","format":"standard","meta":{"_bbp_topic_count":0,"_bbp_reply_count":0,"_bbp_total_topic_count":0,"_bbp_total_reply_count":0,"_bbp_voice_count":0,"_bbp_anonymous_reply_count":0,"_bbp_topic_count_hidden":0,"_bbp_reply_count_hidden":0,"_bbp_forum_subforum_count":0,"footnotes":""},"categories":[10,11,12,13,14,15,195,196,197,4],"tags":[],"class_list":["post-13608","post","type-post","status-publish","format-standard","has-post-thumbnail","hentry","category-1r","category-2n","category-3r","category-4t","category-5e","category-6e","category-i3","category-i4","category-i5","category-portada"],"post_mailing_queue_ids":[],"_links":{"self":[{"href":"https:\/\/agora.xtec.cat\/ceipponent-granollers\/wp-json\/wp\/v2\/posts\/13608","targetHints":{"allow":["GET"]}}],"collection":[{"href":"https:\/\/agora.xtec.cat\/ceipponent-granollers\/wp-json\/wp\/v2\/posts"}],"about":[{"href":"https:\/\/agora.xtec.cat\/ceipponent-granollers\/wp-json\/wp\/v2\/types\/post"}],"author":[{"embeddable":true,"href":"https:\/\/agora.xtec.cat\/ceipponent-granollers\/wp-json\/wp\/v2\/users\/24"}],"replies":[{"embeddable":true,"href":"https:\/\/agora.xtec.cat\/ceipponent-granollers\/wp-json\/wp\/v2\/comments?post=13608"}],"version-history":[{"count":3,"href":"https:\/\/agora.xtec.cat\/ceipponent-granollers\/wp-json\/wp\/v2\/posts\/13608\/revisions"}],"predecessor-version":[{"id":13643,"href":"https:\/\/agora.xtec.cat\/ceipponent-granollers\/wp-json\/wp\/v2\/posts\/13608\/revisions\/13643"}],"wp:featuredmedia":[{"embeddable":true,"href":"https:\/\/agora.xtec.cat\/ceipponent-granollers\/wp-json\/wp\/v2\/media\/13632"}],"wp:attachment":[{"href":"https:\/\/agora.xtec.cat\/ceipponent-granollers\/wp-json\/wp\/v2\/media?parent=13608"}],"wp:term":[{"taxonomy":"category","embeddable":true,"href":"https:\/\/agora.xtec.cat\/ceipponent-granollers\/wp-json\/wp\/v2\/categories?post=13608"},{"taxonomy":"post_tag","embeddable":true,"href":"https:\/\/agora.xtec.cat\/ceipponent-granollers\/wp-json\/wp\/v2\/tags?post=13608"}],"curies":[{"name":"wp","href":"https:\/\/api.w.org\/{rel}","templated":true}]}}