{"id":13590,"date":"2025-02-24T11:40:24","date_gmt":"2025-02-24T10:40:24","guid":{"rendered":"https:\/\/agora.xtec.cat\/ceipponent-granollers\/?p=13590"},"modified":"2025-02-27T12:23:28","modified_gmt":"2025-02-27T11:23:28","slug":"tarda-amb-families-1r","status":"publish","type":"post","link":"https:\/\/agora.xtec.cat\/ceipponent-granollers\/portada\/tarda-amb-families-1r\/","title":{"rendered":"TARDA AMB FAM\u00cdLIES 1r"},"content":{"rendered":"<p>Els grups de 1r hem fet l&#8217;activitat amb fam\u00edlies d&#8217;aquest 2n trimestre.<br \/>\nHem gaudit plegats del conte Neda-que-neda de Leo Leonni. Despr\u00e9s, inspirant-nos en els paisatges i els animals marins de la hist\u00f2ria hem fet una manualitat. Els infants han representat el mar amb diferents materials.<br \/>\nGr\u00e0cies a les fam\u00edlies participants per aquesta fant\u00e0stica tarda!<\/p>\n<p><a href=\"https:\/\/agora.xtec.cat\/ceipponent-granollers\/wp-content\/uploads\/usu1522\/2025\/02\/WhatsApp-Image-2025-02-21-at-17.21.29.jpeg\"><img loading=\"lazy\" decoding=\"async\" class=\"size-thumbnail wp-image-13591 alignleft\" src=\"https:\/\/agora.xtec.cat\/ceipponent-granollers\/wp-content\/uploads\/usu1522\/2025\/02\/WhatsApp-Image-2025-02-21-at-17.21.29-150x150.jpeg\" alt=\"\" width=\"150\" height=\"150\" \/><\/a> <a href=\"https:\/\/agora.xtec.cat\/ceipponent-granollers\/wp-content\/uploads\/usu1522\/2025\/02\/WhatsApp-Image-2025-02-21-at-17.20.15-2.jpeg\"><img loading=\"lazy\" decoding=\"async\" class=\"size-thumbnail wp-image-13592 alignleft\" src=\"https:\/\/agora.xtec.cat\/ceipponent-granollers\/wp-content\/uploads\/usu1522\/2025\/02\/WhatsApp-Image-2025-02-21-at-17.20.15-2-150x150.jpeg\" alt=\"\" width=\"150\" height=\"150\" \/><\/a> <a href=\"https:\/\/agora.xtec.cat\/ceipponent-granollers\/wp-content\/uploads\/usu1522\/2025\/02\/WhatsApp-Image-2025-02-21-at-17.20.15-1.jpeg\"><img loading=\"lazy\" decoding=\"async\" class=\"size-thumbnail wp-image-13593 alignleft\" src=\"https:\/\/agora.xtec.cat\/ceipponent-granollers\/wp-content\/uploads\/usu1522\/2025\/02\/WhatsApp-Image-2025-02-21-at-17.20.15-1-150x150.jpeg\" alt=\"\" width=\"150\" height=\"150\" \/><\/a> <a href=\"https:\/\/agora.xtec.cat\/ceipponent-granollers\/wp-content\/uploads\/usu1522\/2025\/02\/WhatsApp-Image-2025-02-21-at-17.20.15.jpeg\"><img loading=\"lazy\" decoding=\"async\" class=\"size-thumbnail wp-image-13594 alignleft\" src=\"https:\/\/agora.xtec.cat\/ceipponent-granollers\/wp-content\/uploads\/usu1522\/2025\/02\/WhatsApp-Image-2025-02-21-at-17.20.15-150x150.jpeg\" alt=\"\" width=\"150\" height=\"150\" \/><\/a> <a href=\"https:\/\/agora.xtec.cat\/ceipponent-granollers\/wp-content\/uploads\/usu1522\/2025\/02\/WhatsApp-Image-2025-02-21-at-17.21.11.jpeg\"><img loading=\"lazy\" decoding=\"async\" class=\"size-thumbnail wp-image-13595 alignleft\" src=\"https:\/\/agora.xtec.cat\/ceipponent-granollers\/wp-content\/uploads\/usu1522\/2025\/02\/WhatsApp-Image-2025-02-21-at-17.21.11-150x150.jpeg\" alt=\"\" width=\"150\" height=\"150\" \/><\/a> <a href=\"https:\/\/agora.xtec.cat\/ceipponent-granollers\/wp-content\/uploads\/usu1522\/2025\/02\/WhatsApp-Image-2025-02-21-at-17.21.10.jpeg\"><img loading=\"lazy\" decoding=\"async\" class=\"size-thumbnail wp-image-13596 alignleft\" src=\"https:\/\/agora.xtec.cat\/ceipponent-granollers\/wp-content\/uploads\/usu1522\/2025\/02\/WhatsApp-Image-2025-02-21-at-17.21.10-150x150.jpeg\" alt=\"\" width=\"150\" height=\"150\" \/><\/a><\/p>\n","protected":false},"excerpt":{"rendered":"<p>Els grups de 1r hem fet l&#8217;activitat amb fam\u00edlies d&#8217;aquest 2n trimestre.<br \/>\nHem gaudit plegats del conte Neda-que-neda de Leo Leonni. Despr\u00e9s, inspirant-nos en els paisatges i els animals marins de la hist\u00f2ria hem fet una manualitat. Els infants han representat el mar amb diferents materials.<br \/>\nGr\u00e0cies&hellip;  <a href=\"https:\/\/agora.xtec.cat\/ceipponent-granollers\/portada\/tarda-amb-families-1r\/\" title=\"Read TARDA AMB FAM\u00cdLIES 1r\">Llegeix m\u00e9s\u00bb<\/a><\/p>\n","protected":false},"author":13,"featured_media":12807,"comment_status":"open","ping_status":"closed","sticky":false,"template":"","format":"standard","meta":{"_bbp_topic_count":0,"_bbp_reply_count":0,"_bbp_total_topic_count":0,"_bbp_total_reply_count":0,"_bbp_voice_count":0,"_bbp_anonymous_reply_count":0,"_bbp_topic_count_hidden":0,"_bbp_reply_count_hidden":0,"_bbp_forum_subforum_count":0,"footnotes":""},"categories":[10,4],"tags":[],"class_list":["post-13590","post","type-post","status-publish","format-standard","has-post-thumbnail","hentry","category-1r","category-portada"],"post_mailing_queue_ids":[],"_links":{"self":[{"href":"https:\/\/agora.xtec.cat\/ceipponent-granollers\/wp-json\/wp\/v2\/posts\/13590","targetHints":{"allow":["GET"]}}],"collection":[{"href":"https:\/\/agora.xtec.cat\/ceipponent-granollers\/wp-json\/wp\/v2\/posts"}],"about":[{"href":"https:\/\/agora.xtec.cat\/ceipponent-granollers\/wp-json\/wp\/v2\/types\/post"}],"author":[{"embeddable":true,"href":"https:\/\/agora.xtec.cat\/ceipponent-granollers\/wp-json\/wp\/v2\/users\/13"}],"replies":[{"embeddable":true,"href":"https:\/\/agora.xtec.cat\/ceipponent-granollers\/wp-json\/wp\/v2\/comments?post=13590"}],"version-history":[{"count":1,"href":"https:\/\/agora.xtec.cat\/ceipponent-granollers\/wp-json\/wp\/v2\/posts\/13590\/revisions"}],"predecessor-version":[{"id":13597,"href":"https:\/\/agora.xtec.cat\/ceipponent-granollers\/wp-json\/wp\/v2\/posts\/13590\/revisions\/13597"}],"wp:featuredmedia":[{"embeddable":true,"href":"https:\/\/agora.xtec.cat\/ceipponent-granollers\/wp-json\/wp\/v2\/media\/12807"}],"wp:attachment":[{"href":"https:\/\/agora.xtec.cat\/ceipponent-granollers\/wp-json\/wp\/v2\/media?parent=13590"}],"wp:term":[{"taxonomy":"category","embeddable":true,"href":"https:\/\/agora.xtec.cat\/ceipponent-granollers\/wp-json\/wp\/v2\/categories?post=13590"},{"taxonomy":"post_tag","embeddable":true,"href":"https:\/\/agora.xtec.cat\/ceipponent-granollers\/wp-json\/wp\/v2\/tags?post=13590"}],"curies":[{"name":"wp","href":"https:\/\/api.w.org\/{rel}","templated":true}]}}