{"id":13549,"date":"2025-02-17T15:20:18","date_gmt":"2025-02-17T14:20:18","guid":{"rendered":"https:\/\/agora.xtec.cat\/ceipponent-granollers\/?p=13549"},"modified":"2025-02-17T15:20:18","modified_gmt":"2025-02-17T14:20:18","slug":"taller-amb-families-de-3r-2","status":"publish","type":"post","link":"https:\/\/agora.xtec.cat\/ceipponent-granollers\/portada\/taller-amb-families-de-3r-2\/","title":{"rendered":"Taller amb fam\u00edlies de 3r"},"content":{"rendered":"<p><span style=\"font-weight: 400;\">Benvolgudes fam\u00edlies de 3r. Moltes gr\u00e0cies per ajudar-nos en el disseny i la creaci\u00f3 de les disfresses pel dia del carnaval. Com ja sabeu, aviat tindrem les consignes del carnestoltes i el dia 28 de febrer farem una rua fora de l\u2019escola i farem una volta pel carrer amb m\u00fasica i molta gresca. 3r B com a classe dels especialistes hem creat colzeres i genolleres per fer el b\u00e8stia, un foc i una bomba per crear una escena d\u2019acci\u00f3. 3rA com a muntadors tenim c\u00e0meres per gravar, per fotografiar, micros, maletins amb les eines, i altres m\u00e0quines per a tenir-ho tot enllestit pel rodatge. El dilluns dia 24 a les tres de la tarda esteu convidats a continuar ajudant-nos amb la disfressa. Tot i que ja est\u00e0 molt encaminat, ens ajudareu a acabar els petits detalls.\u00a0<\/span><\/p>\n<p><span style=\"font-weight: 400;\">Moltes gr\u00e0cies fam\u00edlies de 3r. Hem passat una tarda genial!!!<\/span><\/p>\n\n\t\t<style type=\"text\/css\">\n\t\t\t#gallery-1 {\n\t\t\t\tmargin: auto;\n\t\t\t}\n\t\t\t#gallery-1 .gallery-item {\n\t\t\t\tfloat: left;\n\t\t\t\tmargin-top: 10px;\n\t\t\t\ttext-align: center;\n\t\t\t\twidth: 33%;\n\t\t\t}\n\t\t\t#gallery-1 img {\n\t\t\t\tborder: 2px solid #cfcfcf;\n\t\t\t}\n\t\t\t#gallery-1 .gallery-caption {\n\t\t\t\tmargin-left: 0;\n\t\t\t}\n\t\t\t\/* see gallery_shortcode() in wp-includes\/media.php *\/\n\t\t<\/style>\n\t\t<div id='gallery-1' class='gallery galleryid-13549 gallery-columns-3 gallery-size-large'><dl class='gallery-item'>\n\t\t\t<dt class='gallery-icon portrait'>\n\t\t\t\t<a href='https:\/\/agora.xtec.cat\/ceipponent-granollers\/portada\/taller-amb-families-de-3r-2\/attachment\/whatsapp-image-2025-02-17-at-13-11-16\/'><img loading=\"lazy\" decoding=\"async\" width=\"768\" height=\"1024\" src=\"https:\/\/agora.xtec.cat\/ceipponent-granollers\/wp-content\/uploads\/usu1522\/2025\/02\/WhatsApp-Image-2025-02-17-at-13.11.16-768x1024.jpeg\" class=\"attachment-large size-large\" alt=\"\" srcset=\"https:\/\/agora.xtec.cat\/ceipponent-granollers\/wp-content\/uploads\/usu1522\/2025\/02\/WhatsApp-Image-2025-02-17-at-13.11.16-768x1024.jpeg 768w, https:\/\/agora.xtec.cat\/ceipponent-granollers\/wp-content\/uploads\/usu1522\/2025\/02\/WhatsApp-Image-2025-02-17-at-13.11.16-225x300.jpeg 225w, https:\/\/agora.xtec.cat\/ceipponent-granollers\/wp-content\/uploads\/usu1522\/2025\/02\/WhatsApp-Image-2025-02-17-at-13.11.16-1152x1536.jpeg 1152w, https:\/\/agora.xtec.cat\/ceipponent-granollers\/wp-content\/uploads\/usu1522\/2025\/02\/WhatsApp-Image-2025-02-17-at-13.11.16.jpeg 1536w\" sizes=\"auto, (max-width: 768px) 100vw, 768px\" \/><\/a>\n\t\t\t<\/dt><\/dl><dl class='gallery-item'>\n\t\t\t<dt class='gallery-icon portrait'>\n\t\t\t\t<a href='https:\/\/agora.xtec.cat\/ceipponent-granollers\/portada\/taller-amb-families-de-3r-2\/attachment\/whatsapp-image-2025-02-16-at-20-22-50-1\/'><img loading=\"lazy\" decoding=\"async\" width=\"768\" height=\"1024\" src=\"https:\/\/agora.xtec.cat\/ceipponent-granollers\/wp-content\/uploads\/usu1522\/2025\/02\/WhatsApp-Image-2025-02-16-at-20.22.50-1-768x1024.jpeg\" class=\"attachment-large size-large\" alt=\"\" srcset=\"https:\/\/agora.xtec.cat\/ceipponent-granollers\/wp-content\/uploads\/usu1522\/2025\/02\/WhatsApp-Image-2025-02-16-at-20.22.50-1-768x1024.jpeg 768w, https:\/\/agora.xtec.cat\/ceipponent-granollers\/wp-content\/uploads\/usu1522\/2025\/02\/WhatsApp-Image-2025-02-16-at-20.22.50-1-225x300.jpeg 225w, https:\/\/agora.xtec.cat\/ceipponent-granollers\/wp-content\/uploads\/usu1522\/2025\/02\/WhatsApp-Image-2025-02-16-at-20.22.50-1-1152x1536.jpeg 1152w, https:\/\/agora.xtec.cat\/ceipponent-granollers\/wp-content\/uploads\/usu1522\/2025\/02\/WhatsApp-Image-2025-02-16-at-20.22.50-1.jpeg 1200w\" sizes=\"auto, (max-width: 768px) 100vw, 768px\" \/><\/a>\n\t\t\t<\/dt><\/dl><dl class='gallery-item'>\n\t\t\t<dt class='gallery-icon portrait'>\n\t\t\t\t<a href='https:\/\/agora.xtec.cat\/ceipponent-granollers\/portada\/taller-amb-families-de-3r-2\/attachment\/whatsapp-image-2025-02-16-at-19-37-25\/'><img loading=\"lazy\" decoding=\"async\" width=\"771\" height=\"1024\" src=\"https:\/\/agora.xtec.cat\/ceipponent-granollers\/wp-content\/uploads\/usu1522\/2025\/02\/WhatsApp-Image-2025-02-16-at-19.37.25-771x1024.jpeg\" class=\"attachment-large size-large\" alt=\"\" srcset=\"https:\/\/agora.xtec.cat\/ceipponent-granollers\/wp-content\/uploads\/usu1522\/2025\/02\/WhatsApp-Image-2025-02-16-at-19.37.25-771x1024.jpeg 771w, https:\/\/agora.xtec.cat\/ceipponent-granollers\/wp-content\/uploads\/usu1522\/2025\/02\/WhatsApp-Image-2025-02-16-at-19.37.25-226x300.jpeg 226w, https:\/\/agora.xtec.cat\/ceipponent-granollers\/wp-content\/uploads\/usu1522\/2025\/02\/WhatsApp-Image-2025-02-16-at-19.37.25-768x1020.jpeg 768w, https:\/\/agora.xtec.cat\/ceipponent-granollers\/wp-content\/uploads\/usu1522\/2025\/02\/WhatsApp-Image-2025-02-16-at-19.37.25-1157x1536.jpeg 1157w, https:\/\/agora.xtec.cat\/ceipponent-granollers\/wp-content\/uploads\/usu1522\/2025\/02\/WhatsApp-Image-2025-02-16-at-19.37.25.jpeg 1536w\" sizes=\"auto, (max-width: 771px) 100vw, 771px\" \/><\/a>\n\t\t\t<\/dt><\/dl><br style=\"clear: both\" \/><dl class='gallery-item'>\n\t\t\t<dt class='gallery-icon landscape'>\n\t\t\t\t<a href='https:\/\/agora.xtec.cat\/ceipponent-granollers\/portada\/taller-amb-families-de-3r-2\/attachment\/whatsapp-image-2025-02-17-at-13-11-15-1\/'><img loading=\"lazy\" decoding=\"async\" width=\"1024\" height=\"771\" src=\"https:\/\/agora.xtec.cat\/ceipponent-granollers\/wp-content\/uploads\/usu1522\/2025\/02\/WhatsApp-Image-2025-02-17-at-13.11.15-1-1024x771.jpeg\" class=\"attachment-large size-large\" alt=\"\" srcset=\"https:\/\/agora.xtec.cat\/ceipponent-granollers\/wp-content\/uploads\/usu1522\/2025\/02\/WhatsApp-Image-2025-02-17-at-13.11.15-1-1024x771.jpeg 1024w, https:\/\/agora.xtec.cat\/ceipponent-granollers\/wp-content\/uploads\/usu1522\/2025\/02\/WhatsApp-Image-2025-02-17-at-13.11.15-1-300x226.jpeg 300w, https:\/\/agora.xtec.cat\/ceipponent-granollers\/wp-content\/uploads\/usu1522\/2025\/02\/WhatsApp-Image-2025-02-17-at-13.11.15-1-768x578.jpeg 768w, https:\/\/agora.xtec.cat\/ceipponent-granollers\/wp-content\/uploads\/usu1522\/2025\/02\/WhatsApp-Image-2025-02-17-at-13.11.15-1-1536x1157.jpeg 1536w, https:\/\/agora.xtec.cat\/ceipponent-granollers\/wp-content\/uploads\/usu1522\/2025\/02\/WhatsApp-Image-2025-02-17-at-13.11.15-1-200x150.jpeg 200w, https:\/\/agora.xtec.cat\/ceipponent-granollers\/wp-content\/uploads\/usu1522\/2025\/02\/WhatsApp-Image-2025-02-17-at-13.11.15-1.jpeg 2040w\" sizes=\"auto, (max-width: 1024px) 100vw, 1024px\" \/><\/a>\n\t\t\t<\/dt><\/dl><dl class='gallery-item'>\n\t\t\t<dt class='gallery-icon landscape'>\n\t\t\t\t<a href='https:\/\/agora.xtec.cat\/ceipponent-granollers\/portada\/taller-amb-families-de-3r-2\/attachment\/whatsapp-image-2025-02-17-at-13-11-15-2\/'><img loading=\"lazy\" decoding=\"async\" width=\"1024\" height=\"771\" src=\"https:\/\/agora.xtec.cat\/ceipponent-granollers\/wp-content\/uploads\/usu1522\/2025\/02\/WhatsApp-Image-2025-02-17-at-13.11.15-2-1024x771.jpeg\" class=\"attachment-large size-large\" alt=\"\" srcset=\"https:\/\/agora.xtec.cat\/ceipponent-granollers\/wp-content\/uploads\/usu1522\/2025\/02\/WhatsApp-Image-2025-02-17-at-13.11.15-2-1024x771.jpeg 1024w, https:\/\/agora.xtec.cat\/ceipponent-granollers\/wp-content\/uploads\/usu1522\/2025\/02\/WhatsApp-Image-2025-02-17-at-13.11.15-2-300x226.jpeg 300w, https:\/\/agora.xtec.cat\/ceipponent-granollers\/wp-content\/uploads\/usu1522\/2025\/02\/WhatsApp-Image-2025-02-17-at-13.11.15-2-768x578.jpeg 768w, https:\/\/agora.xtec.cat\/ceipponent-granollers\/wp-content\/uploads\/usu1522\/2025\/02\/WhatsApp-Image-2025-02-17-at-13.11.15-2-1536x1157.jpeg 1536w, https:\/\/agora.xtec.cat\/ceipponent-granollers\/wp-content\/uploads\/usu1522\/2025\/02\/WhatsApp-Image-2025-02-17-at-13.11.15-2-200x150.jpeg 200w, https:\/\/agora.xtec.cat\/ceipponent-granollers\/wp-content\/uploads\/usu1522\/2025\/02\/WhatsApp-Image-2025-02-17-at-13.11.15-2.jpeg 2040w\" sizes=\"auto, (max-width: 1024px) 100vw, 1024px\" \/><\/a>\n\t\t\t<\/dt><\/dl><dl class='gallery-item'>\n\t\t\t<dt class='gallery-icon landscape'>\n\t\t\t\t<a href='https:\/\/agora.xtec.cat\/ceipponent-granollers\/portada\/taller-amb-families-de-3r-2\/attachment\/whatsapp-image-2025-02-17-at-13-11-15\/'><img loading=\"lazy\" decoding=\"async\" width=\"1024\" height=\"771\" src=\"https:\/\/agora.xtec.cat\/ceipponent-granollers\/wp-content\/uploads\/usu1522\/2025\/02\/WhatsApp-Image-2025-02-17-at-13.11.15-1024x771.jpeg\" class=\"attachment-large size-large\" alt=\"\" srcset=\"https:\/\/agora.xtec.cat\/ceipponent-granollers\/wp-content\/uploads\/usu1522\/2025\/02\/WhatsApp-Image-2025-02-17-at-13.11.15-1024x771.jpeg 1024w, https:\/\/agora.xtec.cat\/ceipponent-granollers\/wp-content\/uploads\/usu1522\/2025\/02\/WhatsApp-Image-2025-02-17-at-13.11.15-300x226.jpeg 300w, https:\/\/agora.xtec.cat\/ceipponent-granollers\/wp-content\/uploads\/usu1522\/2025\/02\/WhatsApp-Image-2025-02-17-at-13.11.15-768x578.jpeg 768w, https:\/\/agora.xtec.cat\/ceipponent-granollers\/wp-content\/uploads\/usu1522\/2025\/02\/WhatsApp-Image-2025-02-17-at-13.11.15-1536x1157.jpeg 1536w, https:\/\/agora.xtec.cat\/ceipponent-granollers\/wp-content\/uploads\/usu1522\/2025\/02\/WhatsApp-Image-2025-02-17-at-13.11.15-200x150.jpeg 200w, https:\/\/agora.xtec.cat\/ceipponent-granollers\/wp-content\/uploads\/usu1522\/2025\/02\/WhatsApp-Image-2025-02-17-at-13.11.15.jpeg 2040w\" sizes=\"auto, (max-width: 1024px) 100vw, 1024px\" \/><\/a>\n\t\t\t<\/dt><\/dl><br style=\"clear: both\" \/>\n\t\t<\/div>\n\n","protected":false},"excerpt":{"rendered":"<p>Benvolgudes fam\u00edlies de 3r. Moltes gr\u00e0cies per ajudar-nos en el disseny i la creaci\u00f3 de les disfresses pel dia del carnaval. Com ja sabeu, aviat tindrem les consignes del carnestoltes i el dia 28 de febrer farem una rua fora de l\u2019escola i farem una&hellip;  <a href=\"https:\/\/agora.xtec.cat\/ceipponent-granollers\/portada\/taller-amb-families-de-3r-2\/\" title=\"Read Taller amb fam\u00edlies de 3r\">Llegeix m\u00e9s\u00bb<\/a><\/p>\n","protected":false},"author":13,"featured_media":12809,"comment_status":"closed","ping_status":"closed","sticky":false,"template":"","format":"standard","meta":{"_bbp_topic_count":0,"_bbp_reply_count":0,"_bbp_total_topic_count":0,"_bbp_total_reply_count":0,"_bbp_voice_count":0,"_bbp_anonymous_reply_count":0,"_bbp_topic_count_hidden":0,"_bbp_reply_count_hidden":0,"_bbp_forum_subforum_count":0,"footnotes":""},"categories":[12,4],"tags":[],"class_list":["post-13549","post","type-post","status-publish","format-standard","has-post-thumbnail","hentry","category-3r","category-portada"],"post_mailing_queue_ids":[],"_links":{"self":[{"href":"https:\/\/agora.xtec.cat\/ceipponent-granollers\/wp-json\/wp\/v2\/posts\/13549","targetHints":{"allow":["GET"]}}],"collection":[{"href":"https:\/\/agora.xtec.cat\/ceipponent-granollers\/wp-json\/wp\/v2\/posts"}],"about":[{"href":"https:\/\/agora.xtec.cat\/ceipponent-granollers\/wp-json\/wp\/v2\/types\/post"}],"author":[{"embeddable":true,"href":"https:\/\/agora.xtec.cat\/ceipponent-granollers\/wp-json\/wp\/v2\/users\/13"}],"replies":[{"embeddable":true,"href":"https:\/\/agora.xtec.cat\/ceipponent-granollers\/wp-json\/wp\/v2\/comments?post=13549"}],"version-history":[{"count":1,"href":"https:\/\/agora.xtec.cat\/ceipponent-granollers\/wp-json\/wp\/v2\/posts\/13549\/revisions"}],"predecessor-version":[{"id":13566,"href":"https:\/\/agora.xtec.cat\/ceipponent-granollers\/wp-json\/wp\/v2\/posts\/13549\/revisions\/13566"}],"wp:featuredmedia":[{"embeddable":true,"href":"https:\/\/agora.xtec.cat\/ceipponent-granollers\/wp-json\/wp\/v2\/media\/12809"}],"wp:attachment":[{"href":"https:\/\/agora.xtec.cat\/ceipponent-granollers\/wp-json\/wp\/v2\/media?parent=13549"}],"wp:term":[{"taxonomy":"category","embeddable":true,"href":"https:\/\/agora.xtec.cat\/ceipponent-granollers\/wp-json\/wp\/v2\/categories?post=13549"},{"taxonomy":"post_tag","embeddable":true,"href":"https:\/\/agora.xtec.cat\/ceipponent-granollers\/wp-json\/wp\/v2\/tags?post=13549"}],"curies":[{"name":"wp","href":"https:\/\/api.w.org\/{rel}","templated":true}]}}