{"id":1339,"date":"2017-11-29T15:48:21","date_gmt":"2017-11-29T14:48:21","guid":{"rendered":"http:\/\/agora.xtec.cat\/ceipponent-granollers\/?p=1339"},"modified":"2017-12-04T16:16:44","modified_gmt":"2017-12-04T15:16:44","slug":"celebrem-sta-cecilia-patrona-de-la-musica","status":"publish","type":"post","link":"https:\/\/agora.xtec.cat\/ceipponent-granollers\/infantil\/celebrem-sta-cecilia-patrona-de-la-musica\/","title":{"rendered":"Celebrem Sta. Cec\u00edlia, patrona de la m\u00fasica!"},"content":{"rendered":"<p>El passat dia 22 de novembre v\u00e0rem celebrar a l&#8217;escola Sta. Cec\u00edlia, la patrona de la m\u00fasica.<\/p>\n<p>Per aquest motiu al mat\u00ed v\u00e0rem sortir al pati seguint la rua dels nostres mestres de m\u00fasica: El Toni i el Rub\u00e9n.\u00a0 En van venir a buscar per les classes tocant el saxo i el tromb\u00f3 i v\u00e0rem anar recollint alumnes per cada classe que pass\u00e0vem fins a acabar tots junts a la pista de l&#8217;escola.<\/p>\n<p>Els alumnes d&#8217;educaci\u00f3 infantil v\u00e0ren fer unes maraques per a acompanyar als nostres m\u00fasics fins a la pista. Va ser molt maco!<\/p>\n<p><a href=\"https:\/\/photos.app.goo.gl\/KdlhcmS6FNpsqyxz2\">FOTOS DE LA RUA DE M\u00daSICS<\/a>\u00a0i <a href=\"https:\/\/photos.app.goo.gl\/nHFDL3XHfbVPehIi1\">V\u00cdDEO DE LA RUA<\/a><\/p>\n<p>A la tarda, la mestra de l&#8217;escola Judith, que entrena un grup de noies que fan balls de competici\u00f3, varem gaudir d&#8217;uns balls espectaculars.\u00a0 El grup de ball &#8220;JM CREW&#8221; ens van oferir un ball\u00a0de competici\u00f3 on l&#8217;any passat\u00a0 varen quedar cinquenes d&#8217;Espanya i segones de Catalunya respectivament.<\/p>\n<p>Despr\u00e9s, les noies es van repartir per cicles i ens van ensenyar un fragment d&#8217;aquest ball.<\/p>\n<p>Quan tota l&#8217;escola ja se l&#8217;havia apr\u00e8s ens vam ajuntar altre cop a la pista i el vam ballar tots junt. Va ser fant\u00e0stic.<\/p>\n<p>Per agrair-los que vingu\u00e9ssin a l&#8217;escola els hi v\u00e0rem donar un petit detall i juntament amb una &#8220;frog&#8221; feta pels alumnes de 3r a Arts &amp; Craft.\u00a0 Moltes gr\u00e0cies per venir i ensenyar-nos el ball. torneu quan volgueu!<\/p>\n<p><a href=\"https:\/\/photos.app.goo.gl\/HeqzbSc6DbEi911I3\">FOTOS DELS BALLS<\/a><\/p>\n<p>Panor\u00e0miques i varies dels tallers de dansa (feu clic a la foto)<\/p>\n<p><a href=\"https:\/\/photos.google.com\/share\/AF1QipOBhjPWVeOsD6lvapDbk5A_04ChAYW-GPDaQVRTwqp4QhHNlOKPUqwVMdRJXUQfkQ?key=bHZMZlN2TVloaTRhbUU0bHpJNG5NTEdRWEdJZTNR&amp;source=ctrlq.org\"><img decoding=\"async\" src=\"https:\/\/lh3.googleusercontent.com\/K6a1OMEKPBaTGahDC-5U1_iHo4nFyd2aqMrTLkpZaklVp2J4_BpNV8EqngWYCbaNZe148I3vbRTtX6lj6YdksT4DoJQI5HNCathtC_wuRbS-whvtVWShKbShxpBWjRM32yA7mBIUPQ\" \/><\/a><\/p>\n","protected":false},"excerpt":{"rendered":"<p>El passat dia 22 de novembre v\u00e0rem celebrar a l&#8217;escola Sta. Cec\u00edlia, la patrona de la m\u00fasica.<br \/>\nPer aquest motiu al mat\u00ed v\u00e0rem sortir al pati seguint la rua dels nostres mestres de m\u00fasica: El Toni i el Rub\u00e9n.\u00a0 En van venir a buscar per les&hellip;  <a href=\"https:\/\/agora.xtec.cat\/ceipponent-granollers\/infantil\/celebrem-sta-cecilia-patrona-de-la-musica\/\" title=\"Read Celebrem Sta. Cec\u00edlia, patrona de la m\u00fasica!\">Llegeix m\u00e9s\u00bb<\/a><\/p>\n","protected":false},"author":1,"featured_media":0,"comment_status":"closed","ping_status":"closed","sticky":false,"template":"","format":"standard","meta":{"_bbp_topic_count":0,"_bbp_reply_count":0,"_bbp_total_topic_count":0,"_bbp_total_reply_count":0,"_bbp_voice_count":0,"_bbp_anonymous_reply_count":0,"_bbp_topic_count_hidden":0,"_bbp_reply_count_hidden":0,"_bbp_forum_subforum_count":0,"footnotes":""},"categories":[2,4,5],"tags":[60,63,61],"class_list":["post-1339","post","type-post","status-publish","format-standard","hentry","category-infantil","category-portada","category-primaria","tag-escola-ponent","tag-festes","tag-musica"],"post_mailing_queue_ids":[],"_links":{"self":[{"href":"https:\/\/agora.xtec.cat\/ceipponent-granollers\/wp-json\/wp\/v2\/posts\/1339","targetHints":{"allow":["GET"]}}],"collection":[{"href":"https:\/\/agora.xtec.cat\/ceipponent-granollers\/wp-json\/wp\/v2\/posts"}],"about":[{"href":"https:\/\/agora.xtec.cat\/ceipponent-granollers\/wp-json\/wp\/v2\/types\/post"}],"author":[{"embeddable":true,"href":"https:\/\/agora.xtec.cat\/ceipponent-granollers\/wp-json\/wp\/v2\/users\/1"}],"replies":[{"embeddable":true,"href":"https:\/\/agora.xtec.cat\/ceipponent-granollers\/wp-json\/wp\/v2\/comments?post=1339"}],"version-history":[{"count":4,"href":"https:\/\/agora.xtec.cat\/ceipponent-granollers\/wp-json\/wp\/v2\/posts\/1339\/revisions"}],"predecessor-version":[{"id":1381,"href":"https:\/\/agora.xtec.cat\/ceipponent-granollers\/wp-json\/wp\/v2\/posts\/1339\/revisions\/1381"}],"wp:attachment":[{"href":"https:\/\/agora.xtec.cat\/ceipponent-granollers\/wp-json\/wp\/v2\/media?parent=1339"}],"wp:term":[{"taxonomy":"category","embeddable":true,"href":"https:\/\/agora.xtec.cat\/ceipponent-granollers\/wp-json\/wp\/v2\/categories?post=1339"},{"taxonomy":"post_tag","embeddable":true,"href":"https:\/\/agora.xtec.cat\/ceipponent-granollers\/wp-json\/wp\/v2\/tags?post=1339"}],"curies":[{"name":"wp","href":"https:\/\/api.w.org\/{rel}","templated":true}]}}