{"id":13329,"date":"2025-01-19T13:26:09","date_gmt":"2025-01-19T12:26:09","guid":{"rendered":"https:\/\/agora.xtec.cat\/ceipponent-granollers\/?p=13329"},"modified":"2025-01-19T13:26:09","modified_gmt":"2025-01-19T12:26:09","slug":"la-consellera-deducacio-visita-lescola-ponent-de-granollers","status":"publish","type":"post","link":"https:\/\/agora.xtec.cat\/ceipponent-granollers\/portada\/la-consellera-deducacio-visita-lescola-ponent-de-granollers\/","title":{"rendered":"La Consellera d\u2019Educaci\u00f3 visita l\u2019Escola Ponent de Granollers"},"content":{"rendered":"<p>Aquest divendres, l\u2019Escola Ponent de Granollers ha tingut l\u2019honor de rebre la visita de la Consellera d\u2019Educaci\u00f3, Esther Niub\u00f3, acompanyada de la directora de Serveis Territorials i de l\u2019Alcaldessa de Granollers, Alba Barnusell i Ortu\u00f1o, aix\u00ed com de la Regidora d\u2019Educaci\u00f3, Isabel Llorente Guti\u00e9rrez. Ha estat una jornada molt especial, plena de moments per compartir, escoltar i reflexionar sobre l\u2019educaci\u00f3 al nostre centre i a la ciutat.<\/p>\n<p>Durant la visita, les autoritats han pogut con\u00e8ixer en profunditat els diferents projectes educatius que desenvolupem a l\u2019escola, basats en l\u2019atenci\u00f3 personalitzada als infants, el treball per projectes i l\u2019aposta per la innovaci\u00f3 pedag\u00f2gica. A m\u00e9s, han visitat diverses aules per observar algunes de les activitats que es realitzen di\u00e0riament, posant en valor la implicaci\u00f3 i la motivaci\u00f3 de l\u2019alumnat i del professorat.<\/p>\n<p>Un dels moments m\u00e9s significatius ha estat la trobada amb els equips docents i representants de la comunitat educativa. En aquesta reuni\u00f3, s\u2019han compartit les propostes de millora i s\u2019han exposat les necessitats del centre, generant un espai de di\u00e0leg constructiu sobre els reptes i oportunitats de l\u2019educaci\u00f3 actual. La Consellera d\u2019Educaci\u00f3 ha expressat el seu reconeixement per la feina feta, destacant l\u2019esfor\u00e7 de l\u2019escola per oferir una educaci\u00f3 inclusiva i de qualitat que respongui a les necessitats de tots els infants.<\/p>\n<p>Per la seva banda, l\u2019Alcaldessa de Granollers ha subratllat la import\u00e0ncia del treball conjunt entre les escoles, les fam\u00edlies i l\u2019Ajuntament, reafirmant el comprom\u00eds municipal per garantir el benestar i l\u2019\u00e8xit educatiu de tots els infants de la ciutat.<\/p>\n<p>Des de l\u2019Escola Ponent, volem agrair aquesta visita tan enriquidora i l\u2019inter\u00e8s que han mostrat per con\u00e8ixer de prop el nostre dia a dia, aix\u00ed com per escoltar les nostres propostes i necessitats. Ens sentim encoratjats a seguir treballant amb dedicaci\u00f3 per oferir una educaci\u00f3 transformadora i de qualitat.<\/p>\n<p>Moltes gr\u00e0cies per aquesta visita tan especial!<\/p>\n<p><img loading=\"lazy\" decoding=\"async\" class=\"alignnone size-large wp-image-13330\" src=\"https:\/\/agora.xtec.cat\/ceipponent-granollers\/wp-content\/uploads\/usu1522\/2025\/01\/A77CB7ED-5D6D-449D-A150-DB171ECBCAF5_1_102_o-576x1024.jpeg\" alt=\"\" width=\"576\" height=\"1024\" srcset=\"https:\/\/agora.xtec.cat\/ceipponent-granollers\/wp-content\/uploads\/usu1522\/2025\/01\/A77CB7ED-5D6D-449D-A150-DB171ECBCAF5_1_102_o-576x1024.jpeg 576w, https:\/\/agora.xtec.cat\/ceipponent-granollers\/wp-content\/uploads\/usu1522\/2025\/01\/A77CB7ED-5D6D-449D-A150-DB171ECBCAF5_1_102_o-169x300.jpeg 169w, https:\/\/agora.xtec.cat\/ceipponent-granollers\/wp-content\/uploads\/usu1522\/2025\/01\/A77CB7ED-5D6D-449D-A150-DB171ECBCAF5_1_102_o.jpeg 720w\" sizes=\"auto, (max-width: 576px) 100vw, 576px\" \/><\/p>\n<p>&nbsp;<\/p>\n","protected":false},"excerpt":{"rendered":"<p>Aquest divendres, l\u2019Escola Ponent de Granollers ha tingut l\u2019honor de rebre la visita de la Consellera d\u2019Educaci\u00f3, Esther Niub\u00f3, acompanyada de la directora de Serveis Territorials i de l\u2019Alcaldessa de Granollers, Alba Barnusell i Ortu\u00f1o, aix\u00ed com de la Regidora d\u2019Educaci\u00f3, Isabel Llorente Guti\u00e9rrez. Ha&hellip;  <a href=\"https:\/\/agora.xtec.cat\/ceipponent-granollers\/portada\/la-consellera-deducacio-visita-lescola-ponent-de-granollers\/\" title=\"Read La Consellera d\u2019Educaci\u00f3 visita l\u2019Escola Ponent de Granollers\">Llegeix m\u00e9s\u00bb<\/a><\/p>\n","protected":false},"author":24,"featured_media":13331,"comment_status":"closed","ping_status":"closed","sticky":false,"template":"","format":"standard","meta":{"_bbp_topic_count":0,"_bbp_reply_count":0,"_bbp_total_topic_count":0,"_bbp_total_reply_count":0,"_bbp_voice_count":0,"_bbp_anonymous_reply_count":0,"_bbp_topic_count_hidden":0,"_bbp_reply_count_hidden":0,"_bbp_forum_subforum_count":0,"footnotes":""},"categories":[10,11,12,13,14,15,195,196,197,4],"tags":[],"class_list":["post-13329","post","type-post","status-publish","format-standard","has-post-thumbnail","hentry","category-1r","category-2n","category-3r","category-4t","category-5e","category-6e","category-i3","category-i4","category-i5","category-portada"],"post_mailing_queue_ids":[],"_links":{"self":[{"href":"https:\/\/agora.xtec.cat\/ceipponent-granollers\/wp-json\/wp\/v2\/posts\/13329","targetHints":{"allow":["GET"]}}],"collection":[{"href":"https:\/\/agora.xtec.cat\/ceipponent-granollers\/wp-json\/wp\/v2\/posts"}],"about":[{"href":"https:\/\/agora.xtec.cat\/ceipponent-granollers\/wp-json\/wp\/v2\/types\/post"}],"author":[{"embeddable":true,"href":"https:\/\/agora.xtec.cat\/ceipponent-granollers\/wp-json\/wp\/v2\/users\/24"}],"replies":[{"embeddable":true,"href":"https:\/\/agora.xtec.cat\/ceipponent-granollers\/wp-json\/wp\/v2\/comments?post=13329"}],"version-history":[{"count":1,"href":"https:\/\/agora.xtec.cat\/ceipponent-granollers\/wp-json\/wp\/v2\/posts\/13329\/revisions"}],"predecessor-version":[{"id":13332,"href":"https:\/\/agora.xtec.cat\/ceipponent-granollers\/wp-json\/wp\/v2\/posts\/13329\/revisions\/13332"}],"wp:featuredmedia":[{"embeddable":true,"href":"https:\/\/agora.xtec.cat\/ceipponent-granollers\/wp-json\/wp\/v2\/media\/13331"}],"wp:attachment":[{"href":"https:\/\/agora.xtec.cat\/ceipponent-granollers\/wp-json\/wp\/v2\/media?parent=13329"}],"wp:term":[{"taxonomy":"category","embeddable":true,"href":"https:\/\/agora.xtec.cat\/ceipponent-granollers\/wp-json\/wp\/v2\/categories?post=13329"},{"taxonomy":"post_tag","embeddable":true,"href":"https:\/\/agora.xtec.cat\/ceipponent-granollers\/wp-json\/wp\/v2\/tags?post=13329"}],"curies":[{"name":"wp","href":"https:\/\/api.w.org\/{rel}","templated":true}]}}