{"id":13306,"date":"2025-01-19T12:38:47","date_gmt":"2025-01-19T11:38:47","guid":{"rendered":"https:\/\/agora.xtec.cat\/ceipponent-granollers\/?p=13306"},"modified":"2025-01-19T12:38:47","modified_gmt":"2025-01-19T11:38:47","slug":"tarda-en-families-amb-5e-de-primaria","status":"publish","type":"post","link":"https:\/\/agora.xtec.cat\/ceipponent-granollers\/portada\/tarda-en-families-amb-5e-de-primaria\/","title":{"rendered":"Tarda en fam\u00edlies amb 5\u00e8 de Prim\u00e0ria"},"content":{"rendered":"<p>Benvolgudes fam\u00edlies i estimat alumnat:<\/p>\n<p>Aquest divendres, l\u2019Escola Ponent ha viscut una tarda molt especial plena de creativitat, col\u00b7laboraci\u00f3 i valors compartits amb les fam\u00edlies. Els infants de 5\u00e8 i les seves fam\u00edlies han estat els protagonistes d\u2019una activitat creativa i significativa per preparar el Dia de la Pau.<\/p>\n<p>L\u2019activitat ha consistit en pintar i decorar unes lletres gegants amb el missatge \u201cLa poci\u00f3 de la pau\u201d. Aquestes lletres, que formaran part d\u2019un mural col\u00b7lectiu, decoraran la porta de l\u2019escola i transmetran un missatge visual i emotiu sobre la import\u00e0ncia de la pau, la igualtat i la conviv\u00e8ncia. El proc\u00e9s ha estat un aut\u00e8ntic treball d\u2019equip, on grans i petits han combinat idees i creativitat per donar vida a les lletres, utilitzant una gran varietat de materials com pintura, purpurina, papers de colors, cintes i elements naturals. Cada lletra ha reflectit una hist\u00f2ria \u00fanica, plena d\u2019imaginaci\u00f3 i significat.<\/p>\n<p>L\u2019objectiu de l\u2019activitat no nom\u00e9s era crear un mural bonic i vibrant, sin\u00f3 tamb\u00e9 fomentar el treball conjunt i l\u2019enriquiment mutu entre els infants i les seves fam\u00edlies. Aquesta tarda ha estat un exemple de com l\u2019escola i les fam\u00edlies poden col\u00b7laborar per refor\u00e7ar valors essencials com la pau, la solidaritat i el respecte mutu.<\/p>\n<p>El resultat final ser\u00e0 una porta que no nom\u00e9s acollir\u00e0 als qui entren a l\u2019escola amb un missatge inspirador, sin\u00f3 que tamb\u00e9 ser\u00e0 un recordatori visual dels valors que volem transmetre a la nostra comunitat educativa. Ha estat una tarda inoblidable, plena d\u2019aprenentatge, connexions i, sobretot, molt d\u2019afecte compartit. Estem desitjant que tothom pugui veure el mural i sentir l\u2019esperit d\u2019aquesta jornada tan especial!<\/p>\n<p><img loading=\"lazy\" decoding=\"async\" class=\"alignnone size-large wp-image-13307\" src=\"https:\/\/agora.xtec.cat\/ceipponent-granollers\/wp-content\/uploads\/usu1522\/2025\/01\/BF6A32E9-1562-40E4-BDBD-91BDB7E1C03E-768x1024.jpeg\" alt=\"\" width=\"768\" height=\"1024\" srcset=\"https:\/\/agora.xtec.cat\/ceipponent-granollers\/wp-content\/uploads\/usu1522\/2025\/01\/BF6A32E9-1562-40E4-BDBD-91BDB7E1C03E-768x1024.jpeg 768w, https:\/\/agora.xtec.cat\/ceipponent-granollers\/wp-content\/uploads\/usu1522\/2025\/01\/BF6A32E9-1562-40E4-BDBD-91BDB7E1C03E-225x300.jpeg 225w, https:\/\/agora.xtec.cat\/ceipponent-granollers\/wp-content\/uploads\/usu1522\/2025\/01\/BF6A32E9-1562-40E4-BDBD-91BDB7E1C03E-1152x1536.jpeg 1152w, https:\/\/agora.xtec.cat\/ceipponent-granollers\/wp-content\/uploads\/usu1522\/2025\/01\/BF6A32E9-1562-40E4-BDBD-91BDB7E1C03E.jpeg 1536w\" sizes=\"auto, (max-width: 768px) 100vw, 768px\" \/> <img loading=\"lazy\" decoding=\"async\" class=\"alignnone size-large wp-image-13308\" src=\"https:\/\/agora.xtec.cat\/ceipponent-granollers\/wp-content\/uploads\/usu1522\/2025\/01\/5AAEC336-8E50-4B77-8E8D-FEA0E0582AF4_4_5005_c.jpeg\" alt=\"\" width=\"360\" height=\"480\" srcset=\"https:\/\/agora.xtec.cat\/ceipponent-granollers\/wp-content\/uploads\/usu1522\/2025\/01\/5AAEC336-8E50-4B77-8E8D-FEA0E0582AF4_4_5005_c.jpeg 360w, https:\/\/agora.xtec.cat\/ceipponent-granollers\/wp-content\/uploads\/usu1522\/2025\/01\/5AAEC336-8E50-4B77-8E8D-FEA0E0582AF4_4_5005_c-225x300.jpeg 225w\" sizes=\"auto, (max-width: 360px) 100vw, 360px\" \/> <img loading=\"lazy\" decoding=\"async\" class=\"alignnone size-large wp-image-13309\" src=\"https:\/\/agora.xtec.cat\/ceipponent-granollers\/wp-content\/uploads\/usu1522\/2025\/01\/F018190F-D4B9-4D0D-89E5-077AA6BC4F04_4_5005_c.jpeg\" alt=\"\" width=\"360\" height=\"480\" srcset=\"https:\/\/agora.xtec.cat\/ceipponent-granollers\/wp-content\/uploads\/usu1522\/2025\/01\/F018190F-D4B9-4D0D-89E5-077AA6BC4F04_4_5005_c.jpeg 360w, https:\/\/agora.xtec.cat\/ceipponent-granollers\/wp-content\/uploads\/usu1522\/2025\/01\/F018190F-D4B9-4D0D-89E5-077AA6BC4F04_4_5005_c-225x300.jpeg 225w\" sizes=\"auto, (max-width: 360px) 100vw, 360px\" \/> <img loading=\"lazy\" decoding=\"async\" class=\"alignnone size-large wp-image-13310\" src=\"https:\/\/agora.xtec.cat\/ceipponent-granollers\/wp-content\/uploads\/usu1522\/2025\/01\/97212790-13CA-41B3-B789-26FA0540D0D5_4_5005_c.jpeg\" alt=\"\" width=\"480\" height=\"360\" srcset=\"https:\/\/agora.xtec.cat\/ceipponent-granollers\/wp-content\/uploads\/usu1522\/2025\/01\/97212790-13CA-41B3-B789-26FA0540D0D5_4_5005_c.jpeg 480w, https:\/\/agora.xtec.cat\/ceipponent-granollers\/wp-content\/uploads\/usu1522\/2025\/01\/97212790-13CA-41B3-B789-26FA0540D0D5_4_5005_c-300x225.jpeg 300w, https:\/\/agora.xtec.cat\/ceipponent-granollers\/wp-content\/uploads\/usu1522\/2025\/01\/97212790-13CA-41B3-B789-26FA0540D0D5_4_5005_c-200x150.jpeg 200w\" sizes=\"auto, (max-width: 480px) 100vw, 480px\" \/> <img loading=\"lazy\" decoding=\"async\" class=\"alignnone size-large wp-image-13311\" src=\"https:\/\/agora.xtec.cat\/ceipponent-granollers\/wp-content\/uploads\/usu1522\/2025\/01\/48237C8F-83ED-4A0C-A3E2-C5D2C60198F1_4_5005_c.jpeg\" alt=\"\" width=\"360\" height=\"480\" srcset=\"https:\/\/agora.xtec.cat\/ceipponent-granollers\/wp-content\/uploads\/usu1522\/2025\/01\/48237C8F-83ED-4A0C-A3E2-C5D2C60198F1_4_5005_c.jpeg 360w, https:\/\/agora.xtec.cat\/ceipponent-granollers\/wp-content\/uploads\/usu1522\/2025\/01\/48237C8F-83ED-4A0C-A3E2-C5D2C60198F1_4_5005_c-225x300.jpeg 225w\" sizes=\"auto, (max-width: 360px) 100vw, 360px\" \/> <img loading=\"lazy\" decoding=\"async\" class=\"alignnone size-large wp-image-13312\" src=\"https:\/\/agora.xtec.cat\/ceipponent-granollers\/wp-content\/uploads\/usu1522\/2025\/01\/723275D8-C5EC-49B3-8379-509E96AD60F0_4_5005_c.jpeg\" alt=\"\" width=\"480\" height=\"360\" srcset=\"https:\/\/agora.xtec.cat\/ceipponent-granollers\/wp-content\/uploads\/usu1522\/2025\/01\/723275D8-C5EC-49B3-8379-509E96AD60F0_4_5005_c.jpeg 480w, https:\/\/agora.xtec.cat\/ceipponent-granollers\/wp-content\/uploads\/usu1522\/2025\/01\/723275D8-C5EC-49B3-8379-509E96AD60F0_4_5005_c-300x225.jpeg 300w, https:\/\/agora.xtec.cat\/ceipponent-granollers\/wp-content\/uploads\/usu1522\/2025\/01\/723275D8-C5EC-49B3-8379-509E96AD60F0_4_5005_c-200x150.jpeg 200w\" sizes=\"auto, (max-width: 480px) 100vw, 480px\" \/><\/p>\n","protected":false},"excerpt":{"rendered":"<p>Benvolgudes fam\u00edlies i estimat alumnat:<br \/>\nAquest divendres, l\u2019Escola Ponent ha viscut una tarda molt especial plena de creativitat, col\u00b7laboraci\u00f3 i valors compartits amb les fam\u00edlies. Els infants de 5\u00e8 i les seves fam\u00edlies han estat els protagonistes d\u2019una activitat creativa i significativa per preparar el Dia&hellip;  <a href=\"https:\/\/agora.xtec.cat\/ceipponent-granollers\/portada\/tarda-en-families-amb-5e-de-primaria\/\" title=\"Read Tarda en fam\u00edlies amb 5\u00e8 de Prim\u00e0ria\">Llegeix m\u00e9s\u00bb<\/a><\/p>\n","protected":false},"author":24,"featured_media":12803,"comment_status":"closed","ping_status":"closed","sticky":false,"template":"","format":"standard","meta":{"_bbp_topic_count":0,"_bbp_reply_count":0,"_bbp_total_topic_count":0,"_bbp_total_reply_count":0,"_bbp_voice_count":0,"_bbp_anonymous_reply_count":0,"_bbp_topic_count_hidden":0,"_bbp_reply_count_hidden":0,"_bbp_forum_subforum_count":0,"footnotes":""},"categories":[14,4],"tags":[],"class_list":["post-13306","post","type-post","status-publish","format-standard","has-post-thumbnail","hentry","category-5e","category-portada"],"post_mailing_queue_ids":[],"_links":{"self":[{"href":"https:\/\/agora.xtec.cat\/ceipponent-granollers\/wp-json\/wp\/v2\/posts\/13306","targetHints":{"allow":["GET"]}}],"collection":[{"href":"https:\/\/agora.xtec.cat\/ceipponent-granollers\/wp-json\/wp\/v2\/posts"}],"about":[{"href":"https:\/\/agora.xtec.cat\/ceipponent-granollers\/wp-json\/wp\/v2\/types\/post"}],"author":[{"embeddable":true,"href":"https:\/\/agora.xtec.cat\/ceipponent-granollers\/wp-json\/wp\/v2\/users\/24"}],"replies":[{"embeddable":true,"href":"https:\/\/agora.xtec.cat\/ceipponent-granollers\/wp-json\/wp\/v2\/comments?post=13306"}],"version-history":[{"count":1,"href":"https:\/\/agora.xtec.cat\/ceipponent-granollers\/wp-json\/wp\/v2\/posts\/13306\/revisions"}],"predecessor-version":[{"id":13313,"href":"https:\/\/agora.xtec.cat\/ceipponent-granollers\/wp-json\/wp\/v2\/posts\/13306\/revisions\/13313"}],"wp:featuredmedia":[{"embeddable":true,"href":"https:\/\/agora.xtec.cat\/ceipponent-granollers\/wp-json\/wp\/v2\/media\/12803"}],"wp:attachment":[{"href":"https:\/\/agora.xtec.cat\/ceipponent-granollers\/wp-json\/wp\/v2\/media?parent=13306"}],"wp:term":[{"taxonomy":"category","embeddable":true,"href":"https:\/\/agora.xtec.cat\/ceipponent-granollers\/wp-json\/wp\/v2\/categories?post=13306"},{"taxonomy":"post_tag","embeddable":true,"href":"https:\/\/agora.xtec.cat\/ceipponent-granollers\/wp-json\/wp\/v2\/tags?post=13306"}],"curies":[{"name":"wp","href":"https:\/\/api.w.org\/{rel}","templated":true}]}}