{"id":13006,"date":"2024-11-08T21:09:24","date_gmt":"2024-11-08T20:09:24","guid":{"rendered":"https:\/\/agora.xtec.cat\/ceipponent-granollers\/?p=13006"},"modified":"2024-11-08T21:09:24","modified_gmt":"2024-11-08T20:09:24","slug":"tarda-amb-families-de-6e","status":"publish","type":"post","link":"https:\/\/agora.xtec.cat\/ceipponent-granollers\/portada\/tarda-amb-families-de-6e\/","title":{"rendered":"Tarda amb fam\u00edlies de 6\u00e8"},"content":{"rendered":"<p>Benvolgudes fam\u00edlies,<br \/>\nAquesta tarda hem fet la primera trobada amb fam\u00edlies de 6\u00e8. Ens hem trobat al pati central de l&#8217;escola. Un cop presentada l&#8217;activitat i creats els grups ha comen\u00e7at la gimcana en el pati de l&#8217;escola. La participaci\u00f3 i la iniciativa de les fam\u00edlies assistents ha estat fant\u00e0stica. Les activitats a realitzar han estat diverses com per exemple jocs de punteria, sudokus, enigmes matem\u00e0tics, jerogl\u00edfics, preguntes de cultura general, etc. Fam\u00edlies i alumnat han treballat conjuntament, han gaudit d&#8217;una experi\u00e8ncia compartida i ho han passat molt b\u00e9. A tots i a totes us animem a participar en les properes trobades. Bon cap de setmana!<\/p>\n\n\t\t<style type=\"text\/css\">\n\t\t\t#gallery-1 {\n\t\t\t\tmargin: auto;\n\t\t\t}\n\t\t\t#gallery-1 .gallery-item {\n\t\t\t\tfloat: left;\n\t\t\t\tmargin-top: 10px;\n\t\t\t\ttext-align: center;\n\t\t\t\twidth: 33%;\n\t\t\t}\n\t\t\t#gallery-1 img {\n\t\t\t\tborder: 2px solid #cfcfcf;\n\t\t\t}\n\t\t\t#gallery-1 .gallery-caption {\n\t\t\t\tmargin-left: 0;\n\t\t\t}\n\t\t\t\/* see gallery_shortcode() in wp-includes\/media.php *\/\n\t\t<\/style>\n\t\t<div id='gallery-1' class='gallery galleryid-13006 gallery-columns-3 gallery-size-large'><dl class='gallery-item'>\n\t\t\t<dt class='gallery-icon landscape'>\n\t\t\t\t<a href='https:\/\/agora.xtec.cat\/ceipponent-granollers\/portada\/tarda-amb-families-de-6e\/attachment\/whatsapp-image-2024-11-08-at-21-00-22-1\/'><img loading=\"lazy\" decoding=\"async\" width=\"1024\" height=\"768\" src=\"https:\/\/agora.xtec.cat\/ceipponent-granollers\/wp-content\/uploads\/usu1522\/2024\/11\/WhatsApp-Image-2024-11-08-at-21.00.22-1-1024x768.jpeg\" class=\"attachment-large size-large\" alt=\"\" srcset=\"https:\/\/agora.xtec.cat\/ceipponent-granollers\/wp-content\/uploads\/usu1522\/2024\/11\/WhatsApp-Image-2024-11-08-at-21.00.22-1-1024x768.jpeg 1024w, https:\/\/agora.xtec.cat\/ceipponent-granollers\/wp-content\/uploads\/usu1522\/2024\/11\/WhatsApp-Image-2024-11-08-at-21.00.22-1-300x225.jpeg 300w, https:\/\/agora.xtec.cat\/ceipponent-granollers\/wp-content\/uploads\/usu1522\/2024\/11\/WhatsApp-Image-2024-11-08-at-21.00.22-1-768x576.jpeg 768w, https:\/\/agora.xtec.cat\/ceipponent-granollers\/wp-content\/uploads\/usu1522\/2024\/11\/WhatsApp-Image-2024-11-08-at-21.00.22-1-1536x1152.jpeg 1536w, https:\/\/agora.xtec.cat\/ceipponent-granollers\/wp-content\/uploads\/usu1522\/2024\/11\/WhatsApp-Image-2024-11-08-at-21.00.22-1-200x150.jpeg 200w, https:\/\/agora.xtec.cat\/ceipponent-granollers\/wp-content\/uploads\/usu1522\/2024\/11\/WhatsApp-Image-2024-11-08-at-21.00.22-1.jpeg 1600w\" sizes=\"auto, (max-width: 1024px) 100vw, 1024px\" \/><\/a>\n\t\t\t<\/dt><\/dl><dl class='gallery-item'>\n\t\t\t<dt class='gallery-icon landscape'>\n\t\t\t\t<a href='https:\/\/agora.xtec.cat\/ceipponent-granollers\/portada\/tarda-amb-families-de-6e\/attachment\/whatsapp-image-2024-11-08-at-21-00-22-2\/'><img loading=\"lazy\" decoding=\"async\" width=\"1024\" height=\"768\" src=\"https:\/\/agora.xtec.cat\/ceipponent-granollers\/wp-content\/uploads\/usu1522\/2024\/11\/WhatsApp-Image-2024-11-08-at-21.00.22-2-1024x768.jpeg\" class=\"attachment-large size-large\" alt=\"\" srcset=\"https:\/\/agora.xtec.cat\/ceipponent-granollers\/wp-content\/uploads\/usu1522\/2024\/11\/WhatsApp-Image-2024-11-08-at-21.00.22-2-1024x768.jpeg 1024w, https:\/\/agora.xtec.cat\/ceipponent-granollers\/wp-content\/uploads\/usu1522\/2024\/11\/WhatsApp-Image-2024-11-08-at-21.00.22-2-300x225.jpeg 300w, https:\/\/agora.xtec.cat\/ceipponent-granollers\/wp-content\/uploads\/usu1522\/2024\/11\/WhatsApp-Image-2024-11-08-at-21.00.22-2-768x576.jpeg 768w, https:\/\/agora.xtec.cat\/ceipponent-granollers\/wp-content\/uploads\/usu1522\/2024\/11\/WhatsApp-Image-2024-11-08-at-21.00.22-2-1536x1152.jpeg 1536w, https:\/\/agora.xtec.cat\/ceipponent-granollers\/wp-content\/uploads\/usu1522\/2024\/11\/WhatsApp-Image-2024-11-08-at-21.00.22-2-200x150.jpeg 200w, https:\/\/agora.xtec.cat\/ceipponent-granollers\/wp-content\/uploads\/usu1522\/2024\/11\/WhatsApp-Image-2024-11-08-at-21.00.22-2.jpeg 1600w\" sizes=\"auto, (max-width: 1024px) 100vw, 1024px\" \/><\/a>\n\t\t\t<\/dt><\/dl><dl class='gallery-item'>\n\t\t\t<dt class='gallery-icon landscape'>\n\t\t\t\t<a href='https:\/\/agora.xtec.cat\/ceipponent-granollers\/portada\/tarda-amb-families-de-6e\/attachment\/whatsapp-image-2024-11-08-at-21-00-22-3\/'><img loading=\"lazy\" decoding=\"async\" width=\"1024\" height=\"768\" src=\"https:\/\/agora.xtec.cat\/ceipponent-granollers\/wp-content\/uploads\/usu1522\/2024\/11\/WhatsApp-Image-2024-11-08-at-21.00.22-3-1024x768.jpeg\" class=\"attachment-large size-large\" alt=\"\" srcset=\"https:\/\/agora.xtec.cat\/ceipponent-granollers\/wp-content\/uploads\/usu1522\/2024\/11\/WhatsApp-Image-2024-11-08-at-21.00.22-3-1024x768.jpeg 1024w, https:\/\/agora.xtec.cat\/ceipponent-granollers\/wp-content\/uploads\/usu1522\/2024\/11\/WhatsApp-Image-2024-11-08-at-21.00.22-3-300x225.jpeg 300w, https:\/\/agora.xtec.cat\/ceipponent-granollers\/wp-content\/uploads\/usu1522\/2024\/11\/WhatsApp-Image-2024-11-08-at-21.00.22-3-768x576.jpeg 768w, https:\/\/agora.xtec.cat\/ceipponent-granollers\/wp-content\/uploads\/usu1522\/2024\/11\/WhatsApp-Image-2024-11-08-at-21.00.22-3-1536x1152.jpeg 1536w, https:\/\/agora.xtec.cat\/ceipponent-granollers\/wp-content\/uploads\/usu1522\/2024\/11\/WhatsApp-Image-2024-11-08-at-21.00.22-3-200x150.jpeg 200w, https:\/\/agora.xtec.cat\/ceipponent-granollers\/wp-content\/uploads\/usu1522\/2024\/11\/WhatsApp-Image-2024-11-08-at-21.00.22-3.jpeg 1600w\" sizes=\"auto, (max-width: 1024px) 100vw, 1024px\" \/><\/a>\n\t\t\t<\/dt><\/dl><br style=\"clear: both\" \/><dl class='gallery-item'>\n\t\t\t<dt class='gallery-icon landscape'>\n\t\t\t\t<a href='https:\/\/agora.xtec.cat\/ceipponent-granollers\/portada\/tarda-amb-families-de-6e\/attachment\/whatsapp-image-2024-11-08-at-21-00-23-1\/'><img loading=\"lazy\" decoding=\"async\" width=\"1024\" height=\"768\" src=\"https:\/\/agora.xtec.cat\/ceipponent-granollers\/wp-content\/uploads\/usu1522\/2024\/11\/WhatsApp-Image-2024-11-08-at-21.00.23-1-1024x768.jpeg\" class=\"attachment-large size-large\" alt=\"\" srcset=\"https:\/\/agora.xtec.cat\/ceipponent-granollers\/wp-content\/uploads\/usu1522\/2024\/11\/WhatsApp-Image-2024-11-08-at-21.00.23-1-1024x768.jpeg 1024w, https:\/\/agora.xtec.cat\/ceipponent-granollers\/wp-content\/uploads\/usu1522\/2024\/11\/WhatsApp-Image-2024-11-08-at-21.00.23-1-300x225.jpeg 300w, https:\/\/agora.xtec.cat\/ceipponent-granollers\/wp-content\/uploads\/usu1522\/2024\/11\/WhatsApp-Image-2024-11-08-at-21.00.23-1-768x576.jpeg 768w, https:\/\/agora.xtec.cat\/ceipponent-granollers\/wp-content\/uploads\/usu1522\/2024\/11\/WhatsApp-Image-2024-11-08-at-21.00.23-1-1536x1152.jpeg 1536w, https:\/\/agora.xtec.cat\/ceipponent-granollers\/wp-content\/uploads\/usu1522\/2024\/11\/WhatsApp-Image-2024-11-08-at-21.00.23-1-200x150.jpeg 200w, https:\/\/agora.xtec.cat\/ceipponent-granollers\/wp-content\/uploads\/usu1522\/2024\/11\/WhatsApp-Image-2024-11-08-at-21.00.23-1.jpeg 1600w\" sizes=\"auto, (max-width: 1024px) 100vw, 1024px\" \/><\/a>\n\t\t\t<\/dt><\/dl><dl class='gallery-item'>\n\t\t\t<dt class='gallery-icon landscape'>\n\t\t\t\t<a href='https:\/\/agora.xtec.cat\/ceipponent-granollers\/portada\/tarda-amb-families-de-6e\/attachment\/whatsapp-image-2024-11-08-at-21-00-23-2\/'><img loading=\"lazy\" decoding=\"async\" width=\"1024\" height=\"768\" src=\"https:\/\/agora.xtec.cat\/ceipponent-granollers\/wp-content\/uploads\/usu1522\/2024\/11\/WhatsApp-Image-2024-11-08-at-21.00.23-2-1024x768.jpeg\" class=\"attachment-large size-large\" alt=\"\" srcset=\"https:\/\/agora.xtec.cat\/ceipponent-granollers\/wp-content\/uploads\/usu1522\/2024\/11\/WhatsApp-Image-2024-11-08-at-21.00.23-2-1024x768.jpeg 1024w, https:\/\/agora.xtec.cat\/ceipponent-granollers\/wp-content\/uploads\/usu1522\/2024\/11\/WhatsApp-Image-2024-11-08-at-21.00.23-2-300x225.jpeg 300w, https:\/\/agora.xtec.cat\/ceipponent-granollers\/wp-content\/uploads\/usu1522\/2024\/11\/WhatsApp-Image-2024-11-08-at-21.00.23-2-768x576.jpeg 768w, https:\/\/agora.xtec.cat\/ceipponent-granollers\/wp-content\/uploads\/usu1522\/2024\/11\/WhatsApp-Image-2024-11-08-at-21.00.23-2-1536x1152.jpeg 1536w, https:\/\/agora.xtec.cat\/ceipponent-granollers\/wp-content\/uploads\/usu1522\/2024\/11\/WhatsApp-Image-2024-11-08-at-21.00.23-2-200x150.jpeg 200w, https:\/\/agora.xtec.cat\/ceipponent-granollers\/wp-content\/uploads\/usu1522\/2024\/11\/WhatsApp-Image-2024-11-08-at-21.00.23-2.jpeg 1600w\" sizes=\"auto, (max-width: 1024px) 100vw, 1024px\" \/><\/a>\n\t\t\t<\/dt><\/dl><dl class='gallery-item'>\n\t\t\t<dt class='gallery-icon landscape'>\n\t\t\t\t<a href='https:\/\/agora.xtec.cat\/ceipponent-granollers\/portada\/tarda-amb-families-de-6e\/attachment\/whatsapp-image-2024-11-08-at-21-00-23-4\/'><img loading=\"lazy\" decoding=\"async\" width=\"1024\" height=\"768\" src=\"https:\/\/agora.xtec.cat\/ceipponent-granollers\/wp-content\/uploads\/usu1522\/2024\/11\/WhatsApp-Image-2024-11-08-at-21.00.23-4-1024x768.jpeg\" class=\"attachment-large size-large\" alt=\"\" srcset=\"https:\/\/agora.xtec.cat\/ceipponent-granollers\/wp-content\/uploads\/usu1522\/2024\/11\/WhatsApp-Image-2024-11-08-at-21.00.23-4-1024x768.jpeg 1024w, https:\/\/agora.xtec.cat\/ceipponent-granollers\/wp-content\/uploads\/usu1522\/2024\/11\/WhatsApp-Image-2024-11-08-at-21.00.23-4-300x225.jpeg 300w, https:\/\/agora.xtec.cat\/ceipponent-granollers\/wp-content\/uploads\/usu1522\/2024\/11\/WhatsApp-Image-2024-11-08-at-21.00.23-4-768x576.jpeg 768w, https:\/\/agora.xtec.cat\/ceipponent-granollers\/wp-content\/uploads\/usu1522\/2024\/11\/WhatsApp-Image-2024-11-08-at-21.00.23-4-1536x1152.jpeg 1536w, https:\/\/agora.xtec.cat\/ceipponent-granollers\/wp-content\/uploads\/usu1522\/2024\/11\/WhatsApp-Image-2024-11-08-at-21.00.23-4-200x150.jpeg 200w, https:\/\/agora.xtec.cat\/ceipponent-granollers\/wp-content\/uploads\/usu1522\/2024\/11\/WhatsApp-Image-2024-11-08-at-21.00.23-4.jpeg 1600w\" sizes=\"auto, (max-width: 1024px) 100vw, 1024px\" \/><\/a>\n\t\t\t<\/dt><\/dl><br style=\"clear: both\" \/><dl class='gallery-item'>\n\t\t\t<dt class='gallery-icon portrait'>\n\t\t\t\t<a href='https:\/\/agora.xtec.cat\/ceipponent-granollers\/portada\/tarda-amb-families-de-6e\/attachment\/whatsapp-image-2024-11-08-at-21-00-23\/'><img loading=\"lazy\" decoding=\"async\" width=\"768\" height=\"1024\" src=\"https:\/\/agora.xtec.cat\/ceipponent-granollers\/wp-content\/uploads\/usu1522\/2024\/11\/WhatsApp-Image-2024-11-08-at-21.00.23-768x1024.jpeg\" class=\"attachment-large size-large\" alt=\"\" srcset=\"https:\/\/agora.xtec.cat\/ceipponent-granollers\/wp-content\/uploads\/usu1522\/2024\/11\/WhatsApp-Image-2024-11-08-at-21.00.23-768x1024.jpeg 768w, https:\/\/agora.xtec.cat\/ceipponent-granollers\/wp-content\/uploads\/usu1522\/2024\/11\/WhatsApp-Image-2024-11-08-at-21.00.23-225x300.jpeg 225w, https:\/\/agora.xtec.cat\/ceipponent-granollers\/wp-content\/uploads\/usu1522\/2024\/11\/WhatsApp-Image-2024-11-08-at-21.00.23-1152x1536.jpeg 1152w, https:\/\/agora.xtec.cat\/ceipponent-granollers\/wp-content\/uploads\/usu1522\/2024\/11\/WhatsApp-Image-2024-11-08-at-21.00.23.jpeg 1200w\" sizes=\"auto, (max-width: 768px) 100vw, 768px\" \/><\/a>\n\t\t\t<\/dt><\/dl><dl class='gallery-item'>\n\t\t\t<dt class='gallery-icon portrait'>\n\t\t\t\t<a href='https:\/\/agora.xtec.cat\/ceipponent-granollers\/portada\/tarda-amb-families-de-6e\/attachment\/whatsapp-image-2024-11-08-at-21-00-23-3\/'><img loading=\"lazy\" decoding=\"async\" width=\"768\" height=\"1024\" src=\"https:\/\/agora.xtec.cat\/ceipponent-granollers\/wp-content\/uploads\/usu1522\/2024\/11\/WhatsApp-Image-2024-11-08-at-21.00.23-3-768x1024.jpeg\" class=\"attachment-large size-large\" alt=\"\" srcset=\"https:\/\/agora.xtec.cat\/ceipponent-granollers\/wp-content\/uploads\/usu1522\/2024\/11\/WhatsApp-Image-2024-11-08-at-21.00.23-3-768x1024.jpeg 768w, https:\/\/agora.xtec.cat\/ceipponent-granollers\/wp-content\/uploads\/usu1522\/2024\/11\/WhatsApp-Image-2024-11-08-at-21.00.23-3-225x300.jpeg 225w, https:\/\/agora.xtec.cat\/ceipponent-granollers\/wp-content\/uploads\/usu1522\/2024\/11\/WhatsApp-Image-2024-11-08-at-21.00.23-3-1152x1536.jpeg 1152w, https:\/\/agora.xtec.cat\/ceipponent-granollers\/wp-content\/uploads\/usu1522\/2024\/11\/WhatsApp-Image-2024-11-08-at-21.00.23-3.jpeg 1200w\" sizes=\"auto, (max-width: 768px) 100vw, 768px\" \/><\/a>\n\t\t\t<\/dt><\/dl><dl class='gallery-item'>\n\t\t\t<dt class='gallery-icon portrait'>\n\t\t\t\t<a href='https:\/\/agora.xtec.cat\/ceipponent-granollers\/portada\/tarda-amb-families-de-6e\/attachment\/whatsapp-image-2024-11-08-at-21-00-23-5\/'><img loading=\"lazy\" decoding=\"async\" width=\"768\" height=\"1024\" src=\"https:\/\/agora.xtec.cat\/ceipponent-granollers\/wp-content\/uploads\/usu1522\/2024\/11\/WhatsApp-Image-2024-11-08-at-21.00.23-5-768x1024.jpeg\" class=\"attachment-large size-large\" alt=\"\" srcset=\"https:\/\/agora.xtec.cat\/ceipponent-granollers\/wp-content\/uploads\/usu1522\/2024\/11\/WhatsApp-Image-2024-11-08-at-21.00.23-5-768x1024.jpeg 768w, https:\/\/agora.xtec.cat\/ceipponent-granollers\/wp-content\/uploads\/usu1522\/2024\/11\/WhatsApp-Image-2024-11-08-at-21.00.23-5-225x300.jpeg 225w, https:\/\/agora.xtec.cat\/ceipponent-granollers\/wp-content\/uploads\/usu1522\/2024\/11\/WhatsApp-Image-2024-11-08-at-21.00.23-5-1152x1536.jpeg 1152w, https:\/\/agora.xtec.cat\/ceipponent-granollers\/wp-content\/uploads\/usu1522\/2024\/11\/WhatsApp-Image-2024-11-08-at-21.00.23-5.jpeg 1200w\" sizes=\"auto, (max-width: 768px) 100vw, 768px\" \/><\/a>\n\t\t\t<\/dt><\/dl><br style=\"clear: both\" \/>\n\t\t<\/div>\n\n","protected":false},"excerpt":{"rendered":"<p>Benvolgudes fam\u00edlies,<br \/>\nAquesta tarda hem fet la primera trobada amb fam\u00edlies de 6\u00e8. Ens hem trobat al pati central de l&#8217;escola. Un cop presentada l&#8217;activitat i creats els grups ha comen\u00e7at la gimcana en el pati de l&#8217;escola. La participaci\u00f3 i la iniciativa de les fam\u00edlies&hellip;  <a href=\"https:\/\/agora.xtec.cat\/ceipponent-granollers\/portada\/tarda-amb-families-de-6e\/\" title=\"Read Tarda amb fam\u00edlies de 6\u00e8\">Llegeix m\u00e9s\u00bb<\/a><\/p>\n","protected":false},"author":13,"featured_media":12804,"comment_status":"closed","ping_status":"closed","sticky":false,"template":"","format":"standard","meta":{"_bbp_topic_count":0,"_bbp_reply_count":0,"_bbp_total_topic_count":0,"_bbp_total_reply_count":0,"_bbp_voice_count":0,"_bbp_anonymous_reply_count":0,"_bbp_topic_count_hidden":0,"_bbp_reply_count_hidden":0,"_bbp_forum_subforum_count":0,"footnotes":""},"categories":[15,4],"tags":[],"class_list":["post-13006","post","type-post","status-publish","format-standard","has-post-thumbnail","hentry","category-6e","category-portada"],"post_mailing_queue_ids":[],"_links":{"self":[{"href":"https:\/\/agora.xtec.cat\/ceipponent-granollers\/wp-json\/wp\/v2\/posts\/13006","targetHints":{"allow":["GET"]}}],"collection":[{"href":"https:\/\/agora.xtec.cat\/ceipponent-granollers\/wp-json\/wp\/v2\/posts"}],"about":[{"href":"https:\/\/agora.xtec.cat\/ceipponent-granollers\/wp-json\/wp\/v2\/types\/post"}],"author":[{"embeddable":true,"href":"https:\/\/agora.xtec.cat\/ceipponent-granollers\/wp-json\/wp\/v2\/users\/13"}],"replies":[{"embeddable":true,"href":"https:\/\/agora.xtec.cat\/ceipponent-granollers\/wp-json\/wp\/v2\/comments?post=13006"}],"version-history":[{"count":1,"href":"https:\/\/agora.xtec.cat\/ceipponent-granollers\/wp-json\/wp\/v2\/posts\/13006\/revisions"}],"predecessor-version":[{"id":13016,"href":"https:\/\/agora.xtec.cat\/ceipponent-granollers\/wp-json\/wp\/v2\/posts\/13006\/revisions\/13016"}],"wp:featuredmedia":[{"embeddable":true,"href":"https:\/\/agora.xtec.cat\/ceipponent-granollers\/wp-json\/wp\/v2\/media\/12804"}],"wp:attachment":[{"href":"https:\/\/agora.xtec.cat\/ceipponent-granollers\/wp-json\/wp\/v2\/media?parent=13006"}],"wp:term":[{"taxonomy":"category","embeddable":true,"href":"https:\/\/agora.xtec.cat\/ceipponent-granollers\/wp-json\/wp\/v2\/categories?post=13006"},{"taxonomy":"post_tag","embeddable":true,"href":"https:\/\/agora.xtec.cat\/ceipponent-granollers\/wp-json\/wp\/v2\/tags?post=13006"}],"curies":[{"name":"wp","href":"https:\/\/api.w.org\/{rel}","templated":true}]}}