{"id":12998,"date":"2024-10-30T16:48:22","date_gmt":"2024-10-30T15:48:22","guid":{"rendered":"https:\/\/agora.xtec.cat\/ceipponent-granollers\/?p=12998"},"modified":"2024-10-30T16:48:22","modified_gmt":"2024-10-30T15:48:22","slug":"castanyada-a-lescola-una-celebracio-amb-lafa-i-les-families","status":"publish","type":"post","link":"https:\/\/agora.xtec.cat\/ceipponent-granollers\/portada\/castanyada-a-lescola-una-celebracio-amb-lafa-i-les-families\/","title":{"rendered":"Castanyada a l\u2019Escola: Una Celebraci\u00f3 amb l\u2019AFA i les Fam\u00edlies!"},"content":{"rendered":"<p>Benvolgudes fam\u00edlies i estimat alumnat:<\/p>\n<div class=\"group\/conversation-turn relative flex w-full min-w-0 flex-col agent-turn\">\n<div class=\"flex-col gap-1 md:gap-3\">\n<div class=\"flex max-w-full flex-col flex-grow\">\n<div class=\"min-h-8 text-message flex w-full flex-col items-end gap-2 whitespace-normal break-words [.text-message+&amp;]:mt-5\" dir=\"auto\" data-message-author-role=\"assistant\" data-message-id=\"4f99c510-9d9f-4070-8db3-f960c5532e95\" data-message-model-slug=\"gpt-4o\">\n<div class=\"flex w-full flex-col gap-1 empty:hidden first:pt-[3px]\">\n<div class=\"markdown prose w-full break-words dark:prose-invert light\">\n<p>Avui ha estat un dia molt especial a l\u2019escola! Els nens i nenes han pogut gaudir de castanyes ben torrades gr\u00e0cies a la col\u00b7laboraci\u00f3 inestimable de l\u2019AFA de l\u2019escola, que s\u2019ha encarregat de fer possible aquesta activitat tan entranyable i arrelada a la tardor.<\/p>\n<p>A m\u00e9s, hem tingut la sort de comptar amb fam\u00edlies volunt\u00e0ries que, amb molta il\u00b7lusi\u00f3, han fet de castanyeres per un dia. Equipades amb davantal, mocador i un gran somriure, han torrat les castanyes que els infants han degustat amb entusiasme al llarg de la jornada.<\/p>\n<p>Des de l\u2019escola, volem agrair a l\u2019AFA i a les fam\u00edlies la seva dedicaci\u00f3 i implicaci\u00f3, que han fet d\u2019aquesta Castanyada una experi\u00e8ncia \u00fanica i divertida per a tots els nostres alumnes. Moments com aquests ens recorden la import\u00e0ncia de la col\u00b7laboraci\u00f3 entre escola i fam\u00edlies per enriquir el dia a dia dels nostres infants.<\/p>\n<p>Gr\u00e0cies a tots i totes per mantenir viu l\u2019esperit de la Castanyada!<\/p>\n<p><img loading=\"lazy\" decoding=\"async\" class=\"alignnone size-large wp-image-13000\" src=\"https:\/\/agora.xtec.cat\/ceipponent-granollers\/wp-content\/uploads\/usu1522\/2024\/10\/261a5786-ccef-4896-ba2a-a0524df27616-576x1024.jpg\" alt=\"\" width=\"576\" height=\"1024\" srcset=\"https:\/\/agora.xtec.cat\/ceipponent-granollers\/wp-content\/uploads\/usu1522\/2024\/10\/261a5786-ccef-4896-ba2a-a0524df27616-576x1024.jpg 576w, https:\/\/agora.xtec.cat\/ceipponent-granollers\/wp-content\/uploads\/usu1522\/2024\/10\/261a5786-ccef-4896-ba2a-a0524df27616-169x300.jpg 169w, https:\/\/agora.xtec.cat\/ceipponent-granollers\/wp-content\/uploads\/usu1522\/2024\/10\/261a5786-ccef-4896-ba2a-a0524df27616-768x1366.jpg 768w, https:\/\/agora.xtec.cat\/ceipponent-granollers\/wp-content\/uploads\/usu1522\/2024\/10\/261a5786-ccef-4896-ba2a-a0524df27616-864x1536.jpg 864w, https:\/\/agora.xtec.cat\/ceipponent-granollers\/wp-content\/uploads\/usu1522\/2024\/10\/261a5786-ccef-4896-ba2a-a0524df27616.jpg 899w\" sizes=\"auto, (max-width: 576px) 100vw, 576px\" \/> <img loading=\"lazy\" decoding=\"async\" class=\"alignnone size-large wp-image-13001\" src=\"https:\/\/agora.xtec.cat\/ceipponent-granollers\/wp-content\/uploads\/usu1522\/2024\/10\/dc73bd77-533e-4f71-bbce-2557dc8e7d8f-1-576x1024.jpg\" alt=\"\" width=\"576\" height=\"1024\" srcset=\"https:\/\/agora.xtec.cat\/ceipponent-granollers\/wp-content\/uploads\/usu1522\/2024\/10\/dc73bd77-533e-4f71-bbce-2557dc8e7d8f-1-576x1024.jpg 576w, https:\/\/agora.xtec.cat\/ceipponent-granollers\/wp-content\/uploads\/usu1522\/2024\/10\/dc73bd77-533e-4f71-bbce-2557dc8e7d8f-1-169x300.jpg 169w, https:\/\/agora.xtec.cat\/ceipponent-granollers\/wp-content\/uploads\/usu1522\/2024\/10\/dc73bd77-533e-4f71-bbce-2557dc8e7d8f-1-768x1366.jpg 768w, https:\/\/agora.xtec.cat\/ceipponent-granollers\/wp-content\/uploads\/usu1522\/2024\/10\/dc73bd77-533e-4f71-bbce-2557dc8e7d8f-1-864x1536.jpg 864w, https:\/\/agora.xtec.cat\/ceipponent-granollers\/wp-content\/uploads\/usu1522\/2024\/10\/dc73bd77-533e-4f71-bbce-2557dc8e7d8f-1.jpg 899w\" sizes=\"auto, (max-width: 576px) 100vw, 576px\" \/> <img loading=\"lazy\" decoding=\"async\" class=\"alignnone size-large wp-image-13002\" src=\"https:\/\/agora.xtec.cat\/ceipponent-granollers\/wp-content\/uploads\/usu1522\/2024\/10\/4db7772e-0ade-4b53-a1fe-8e5508197da8-1024x576.jpg\" alt=\"\" width=\"1024\" height=\"576\" srcset=\"https:\/\/agora.xtec.cat\/ceipponent-granollers\/wp-content\/uploads\/usu1522\/2024\/10\/4db7772e-0ade-4b53-a1fe-8e5508197da8-1024x576.jpg 1024w, https:\/\/agora.xtec.cat\/ceipponent-granollers\/wp-content\/uploads\/usu1522\/2024\/10\/4db7772e-0ade-4b53-a1fe-8e5508197da8-300x169.jpg 300w, https:\/\/agora.xtec.cat\/ceipponent-granollers\/wp-content\/uploads\/usu1522\/2024\/10\/4db7772e-0ade-4b53-a1fe-8e5508197da8-768x432.jpg 768w, https:\/\/agora.xtec.cat\/ceipponent-granollers\/wp-content\/uploads\/usu1522\/2024\/10\/4db7772e-0ade-4b53-a1fe-8e5508197da8-1536x864.jpg 1536w, https:\/\/agora.xtec.cat\/ceipponent-granollers\/wp-content\/uploads\/usu1522\/2024\/10\/4db7772e-0ade-4b53-a1fe-8e5508197da8.jpg 1599w\" sizes=\"auto, (max-width: 1024px) 100vw, 1024px\" \/><\/p>\n<p><img loading=\"lazy\" decoding=\"async\" class=\"alignnone size-large wp-image-13004\" src=\"https:\/\/agora.xtec.cat\/ceipponent-granollers\/wp-content\/uploads\/usu1522\/2024\/10\/IMG_8359-min-1024x768.jpg\" alt=\"\" width=\"1024\" height=\"768\" srcset=\"https:\/\/agora.xtec.cat\/ceipponent-granollers\/wp-content\/uploads\/usu1522\/2024\/10\/IMG_8359-min-1024x768.jpg 1024w, https:\/\/agora.xtec.cat\/ceipponent-granollers\/wp-content\/uploads\/usu1522\/2024\/10\/IMG_8359-min-300x225.jpg 300w, https:\/\/agora.xtec.cat\/ceipponent-granollers\/wp-content\/uploads\/usu1522\/2024\/10\/IMG_8359-min-768x576.jpg 768w, https:\/\/agora.xtec.cat\/ceipponent-granollers\/wp-content\/uploads\/usu1522\/2024\/10\/IMG_8359-min-1536x1152.jpg 1536w, https:\/\/agora.xtec.cat\/ceipponent-granollers\/wp-content\/uploads\/usu1522\/2024\/10\/IMG_8359-min-2048x1536.jpg 2048w, https:\/\/agora.xtec.cat\/ceipponent-granollers\/wp-content\/uploads\/usu1522\/2024\/10\/IMG_8359-min-200x150.jpg 200w\" sizes=\"auto, (max-width: 1024px) 100vw, 1024px\" \/><\/p>\n<\/div>\n<\/div>\n<\/div>\n<\/div>\n<\/div>\n<\/div>\n","protected":false},"excerpt":{"rendered":"<p>Benvolgudes fam\u00edlies i estimat alumnat:<\/p>\n<p>Avui ha estat un dia molt especial a l\u2019escola! Els nens i nenes han pogut gaudir de castanyes ben torrades gr\u00e0cies a la col\u00b7laboraci\u00f3 inestimable de l\u2019AFA de l\u2019escola, que s\u2019ha encarregat de fer possible aquesta activitat tan entranyable i arrelada&hellip;  <a href=\"https:\/\/agora.xtec.cat\/ceipponent-granollers\/portada\/castanyada-a-lescola-una-celebracio-amb-lafa-i-les-families\/\" title=\"Read Castanyada a l\u2019Escola: Una Celebraci\u00f3 amb l\u2019AFA i les Fam\u00edlies!\">Llegeix m\u00e9s\u00bb<\/a><\/p>\n","protected":false},"author":24,"featured_media":12999,"comment_status":"closed","ping_status":"closed","sticky":false,"template":"","format":"standard","meta":{"_bbp_topic_count":0,"_bbp_reply_count":0,"_bbp_total_topic_count":0,"_bbp_total_reply_count":0,"_bbp_voice_count":0,"_bbp_anonymous_reply_count":0,"_bbp_topic_count_hidden":0,"_bbp_reply_count_hidden":0,"_bbp_forum_subforum_count":0,"footnotes":""},"categories":[10,11,12,13,14,15,7,195,196,197,4],"tags":[],"class_list":["post-12998","post","type-post","status-publish","format-standard","has-post-thumbnail","hentry","category-1r","category-2n","category-3r","category-4t","category-5e","category-6e","category-ampa","category-i3","category-i4","category-i5","category-portada"],"post_mailing_queue_ids":[],"_links":{"self":[{"href":"https:\/\/agora.xtec.cat\/ceipponent-granollers\/wp-json\/wp\/v2\/posts\/12998","targetHints":{"allow":["GET"]}}],"collection":[{"href":"https:\/\/agora.xtec.cat\/ceipponent-granollers\/wp-json\/wp\/v2\/posts"}],"about":[{"href":"https:\/\/agora.xtec.cat\/ceipponent-granollers\/wp-json\/wp\/v2\/types\/post"}],"author":[{"embeddable":true,"href":"https:\/\/agora.xtec.cat\/ceipponent-granollers\/wp-json\/wp\/v2\/users\/24"}],"replies":[{"embeddable":true,"href":"https:\/\/agora.xtec.cat\/ceipponent-granollers\/wp-json\/wp\/v2\/comments?post=12998"}],"version-history":[{"count":1,"href":"https:\/\/agora.xtec.cat\/ceipponent-granollers\/wp-json\/wp\/v2\/posts\/12998\/revisions"}],"predecessor-version":[{"id":13005,"href":"https:\/\/agora.xtec.cat\/ceipponent-granollers\/wp-json\/wp\/v2\/posts\/12998\/revisions\/13005"}],"wp:featuredmedia":[{"embeddable":true,"href":"https:\/\/agora.xtec.cat\/ceipponent-granollers\/wp-json\/wp\/v2\/media\/12999"}],"wp:attachment":[{"href":"https:\/\/agora.xtec.cat\/ceipponent-granollers\/wp-json\/wp\/v2\/media?parent=12998"}],"wp:term":[{"taxonomy":"category","embeddable":true,"href":"https:\/\/agora.xtec.cat\/ceipponent-granollers\/wp-json\/wp\/v2\/categories?post=12998"},{"taxonomy":"post_tag","embeddable":true,"href":"https:\/\/agora.xtec.cat\/ceipponent-granollers\/wp-json\/wp\/v2\/tags?post=12998"}],"curies":[{"name":"wp","href":"https:\/\/api.w.org\/{rel}","templated":true}]}}