{"id":12672,"date":"2024-05-24T11:02:24","date_gmt":"2024-05-24T09:02:24","guid":{"rendered":"https:\/\/agora.xtec.cat\/ceipponent-granollers\/?p=12672"},"modified":"2024-05-24T11:02:24","modified_gmt":"2024-05-24T09:02:24","slug":"el-llibre-de-la-selva-obra-de-teatre-de-4t","status":"publish","type":"post","link":"https:\/\/agora.xtec.cat\/ceipponent-granollers\/portada\/el-llibre-de-la-selva-obra-de-teatre-de-4t\/","title":{"rendered":"El llibre de la selva (obra de teatre de 4t)"},"content":{"rendered":"<p>Hola fam\u00edlies!<\/p>\n<p>Avui hem finalitzat dues setmanes molt intenses per l&#8217;alumnat de 4t. Portem tot el curs treballant a les hores de teatre les escenes del Llibre de la selva, i tant esfor\u00e7 ha tingut el seu premi! La setmana passada vam representar l&#8217;obra de teatre davant de tots els nens i nenes de l&#8217;escola i, avui, finalment, ho hem fet davant de les fam\u00edlies.<\/p>\n<p>Han estat uns dies plens d&#8217;emocions, nervis i alegria, per\u00f2 ens ho hem passat d&#8217;all\u00f2 m\u00e9s b\u00e9 i l&#8217;alumnat de 4t ha gaudit molt\u00edssim.<\/p>\n<p>Moltes gr\u00e0cies a les fam\u00edlies que han pogut venir a veure&#8217;ns.<\/p>\n<p>En el seg\u00fcent enlla\u00e7 podeu accedir a l&#8217;article protegit amb la contrasenya de la vostra classe on tindreu els enlla\u00e7os on podreu veure les fotografies i el v\u00eddeo de l&#8217;obra de teatre.<\/p>\n<p>Per accedir a les fotos i al v\u00eddeo feu <a href=\"https:\/\/agora.xtec.cat\/ceipponent-granollers\/general\/fotos-i-videos-obra-teatre-4t\/\">click aqu\u00ed!<\/a><\/p>\n","protected":false},"excerpt":{"rendered":"<p>Hola fam\u00edlies!<br \/>\nAvui hem finalitzat dues setmanes molt intenses per l&#8217;alumnat de 4t. Portem tot el curs treballant a les hores de teatre les escenes del Llibre de la selva, i tant esfor\u00e7 ha tingut el seu premi! La setmana passada vam representar l&#8217;obra de teatre&hellip;  <a href=\"https:\/\/agora.xtec.cat\/ceipponent-granollers\/portada\/el-llibre-de-la-selva-obra-de-teatre-de-4t\/\" title=\"Read El llibre de la selva (obra de teatre de 4t)\">Llegeix m\u00e9s\u00bb<\/a><\/p>\n","protected":false},"author":13,"featured_media":11545,"comment_status":"closed","ping_status":"closed","sticky":false,"template":"","format":"standard","meta":{"_bbp_topic_count":0,"_bbp_reply_count":0,"_bbp_total_topic_count":0,"_bbp_total_reply_count":0,"_bbp_voice_count":0,"_bbp_anonymous_reply_count":0,"_bbp_topic_count_hidden":0,"_bbp_reply_count_hidden":0,"_bbp_forum_subforum_count":0,"footnotes":""},"categories":[13,4],"tags":[],"class_list":["post-12672","post","type-post","status-publish","format-standard","has-post-thumbnail","hentry","category-4t","category-portada"],"post_mailing_queue_ids":[],"_links":{"self":[{"href":"https:\/\/agora.xtec.cat\/ceipponent-granollers\/wp-json\/wp\/v2\/posts\/12672","targetHints":{"allow":["GET"]}}],"collection":[{"href":"https:\/\/agora.xtec.cat\/ceipponent-granollers\/wp-json\/wp\/v2\/posts"}],"about":[{"href":"https:\/\/agora.xtec.cat\/ceipponent-granollers\/wp-json\/wp\/v2\/types\/post"}],"author":[{"embeddable":true,"href":"https:\/\/agora.xtec.cat\/ceipponent-granollers\/wp-json\/wp\/v2\/users\/13"}],"replies":[{"embeddable":true,"href":"https:\/\/agora.xtec.cat\/ceipponent-granollers\/wp-json\/wp\/v2\/comments?post=12672"}],"version-history":[{"count":1,"href":"https:\/\/agora.xtec.cat\/ceipponent-granollers\/wp-json\/wp\/v2\/posts\/12672\/revisions"}],"predecessor-version":[{"id":12675,"href":"https:\/\/agora.xtec.cat\/ceipponent-granollers\/wp-json\/wp\/v2\/posts\/12672\/revisions\/12675"}],"wp:featuredmedia":[{"embeddable":true,"href":"https:\/\/agora.xtec.cat\/ceipponent-granollers\/wp-json\/wp\/v2\/media\/11545"}],"wp:attachment":[{"href":"https:\/\/agora.xtec.cat\/ceipponent-granollers\/wp-json\/wp\/v2\/media?parent=12672"}],"wp:term":[{"taxonomy":"category","embeddable":true,"href":"https:\/\/agora.xtec.cat\/ceipponent-granollers\/wp-json\/wp\/v2\/categories?post=12672"},{"taxonomy":"post_tag","embeddable":true,"href":"https:\/\/agora.xtec.cat\/ceipponent-granollers\/wp-json\/wp\/v2\/tags?post=12672"}],"curies":[{"name":"wp","href":"https:\/\/api.w.org\/{rel}","templated":true}]}}