{"id":11902,"date":"2024-05-31T16:24:38","date_gmt":"2024-05-31T14:24:38","guid":{"rendered":"https:\/\/agora.xtec.cat\/ceipponent-granollers\/?p=11902"},"modified":"2024-05-31T16:24:38","modified_gmt":"2024-05-31T14:24:38","slug":"activitat-amb-families-di3-3","status":"publish","type":"post","link":"https:\/\/agora.xtec.cat\/ceipponent-granollers\/portada\/activitat-amb-families-di3-3\/","title":{"rendered":"Activitat amb fam\u00edlies d&#8217;i3"},"content":{"rendered":"<p>El divendres 31, els nens i nenes d\u2019I3 van viure una tarda molt especial en companyia de les seves fam\u00edlies. L\u2019activitat, gr\u00e0cies a la col\u00b7laboraci\u00f3 de l\u2019acad\u00e8mia de ball <b>Kil\u00f3metro 13<\/b>, va ser un gran \u00e8xit. Aquesta proposta forma part del projecte Meraki de l\u2019escola, que com ja sabeu est\u00e0 centrat en el treball de les arts esc\u00e8niques.<\/p>\n<p>Per comen\u00e7ar i trencar el gel, vam escalfar el cos amb uns quants exercicis seguint el ritme de la m\u00fasica. Despr\u00e9s, petits i grans van participar en diferents jocs que requerien imitar els moviments d\u2019alguns animals, tot posant a prova la nostra atenci\u00f3. Per acabar, vam realitzar l\u2019assaig i enregistrament d\u2019una petita coreografia, que formar\u00e0 part d\u2019un videoclip grupal realitzat entre tota l\u2019escola.<\/p>\n<p>Ens ho vam passar molt b\u00e9!<\/p>\n<p>&nbsp;<\/p>\n<p><a href=\"https:\/\/agora.xtec.cat\/ceipponent-granollers\/general\/fotografies-de-lactivitat-amb-families-di3-3r-trimestre\/\">Al seg\u00fcent article<\/a>, podreu veure totes les fotografies amb el codi que les tutores us han fet arribar pel Classdojo i per l&#8217;email.<\/p>\n","protected":false},"excerpt":{"rendered":"<p>El divendres 31, els nens i nenes d\u2019I3 van viure una tarda molt especial en companyia de les seves fam\u00edlies. L\u2019activitat, gr\u00e0cies a la col\u00b7laboraci\u00f3 de l\u2019acad\u00e8mia de ball Kil\u00f3metro 13, va ser un gran \u00e8xit. Aquesta proposta forma part del projecte Meraki de l\u2019escola,&hellip;  <a href=\"https:\/\/agora.xtec.cat\/ceipponent-granollers\/portada\/activitat-amb-families-di3-3\/\" title=\"Read Activitat amb fam\u00edlies d&#8217;i3\">Llegeix m\u00e9s\u00bb<\/a><\/p>\n","protected":false},"author":13,"featured_media":11547,"comment_status":"closed","ping_status":"closed","sticky":false,"template":"","format":"standard","meta":{"_bbp_topic_count":0,"_bbp_reply_count":0,"_bbp_total_topic_count":0,"_bbp_total_reply_count":0,"_bbp_voice_count":0,"_bbp_anonymous_reply_count":0,"_bbp_topic_count_hidden":0,"_bbp_reply_count_hidden":0,"_bbp_forum_subforum_count":0,"footnotes":""},"categories":[4],"tags":[],"class_list":["post-11902","post","type-post","status-publish","format-standard","has-post-thumbnail","hentry","category-portada"],"post_mailing_queue_ids":[],"_links":{"self":[{"href":"https:\/\/agora.xtec.cat\/ceipponent-granollers\/wp-json\/wp\/v2\/posts\/11902","targetHints":{"allow":["GET"]}}],"collection":[{"href":"https:\/\/agora.xtec.cat\/ceipponent-granollers\/wp-json\/wp\/v2\/posts"}],"about":[{"href":"https:\/\/agora.xtec.cat\/ceipponent-granollers\/wp-json\/wp\/v2\/types\/post"}],"author":[{"embeddable":true,"href":"https:\/\/agora.xtec.cat\/ceipponent-granollers\/wp-json\/wp\/v2\/users\/13"}],"replies":[{"embeddable":true,"href":"https:\/\/agora.xtec.cat\/ceipponent-granollers\/wp-json\/wp\/v2\/comments?post=11902"}],"version-history":[{"count":2,"href":"https:\/\/agora.xtec.cat\/ceipponent-granollers\/wp-json\/wp\/v2\/posts\/11902\/revisions"}],"predecessor-version":[{"id":12705,"href":"https:\/\/agora.xtec.cat\/ceipponent-granollers\/wp-json\/wp\/v2\/posts\/11902\/revisions\/12705"}],"wp:featuredmedia":[{"embeddable":true,"href":"https:\/\/agora.xtec.cat\/ceipponent-granollers\/wp-json\/wp\/v2\/media\/11547"}],"wp:attachment":[{"href":"https:\/\/agora.xtec.cat\/ceipponent-granollers\/wp-json\/wp\/v2\/media?parent=11902"}],"wp:term":[{"taxonomy":"category","embeddable":true,"href":"https:\/\/agora.xtec.cat\/ceipponent-granollers\/wp-json\/wp\/v2\/categories?post=11902"},{"taxonomy":"post_tag","embeddable":true,"href":"https:\/\/agora.xtec.cat\/ceipponent-granollers\/wp-json\/wp\/v2\/tags?post=11902"}],"curies":[{"name":"wp","href":"https:\/\/api.w.org\/{rel}","templated":true}]}}