{"id":1188,"date":"2017-09-28T23:52:02","date_gmt":"2017-09-28T21:52:02","guid":{"rendered":"http:\/\/agora.xtec.cat\/ceipponent-granollers\/?p=1188"},"modified":"2017-09-28T23:53:54","modified_gmt":"2017-09-28T21:53:54","slug":"xerrada-a-les-families-habits-saludables","status":"publish","type":"post","link":"https:\/\/agora.xtec.cat\/ceipponent-granollers\/portada\/xerrada-a-les-families-habits-saludables\/","title":{"rendered":"Xerrada a les fam\u00edlies: Habits saludables"},"content":{"rendered":"<p>A l&#8217;escola han vingut del Pla educatiu d&#8217;entorn a fer una taller de salut per a les fam\u00edlies &#8220;H\u00e0bits de vida saludables&#8221;.<\/p>\n<p>La nutricionista Al\u00edcia Garc\u00eda a fer una xerrada als pares i mares sobre h\u00e0bits saludables alimentaris i en acabar s&#8217;ha ofert un berenar saludable per a tots els assistents.<\/p>\n<p><a href=\"http:\/\/agora.xtec.cat\/ceipponent-granollers\/wp-content\/uploads\/usu1522\/2017\/09\/IMG_0600.jpg\"><img loading=\"lazy\" decoding=\"async\" class=\"wp-image-1189 aligncenter\" src=\"http:\/\/agora.xtec.cat\/ceipponent-granollers\/wp-content\/uploads\/usu1522\/2017\/09\/IMG_0600-1024x768.jpg\" alt=\"\" width=\"379\" height=\"284\" srcset=\"https:\/\/agora.xtec.cat\/ceipponent-granollers\/wp-content\/uploads\/usu1522\/2017\/09\/IMG_0600.jpg 1024w, https:\/\/agora.xtec.cat\/ceipponent-granollers\/wp-content\/uploads\/usu1522\/2017\/09\/IMG_0600-300x225.jpg 300w, https:\/\/agora.xtec.cat\/ceipponent-granollers\/wp-content\/uploads\/usu1522\/2017\/09\/IMG_0600-768x576.jpg 768w, https:\/\/agora.xtec.cat\/ceipponent-granollers\/wp-content\/uploads\/usu1522\/2017\/09\/IMG_0600-200x150.jpg 200w\" sizes=\"auto, (max-width: 379px) 100vw, 379px\" \/><\/a>\u00a0\u00a0<a href=\"http:\/\/agora.xtec.cat\/ceipponent-granollers\/wp-content\/uploads\/usu1522\/2017\/09\/IMG_0601.jpg\"><img loading=\"lazy\" decoding=\"async\" class=\"alignnone size-large wp-image-1190\" src=\"http:\/\/agora.xtec.cat\/ceipponent-granollers\/wp-content\/uploads\/usu1522\/2017\/09\/IMG_0601-1024x194.jpg\" alt=\"\" width=\"1024\" height=\"194\" srcset=\"https:\/\/agora.xtec.cat\/ceipponent-granollers\/wp-content\/uploads\/usu1522\/2017\/09\/IMG_0601.jpg 1024w, https:\/\/agora.xtec.cat\/ceipponent-granollers\/wp-content\/uploads\/usu1522\/2017\/09\/IMG_0601-300x57.jpg 300w, https:\/\/agora.xtec.cat\/ceipponent-granollers\/wp-content\/uploads\/usu1522\/2017\/09\/IMG_0601-768x146.jpg 768w\" sizes=\"auto, (max-width: 1024px) 100vw, 1024px\" \/><\/a><\/p>\n","protected":false},"excerpt":{"rendered":"<p>A l&#8217;escola han vingut del Pla educatiu d&#8217;entorn a fer una taller de salut per a les fam\u00edlies &#8220;H\u00e0bits de vida saludables&#8221;.<br \/>\nLa nutricionista Al\u00edcia Garc\u00eda a fer una xerrada als pares i mares sobre h\u00e0bits saludables alimentaris i en acabar s&#8217;ha ofert un berenar saludable&hellip;  <a href=\"https:\/\/agora.xtec.cat\/ceipponent-granollers\/portada\/xerrada-a-les-families-habits-saludables\/\" title=\"Read Xerrada a les fam\u00edlies: Habits saludables\">Llegeix m\u00e9s\u00bb<\/a><\/p>\n","protected":false},"author":1,"featured_media":0,"comment_status":"open","ping_status":"closed","sticky":false,"template":"","format":"standard","meta":{"_bbp_topic_count":0,"_bbp_reply_count":0,"_bbp_total_topic_count":0,"_bbp_total_reply_count":0,"_bbp_voice_count":0,"_bbp_anonymous_reply_count":0,"_bbp_topic_count_hidden":0,"_bbp_reply_count_hidden":0,"_bbp_forum_subforum_count":0,"footnotes":""},"categories":[4],"tags":[],"class_list":["post-1188","post","type-post","status-publish","format-standard","hentry","category-portada"],"post_mailing_queue_ids":[],"_links":{"self":[{"href":"https:\/\/agora.xtec.cat\/ceipponent-granollers\/wp-json\/wp\/v2\/posts\/1188","targetHints":{"allow":["GET"]}}],"collection":[{"href":"https:\/\/agora.xtec.cat\/ceipponent-granollers\/wp-json\/wp\/v2\/posts"}],"about":[{"href":"https:\/\/agora.xtec.cat\/ceipponent-granollers\/wp-json\/wp\/v2\/types\/post"}],"author":[{"embeddable":true,"href":"https:\/\/agora.xtec.cat\/ceipponent-granollers\/wp-json\/wp\/v2\/users\/1"}],"replies":[{"embeddable":true,"href":"https:\/\/agora.xtec.cat\/ceipponent-granollers\/wp-json\/wp\/v2\/comments?post=1188"}],"version-history":[{"count":3,"href":"https:\/\/agora.xtec.cat\/ceipponent-granollers\/wp-json\/wp\/v2\/posts\/1188\/revisions"}],"predecessor-version":[{"id":1193,"href":"https:\/\/agora.xtec.cat\/ceipponent-granollers\/wp-json\/wp\/v2\/posts\/1188\/revisions\/1193"}],"wp:attachment":[{"href":"https:\/\/agora.xtec.cat\/ceipponent-granollers\/wp-json\/wp\/v2\/media?parent=1188"}],"wp:term":[{"taxonomy":"category","embeddable":true,"href":"https:\/\/agora.xtec.cat\/ceipponent-granollers\/wp-json\/wp\/v2\/categories?post=1188"},{"taxonomy":"post_tag","embeddable":true,"href":"https:\/\/agora.xtec.cat\/ceipponent-granollers\/wp-json\/wp\/v2\/tags?post=1188"}],"curies":[{"name":"wp","href":"https:\/\/api.w.org\/{rel}","templated":true}]}}