{"id":1093,"date":"2017-07-20T12:46:04","date_gmt":"2017-07-20T10:46:04","guid":{"rendered":"http:\/\/agora.xtec.cat\/ceipponent-granollers\/?p=1093"},"modified":"2017-07-20T19:08:40","modified_gmt":"2017-07-20T17:08:40","slug":"informacions-inici-de-curs-20172018","status":"publish","type":"post","link":"https:\/\/agora.xtec.cat\/ceipponent-granollers\/portada\/informacions-inici-de-curs-20172018\/","title":{"rendered":"Informacions inici de curs 2017\/2018"},"content":{"rendered":"<p>Aviat comen\u00e7arem el curs 2017-18 amb moltes ganes i il\u00b7lusi\u00f3!<\/p>\n<p><a href=\"http:\/\/agora.xtec.cat\/ceipponent-granollers\/wp-content\/uploads\/usu1522\/2017\/07\/inici-curs.jpg\"><img loading=\"lazy\" decoding=\"async\" class=\"wp-image-1110 aligncenter\" src=\"http:\/\/agora.xtec.cat\/ceipponent-granollers\/wp-content\/uploads\/usu1522\/2017\/07\/inici-curs-1024x724.jpg\" alt=\"\" width=\"386\" height=\"273\" srcset=\"https:\/\/agora.xtec.cat\/ceipponent-granollers\/wp-content\/uploads\/usu1522\/2017\/07\/inici-curs-1024x724.jpg 1024w, https:\/\/agora.xtec.cat\/ceipponent-granollers\/wp-content\/uploads\/usu1522\/2017\/07\/inici-curs-300x212.jpg 300w, https:\/\/agora.xtec.cat\/ceipponent-granollers\/wp-content\/uploads\/usu1522\/2017\/07\/inici-curs-768x543.jpg 768w, https:\/\/agora.xtec.cat\/ceipponent-granollers\/wp-content\/uploads\/usu1522\/2017\/07\/inici-curs.jpg 2048w\" sizes=\"auto, (max-width: 386px) 100vw, 386px\" \/><\/a><\/p>\n<p>Us recordem les\u00a0<b>dates de les reunions d\u2019inici de curs<\/b>:<\/p>\n<ul>\n<li>Reuni\u00f3 d\u2019inici de P3: Divendres 8 de setembre a les 12h<\/li>\n<li>Reuni\u00f3 de 3r: Divendres 8 de setembre a les 13h<\/li>\n<li>Reuni\u00f3 de P4 i P5: Dimarts \u00a012 de setembre a les 12:30h<\/li>\n<li>Reuni\u00f3 de 1r i 2n: Dimecres 13 de setembre a les 13h<\/li>\n<li>Reuni\u00f3 de 4t: Dijous 14 de setembre a les 13h<\/li>\n<li>Reuni\u00f3 de 5\u00e8 i 6\u00e8: Divendres 15 de setembre a les 13h<\/li>\n<\/ul>\n<p>Per als alumnes que inicien l\u2019escolaritzaci\u00f3 a P3 s\u2019organitza un breu per\u00edode d\u2019adaptaci\u00f3 que suposa una certa modificaci\u00f3 dels horaris dels tres primers dies de classe, i que es fa saber a les fam\u00edlies en les reunions pr\u00e8vies corresponents.<\/p>\n<p>Recordem la\u00a0<b>import\u00e0ncia de tenir al dia el pagament de les quotes de material<\/b>\u00a0del curs<\/p>\n<p>Aprofiteu l&#8217;estiu per a preparar tot el<strong> material que els vostres fills\/es necessiten<\/strong> per al proper curs:<\/p>\n<ul>\n<li>P3: Bata amb botons a davant i gomes als punys, mitjons antilliscants, una capsa de mocadors d&#8217;estirar, un paquet de tovalloletes humides, un got de pl\u00e0stic (amb una base gran), un tovall\u00f3 gran, una carmanyola, una motxilla petita sense rodes. \u00a0Tamb\u00e9 una bossa de roba amb una muda completa de recanvi.<\/li>\n<li>P4 i P5:\u00a0Bata amb botons a davant i gomes als punys, mitjons antilliscants, una capsa de mocadors d&#8217;estirar, un paquet de tovalloletes humides, un got de pl\u00e0stic (amb una base gran), un tovall\u00f3 gran, una carmanyola, una motxilla petita sense rodes.<\/li>\n<li>1r i 2n: Bata, carmanyola, ampolleta\/cantimplora petita d&#8217;aigua, necesser per a educaci\u00f3 f\u00edsica. \u00a0Els alumnes de segon realitzen l&#8217;activitat de piscina. Per la piscina necessiten: banyador, tovallola, casquet de bany, xancletes o mitjons d&#8217;aigua, roba de recanvi i bossa.<\/li>\n<li>3r a 6\u00e8: Carmanyola, ampolleta\/cantimplora petita d&#8217;aigua, necesser per a educaci\u00f3 f\u00edsica.<\/li>\n<\/ul>\n<p>&nbsp;<\/p>\n<p>Ens veiem\u00a0<b>el primer dia de curs, el dimarts 12 de setembre en l\u2019horari habitual<\/b>\u00a0del centre<\/p>\n<p>EDUCACI\u00d3 INFANTIL Mat\u00ed:de 9:00 a 12:30h Tarda: de 15.00 a 16.30h els alumnes que no tenen germans a prim\u00e0ria. \u00a0 \u00a0 \u00a0 \u00a0 \u00a0 \u00a0 \u00a0 \u00a0 \u00a0 \u00a0 \u00a0 Mat\u00ed: de 9:00 a 13:00 tarda de 15:00 a 17:00h els alumnes amb germans a prim\u00e0ria<\/p>\n<p>EDUCACI\u00d3 PRIM\u00c0RIA Mat\u00ed de 9:00 a 13:00 i tarda de de 15.00 a 17:00h<\/p>\n<p>Recordem\u00a0que cal una autoritzaci\u00f3 expressa perqu\u00e8 els alumnes de 3r, 4t, 5\u00e8 o 6\u00e8 marxin sols i\/o perqu\u00e8 els mateixos alumnes passin a recollir germans\/es petits\/es.<\/p>\n<p><i>Bon curs 2017-18!<\/i><\/p>\n<p>Equip Directiu<\/p>\n","protected":false},"excerpt":{"rendered":"<p>Aviat comen\u00e7arem el curs 2017-18 amb moltes ganes i il\u00b7lusi\u00f3!<br \/>\n<a href=\"http:\/\/agora.xtec.cat\/ceipponent-granollers\/wp-content\/uploads\/usu1522\/2017\/07\/inici-curs.jpg\"><\/a><br \/>\nUs recordem les\u00a0dates de les reunions d\u2019inici de curs:<\/p>\n<ul>\n<li>Reuni\u00f3 d\u2019inici de P3: Divendres 8 de setembre a les 12h<\/li>\n<li>Reuni\u00f3 de 3r: Divendres 8 de setembre a les 13h<\/li>\n<li>Reuni\u00f3 de P4 i P5: Dimarts \u00a012 de&hellip;  <a href=\"https:\/\/agora.xtec.cat\/ceipponent-granollers\/portada\/informacions-inici-de-curs-20172018\/\" title=\"Read Informacions inici de curs 2017\/2018\">Llegeix m\u00e9s\u00bb<\/a><br \/>\n","protected":false},"author":1,"featured_media":1110,"comment_status":"closed","ping_status":"closed","sticky":false,"template":"","format":"standard","meta":{"_bbp_topic_count":0,"_bbp_reply_count":0,"_bbp_total_topic_count":0,"_bbp_total_reply_count":0,"_bbp_voice_count":0,"_bbp_anonymous_reply_count":0,"_bbp_topic_count_hidden":0,"_bbp_reply_count_hidden":0,"_bbp_forum_subforum_count":0,"footnotes":""},"categories":[4],"tags":[],"class_list":["post-1093","post","type-post","status-publish","format-standard","has-post-thumbnail","hentry","category-portada"],"post_mailing_queue_ids":[],"_links":{"self":[{"href":"https:\/\/agora.xtec.cat\/ceipponent-granollers\/wp-json\/wp\/v2\/posts\/1093","targetHints":{"allow":["GET"]}}],"collection":[{"href":"https:\/\/agora.xtec.cat\/ceipponent-granollers\/wp-json\/wp\/v2\/posts"}],"about":[{"href":"https:\/\/agora.xtec.cat\/ceipponent-granollers\/wp-json\/wp\/v2\/types\/post"}],"author":[{"embeddable":true,"href":"https:\/\/agora.xtec.cat\/ceipponent-granollers\/wp-json\/wp\/v2\/users\/1"}],"replies":[{"embeddable":true,"href":"https:\/\/agora.xtec.cat\/ceipponent-granollers\/wp-json\/wp\/v2\/comments?post=1093"}],"version-history":[{"count":2,"href":"https:\/\/agora.xtec.cat\/ceipponent-granollers\/wp-json\/wp\/v2\/posts\/1093\/revisions"}],"predecessor-version":[{"id":1111,"href":"https:\/\/agora.xtec.cat\/ceipponent-granollers\/wp-json\/wp\/v2\/posts\/1093\/revisions\/1111"}],"wp:featuredmedia":[{"embeddable":true,"href":"https:\/\/agora.xtec.cat\/ceipponent-granollers\/wp-json\/wp\/v2\/media\/1110"}],"wp:attachment":[{"href":"https:\/\/agora.xtec.cat\/ceipponent-granollers\/wp-json\/wp\/v2\/media?parent=1093"}],"wp:term":[{"taxonomy":"category","embeddable":true,"href":"https:\/\/agora.xtec.cat\/ceipponent-granollers\/wp-json\/wp\/v2\/categories?post=1093"},{"taxonomy":"post_tag","embeddable":true,"href":"https:\/\/agora.xtec.cat\/ceipponent-granollers\/wp-json\/wp\/v2\/tags?post=1093"}],"curies":[{"name":"wp","href":"https:\/\/api.w.org\/{rel}","templated":true}]}}