{"id":9305,"date":"2021-01-30T15:59:38","date_gmt":"2021-01-30T14:59:38","guid":{"rendered":"http:\/\/agora.xtec.cat\/ceippompeufabrasantadria\/?p=9305"},"modified":"2026-02-06T20:56:48","modified_gmt":"2026-02-06T19:56:48","slug":"nes11-escrivim-una-canco-per-la-pau","status":"publish","type":"post","link":"https:\/\/agora.xtec.cat\/ceippompeufabrasantadria\/portada\/nes11-escrivim-una-canco-per-la-pau\/","title":{"rendered":"L&#8217;alumnat de 4t escriu una can\u00e7\u00f3 per la pau (NAS 11)"},"content":{"rendered":"<p>Aquest any, les nenes i nens de 4tB hem escrit una can\u00e7\u00f3 per la pau. A partir d&#8217;una melodia i la primera estrofa, n&#8217;hem creat tres m\u00e9s treballant en grup i, finalment, l&#8217;hem cantat tota sencera. Feli\u00e7 i reflexiu dia de la pau i la no-viol\u00e8ncia a les escoles! \ud83d\udd4a<\/p>\n<p><a href=\"https:\/\/agora.xtec.cat\/ceippompeufabrasantadria\/wp-content\/uploads\/usu271\/2021\/01\/Un-somni-de-pau-4tB.png\"><img loading=\"lazy\" decoding=\"async\" class=\"alignnone size-large wp-image-9306\" src=\"https:\/\/agora.xtec.cat\/ceippompeufabrasantadria\/wp-content\/uploads\/usu271\/2021\/01\/Un-somni-de-pau-4tB-724x1024.png\" alt=\"\" width=\"724\" height=\"1024\" srcset=\"https:\/\/agora.xtec.cat\/ceippompeufabrasantadria\/wp-content\/uploads\/usu271\/2021\/01\/Un-somni-de-pau-4tB-724x1024.png 724w, https:\/\/agora.xtec.cat\/ceippompeufabrasantadria\/wp-content\/uploads\/usu271\/2021\/01\/Un-somni-de-pau-4tB-212x300.png 212w, https:\/\/agora.xtec.cat\/ceippompeufabrasantadria\/wp-content\/uploads\/usu271\/2021\/01\/Un-somni-de-pau-4tB-768x1086.png 768w\" sizes=\"auto, (max-width: 724px) 100vw, 724px\" \/><\/a><\/p>\n","protected":false},"excerpt":{"rendered":"<p>Aquest any, les nenes i nens de 4tB hem escrit una can\u00e7\u00f3 per la pau. A partir d&#8217;una melodia i la primera estrofa, n&#8217;hem creat tres m\u00e9s treballant en grup i, finalment, l&#8217;hem cantat tota sencera. Feli\u00e7 i reflexiu dia de la pau i la&hellip;  <a href=\"https:\/\/agora.xtec.cat\/ceippompeufabrasantadria\/portada\/nes11-escrivim-una-canco-per-la-pau\/\" title=\"Read L&#8217;alumnat de 4t escriu una can\u00e7\u00f3 per la pau (NAS 11)\">Llegeix m\u00e9s\u00bb<\/a><\/p>\n","protected":false},"author":8,"featured_media":9306,"comment_status":"open","ping_status":"closed","sticky":false,"template":"","format":"standard","meta":{"_bbp_topic_count":0,"_bbp_reply_count":0,"_bbp_total_topic_count":0,"_bbp_total_reply_count":0,"_bbp_voice_count":0,"_bbp_anonymous_reply_count":0,"_bbp_topic_count_hidden":0,"_bbp_reply_count_hidden":0,"_bbp_forum_subforum_count":0,"footnotes":""},"categories":[13,23,126,114,4,5],"tags":[],"class_list":["post-9305","post","type-post","status-publish","format-standard","has-post-thumbnail","hentry","category-4t","category-catala","category-ed-valors","category-musica","category-portada","category-primaria"],"post_mailing_queue_ids":[],"_links":{"self":[{"href":"https:\/\/agora.xtec.cat\/ceippompeufabrasantadria\/wp-json\/wp\/v2\/posts\/9305","targetHints":{"allow":["GET"]}}],"collection":[{"href":"https:\/\/agora.xtec.cat\/ceippompeufabrasantadria\/wp-json\/wp\/v2\/posts"}],"about":[{"href":"https:\/\/agora.xtec.cat\/ceippompeufabrasantadria\/wp-json\/wp\/v2\/types\/post"}],"author":[{"embeddable":true,"href":"https:\/\/agora.xtec.cat\/ceippompeufabrasantadria\/wp-json\/wp\/v2\/users\/8"}],"replies":[{"embeddable":true,"href":"https:\/\/agora.xtec.cat\/ceippompeufabrasantadria\/wp-json\/wp\/v2\/comments?post=9305"}],"version-history":[{"count":2,"href":"https:\/\/agora.xtec.cat\/ceippompeufabrasantadria\/wp-json\/wp\/v2\/posts\/9305\/revisions"}],"predecessor-version":[{"id":15524,"href":"https:\/\/agora.xtec.cat\/ceippompeufabrasantadria\/wp-json\/wp\/v2\/posts\/9305\/revisions\/15524"}],"wp:featuredmedia":[{"embeddable":true,"href":"https:\/\/agora.xtec.cat\/ceippompeufabrasantadria\/wp-json\/wp\/v2\/media\/9306"}],"wp:attachment":[{"href":"https:\/\/agora.xtec.cat\/ceippompeufabrasantadria\/wp-json\/wp\/v2\/media?parent=9305"}],"wp:term":[{"taxonomy":"category","embeddable":true,"href":"https:\/\/agora.xtec.cat\/ceippompeufabrasantadria\/wp-json\/wp\/v2\/categories?post=9305"},{"taxonomy":"post_tag","embeddable":true,"href":"https:\/\/agora.xtec.cat\/ceippompeufabrasantadria\/wp-json\/wp\/v2\/tags?post=9305"}],"curies":[{"name":"wp","href":"https:\/\/api.w.org\/{rel}","templated":true}]}}