{"id":1847,"date":"2016-11-25T12:20:47","date_gmt":"2016-11-25T11:20:47","guid":{"rendered":"http:\/\/agora.xtec.cat\/ceippompeufabrasantadria\/?p=1847"},"modified":"2026-01-23T06:47:17","modified_gmt":"2026-01-23T05:47:17","slug":"benvinguts-a-lescola-pompeu-fabra-de-sant-adria-de-besos","status":"publish","type":"post","link":"https:\/\/agora.xtec.cat\/ceippompeufabrasantadria\/general\/benvinguts-a-lescola-pompeu-fabra-de-sant-adria-de-besos\/","title":{"rendered":"Benvinguts i benvingudes"},"content":{"rendered":"<p data-start=\"348\" data-end=\"563\">\u00c9s un plaer donar-vos la benvinguda al web de l\u2019Escola Pompeu Fabra de Sant Adri\u00e0 de Bes\u00f2s, un centre p\u00fablic d\u2019Educaci\u00f3 Infantil i Prim\u00e0ria que aposta per una educaci\u00f3 integral, de qualitat i arrelada al seu entorn.<\/p>\n<p data-start=\"565\" data-end=\"843\">Som una escola inclusiva, laica i respectuosa amb la pluralitat, on cada infant \u00e9s el protagonista del seu proc\u00e9s d\u2019aprenentatge i on la comunitat educativa (alumnat, fam\u00edlies i professionals) treballa conjuntament per garantir el benestar i el progr\u00e9s de tots els nens i nenes.<\/p>\n<p>&nbsp;<\/p>\n<h4 data-start=\"845\" data-end=\"893\">Una escola p\u00fablica al servei de les persones<\/h4>\n<p data-start=\"895\" data-end=\"1202\">La nostra missi\u00f3 \u00e9s acompanyar els infants perqu\u00e8 esdevinguin persones aut\u00f2nomes, responsables i cr\u00edtiques, capaces de participar activament en la societat. Com a escola catalana, la llengua vehicular i d\u2019aprenentatge \u00e9s el catal\u00e0, tot garantint tamb\u00e9 una compet\u00e8ncia s\u00f2lida en llengua castellana i anglesa.<\/p>\n<p>&nbsp;<\/p>\n<h4 data-start=\"1204\" data-end=\"1250\">El nostre projecte educatiu, a grans trets<\/h4>\n<p data-start=\"1252\" data-end=\"1394\">A l\u2019Escola Pompeu Fabra treballem amb metodologies actives que afavoreixen un aprenentatge significatiu i respectu\u00f3s amb els diferents ritmes:<\/p>\n<ul data-start=\"1396\" data-end=\"1721\">\n<li data-start=\"1396\" data-end=\"1441\">\n<p data-start=\"1398\" data-end=\"1441\">Treball per cicles i agrupaments flexibles.<\/p>\n<\/li>\n<li data-start=\"1442\" data-end=\"1488\">\n<p data-start=\"1444\" data-end=\"1488\">Ambients d\u2019aprenentatge a Educaci\u00f3 Infantil.<\/p>\n<\/li>\n<li data-start=\"1489\" data-end=\"1550\">\n<p data-start=\"1491\" data-end=\"1550\">Estrat\u00e8gia digital i rob\u00f2tica educativa des d\u2019I3 fins a 6\u00e8.<\/p>\n<\/li>\n<li data-start=\"1551\" data-end=\"1721\">\n<p data-start=\"1553\" data-end=\"1721\">Atenci\u00f3 a la diversitat, amb suports especialitzats com el <strong data-start=\"1612\" data-end=\"1620\">SIEI<\/strong> (Suport Intensiu d\u2019Escolaritzaci\u00f3 Inclusiva) i el <strong data-start=\"1671\" data-end=\"1679\">SIAL<\/strong> (Suport Intensiu d\u2019Audici\u00f3 i Llenguatge).<\/p>\n<\/li>\n<\/ul>\n<p>&nbsp;<\/p>\n<h4 data-start=\"1723\" data-end=\"1775\">Projectes que formen part de la nostra identitat<\/h4>\n<p data-start=\"1777\" data-end=\"1888\">El dia a dia del centre es complementa amb projectes transversals que donen sentit al nostre projecte educatiu:<\/p>\n<ul data-start=\"1890\" data-end=\"2111\">\n<li data-start=\"1890\" data-end=\"1952\">\n<p data-start=\"1892\" data-end=\"1952\"><strong data-start=\"1892\" data-end=\"1908\">Escola Verda<\/strong>, per fomentar el respecte pel medi ambient.<\/p>\n<\/li>\n<li data-start=\"1953\" data-end=\"2037\">\n<p data-start=\"1955\" data-end=\"2037\"><strong data-start=\"1955\" data-end=\"1969\">Coeducaci\u00f3<\/strong>, per avan\u00e7ar cap a una igualtat real i una conviv\u00e8ncia respectuosa.<\/p>\n<\/li>\n<li data-start=\"2038\" data-end=\"2111\">\n<p data-start=\"2040\" data-end=\"2111\"><strong data-start=\"2040\" data-end=\"2070\">Impuls a la Lectura (ILEC)<\/strong>, com a eix fonamental de l\u2019aprenentatge.<\/p>\n<\/li>\n<\/ul>\n<p>&nbsp;<\/p>\n<h4 data-start=\"2113\" data-end=\"2148\">La participaci\u00f3 de les fam\u00edlies<\/h4>\n<p data-start=\"2150\" data-end=\"2442\">Les fam\u00edlies sou una part essencial de la vida de l\u2019escola. La vostra participaci\u00f3 es canalitza a trav\u00e9s de l\u2019AFA, el Consell Escolar i la figura del delegat o delegada de curs. Aquesta coresponsabilitat es concreta en la <strong data-start=\"2372\" data-end=\"2403\">Carta de Comprom\u00eds Educatiu<\/strong>, que compartim amb totes les fam\u00edlies.<\/p>\n<p>&nbsp;<\/p>\n<h4 data-start=\"2444\" data-end=\"2467\">Informaci\u00f3 pr\u00e0ctica<\/h4>\n<h5 data-start=\"2469\" data-end=\"2486\">Horari lectiu<\/h5>\n<ul data-start=\"2487\" data-end=\"2610\">\n<li data-start=\"2487\" data-end=\"2548\">\n<p data-start=\"2489\" data-end=\"2548\">Educaci\u00f3 Infantil: de 9.00 a 12.20 h i de 15.00 a 16.20 h<\/p>\n<\/li>\n<li data-start=\"2549\" data-end=\"2610\">\n<p data-start=\"2551\" data-end=\"2610\">Educaci\u00f3 Prim\u00e0ria: de 9.00 a 12.30 h i de 15.00 a 16.30 h<\/p>\n<\/li>\n<\/ul>\n<p data-start=\"2612\" data-end=\"2741\">La comunicaci\u00f3 oficial es realitza principalment a trav\u00e9s de l\u2019aplicaci\u00f3 <strong data-start=\"2685\" data-end=\"2699\">TPV Escola<\/strong>, l\u2019agenda escolar i el correu electr\u00f2nic.<\/p>\n<p data-start=\"2743\" data-end=\"2965\">Us convidem a explorar aquest web per con\u00e8ixer amb m\u00e9s detall el nostre projecte educatiu i l\u2019actualitat del centre.<br data-start=\"2859\" data-end=\"2862\" \/>Gr\u00e0cies per la vostra confian\u00e7a i <strong data-start=\"2896\" data-end=\"2964\">benvinguts i benvingudes a la comunitat de l\u2019Escola Pompeu Fabra<\/strong>.<\/p>\n<p data-start=\"2970\" data-end=\"3007\"><strong data-start=\"2970\" data-end=\"2996\">Jordi Cerrato Santiago<\/strong><br data-start=\"2996\" data-end=\"2999\" \/>Director<\/p>\n<blockquote data-start=\"3057\" data-end=\"3203\">\n<p data-start=\"3059\" data-end=\"3203\"><em data-start=\"3059\" data-end=\"3202\">Si voleu con\u00e8ixer amb m\u00e9s profunditat la nostra mirada educativa i els valors que ens defineixen, us convidem a visitar l\u2019apartat <strong data-start=\"3190\" data-end=\"3201\">Qui som.<\/strong><\/em><\/p>\n<\/blockquote>\n","protected":false},"excerpt":{"rendered":"<p>\u00c9s un plaer donar-vos la benvinguda al web de l\u2019Escola Pompeu Fabra de Sant Adri\u00e0 de Bes\u00f2s, un centre p\u00fablic d\u2019Educaci\u00f3 Infantil i Prim\u00e0ria que aposta per una educaci\u00f3 integral, de qualitat i arrelada al seu entorn.<br \/>\nSom una escola inclusiva, laica i respectuosa amb la&hellip;  <a href=\"https:\/\/agora.xtec.cat\/ceippompeufabrasantadria\/general\/benvinguts-a-lescola-pompeu-fabra-de-sant-adria-de-besos\/\" title=\"Read Benvinguts i benvingudes\">Llegeix m\u00e9s\u00bb<\/a><\/p>\n","protected":false},"author":4,"featured_media":0,"comment_status":"open","ping_status":"open","sticky":false,"template":"","format":"standard","meta":{"_bbp_topic_count":0,"_bbp_reply_count":0,"_bbp_total_topic_count":0,"_bbp_total_reply_count":0,"_bbp_voice_count":0,"_bbp_anonymous_reply_count":0,"_bbp_topic_count_hidden":0,"_bbp_reply_count_hidden":0,"_bbp_forum_subforum_count":0,"footnotes":""},"categories":[1],"tags":[],"class_list":["post-1847","post","type-post","status-publish","format-standard","hentry","category-general"],"post_mailing_queue_ids":[],"_links":{"self":[{"href":"https:\/\/agora.xtec.cat\/ceippompeufabrasantadria\/wp-json\/wp\/v2\/posts\/1847","targetHints":{"allow":["GET"]}}],"collection":[{"href":"https:\/\/agora.xtec.cat\/ceippompeufabrasantadria\/wp-json\/wp\/v2\/posts"}],"about":[{"href":"https:\/\/agora.xtec.cat\/ceippompeufabrasantadria\/wp-json\/wp\/v2\/types\/post"}],"author":[{"embeddable":true,"href":"https:\/\/agora.xtec.cat\/ceippompeufabrasantadria\/wp-json\/wp\/v2\/users\/4"}],"replies":[{"embeddable":true,"href":"https:\/\/agora.xtec.cat\/ceippompeufabrasantadria\/wp-json\/wp\/v2\/comments?post=1847"}],"version-history":[{"count":7,"href":"https:\/\/agora.xtec.cat\/ceippompeufabrasantadria\/wp-json\/wp\/v2\/posts\/1847\/revisions"}],"predecessor-version":[{"id":14149,"href":"https:\/\/agora.xtec.cat\/ceippompeufabrasantadria\/wp-json\/wp\/v2\/posts\/1847\/revisions\/14149"}],"wp:attachment":[{"href":"https:\/\/agora.xtec.cat\/ceippompeufabrasantadria\/wp-json\/wp\/v2\/media?parent=1847"}],"wp:term":[{"taxonomy":"category","embeddable":true,"href":"https:\/\/agora.xtec.cat\/ceippompeufabrasantadria\/wp-json\/wp\/v2\/categories?post=1847"},{"taxonomy":"post_tag","embeddable":true,"href":"https:\/\/agora.xtec.cat\/ceippompeufabrasantadria\/wp-json\/wp\/v2\/tags?post=1847"}],"curies":[{"name":"wp","href":"https:\/\/api.w.org\/{rel}","templated":true}]}}