{"id":16250,"date":"2026-04-27T20:28:19","date_gmt":"2026-04-27T18:28:19","guid":{"rendered":"https:\/\/agora.xtec.cat\/ceippompeufabrasantadria\/?p=16250"},"modified":"2026-04-27T20:29:58","modified_gmt":"2026-04-27T18:29:58","slug":"1r-i-6e-taller-escrivim-amb-plomes","status":"publish","type":"post","link":"https:\/\/agora.xtec.cat\/ceippompeufabrasantadria\/portada\/1r-i-6e-taller-escrivim-amb-plomes\/","title":{"rendered":"1r i 6\u00e8 TALLER ESCRIVIM AMB PLOMES"},"content":{"rendered":"<p>Per Sant Jordi, que \u00e9s la diada dels llibres, de les lletres, de la lectura i l&#8217;escriptura, hem realitzat un taller molt especial, escriptura amb plomes com feien dos dels grans autors de la literatura universal: Shakespeare i Cervantes. Ens ho vam passar d&#8217;all\u00f2 m\u00e9s b\u00e9 tra\u00e7ant la lletra i copiant un poema, amb les plomes i la tinta xinesa. L&#8217;experi\u00e8ncia encara va ser molt m\u00e9s agradable en dur-la a terme entre 1r i 6\u00e8. Vam gaudir de la companyia m\u00fatua. <span style=\"font-family: inherit;font-size: 1em\">\u00a0Ens agrada molt compartir activitats amb diferents companys i companyes del Pompeu . Aqu\u00ed teniu algunes imatges del mat\u00ed de Sant Jordi.<\/span><\/p>\n<p><a href=\"https:\/\/photos.app.goo.gl\/K8CMZsLjmFgeJJqh6\" target=\"_blank\" rel=\"noopener\">TALLER 1R-6\u00c8<\/a><\/p>\n<p>&nbsp;<\/p>\n","protected":false},"excerpt":{"rendered":"<p>Per Sant Jordi, que \u00e9s la diada dels llibres, de les lletres, de la lectura i l&#8217;escriptura, hem realitzat un taller molt especial, escriptura amb plomes com feien dos dels grans autors de la literatura universal: Shakespeare i Cervantes. Ens ho vam passar d&#8217;all\u00f2 m\u00e9s&hellip;  <a href=\"https:\/\/agora.xtec.cat\/ceippompeufabrasantadria\/portada\/1r-i-6e-taller-escrivim-amb-plomes\/\" title=\"Read 1r i 6\u00e8 TALLER ESCRIVIM AMB PLOMES\">Llegeix m\u00e9s\u00bb<\/a><\/p>\n","protected":false},"author":13,"featured_media":16253,"comment_status":"open","ping_status":"open","sticky":false,"template":"","format":"standard","meta":{"_bbp_topic_count":0,"_bbp_reply_count":0,"_bbp_total_topic_count":0,"_bbp_total_reply_count":0,"_bbp_voice_count":0,"_bbp_anonymous_reply_count":0,"_bbp_topic_count_hidden":0,"_bbp_reply_count_hidden":0,"_bbp_forum_subforum_count":0,"footnotes":""},"categories":[10,15,4],"tags":[],"class_list":["post-16250","post","type-post","status-publish","format-standard","has-post-thumbnail","hentry","category-1r","category-6e","category-portada"],"post_mailing_queue_ids":[],"_links":{"self":[{"href":"https:\/\/agora.xtec.cat\/ceippompeufabrasantadria\/wp-json\/wp\/v2\/posts\/16250","targetHints":{"allow":["GET"]}}],"collection":[{"href":"https:\/\/agora.xtec.cat\/ceippompeufabrasantadria\/wp-json\/wp\/v2\/posts"}],"about":[{"href":"https:\/\/agora.xtec.cat\/ceippompeufabrasantadria\/wp-json\/wp\/v2\/types\/post"}],"author":[{"embeddable":true,"href":"https:\/\/agora.xtec.cat\/ceippompeufabrasantadria\/wp-json\/wp\/v2\/users\/13"}],"replies":[{"embeddable":true,"href":"https:\/\/agora.xtec.cat\/ceippompeufabrasantadria\/wp-json\/wp\/v2\/comments?post=16250"}],"version-history":[{"count":1,"href":"https:\/\/agora.xtec.cat\/ceippompeufabrasantadria\/wp-json\/wp\/v2\/posts\/16250\/revisions"}],"predecessor-version":[{"id":16251,"href":"https:\/\/agora.xtec.cat\/ceippompeufabrasantadria\/wp-json\/wp\/v2\/posts\/16250\/revisions\/16251"}],"wp:featuredmedia":[{"embeddable":true,"href":"https:\/\/agora.xtec.cat\/ceippompeufabrasantadria\/wp-json\/wp\/v2\/media\/16253"}],"wp:attachment":[{"href":"https:\/\/agora.xtec.cat\/ceippompeufabrasantadria\/wp-json\/wp\/v2\/media?parent=16250"}],"wp:term":[{"taxonomy":"category","embeddable":true,"href":"https:\/\/agora.xtec.cat\/ceippompeufabrasantadria\/wp-json\/wp\/v2\/categories?post=16250"},{"taxonomy":"post_tag","embeddable":true,"href":"https:\/\/agora.xtec.cat\/ceippompeufabrasantadria\/wp-json\/wp\/v2\/tags?post=16250"}],"curies":[{"name":"wp","href":"https:\/\/api.w.org\/{rel}","templated":true}]}}