{"id":16231,"date":"2026-04-27T11:27:01","date_gmt":"2026-04-27T09:27:01","guid":{"rendered":"https:\/\/agora.xtec.cat\/ceippompeufabrasantadria\/?p=16231"},"modified":"2026-04-27T14:38:18","modified_gmt":"2026-04-27T12:38:18","slug":"les-danses-de-sant-jordi-omplen-el-pati-de-ritme-i-alegria","status":"publish","type":"post","link":"https:\/\/agora.xtec.cat\/ceippompeufabrasantadria\/general\/les-danses-de-sant-jordi-omplen-el-pati-de-ritme-i-alegria\/","title":{"rendered":"Les danses de Sant Jordi omplen el pati de ritme i alegria"},"content":{"rendered":"<p data-start=\"111\" data-end=\"258\">Amb motiu de la diada de Sant Jordi, l\u2019escola va viure una jornada plena de m\u00fasica, moviment i emoci\u00f3 amb la celebraci\u00f3 de les tradicionals danses.<\/p>\n<p data-start=\"260\" data-end=\"629\">Al llarg de l\u2019acte, tots els nivells escolars van oferir les seves actuacions, preparades amb dedicaci\u00f3 i il\u00b7lusi\u00f3. Cada grup va poder mostrar el treball fet durant setmanes, omplint el pati de ritme, color i expressivitat. Fam\u00edlies i companys i companyes van gaudir d\u2019un espectacle divers i engrescador que va posar en valor l\u2019esfor\u00e7 col\u00b7lectiu i la participaci\u00f3 de tot l\u2019alumnat.<\/p>\n<p data-start=\"631\" data-end=\"924\">Un dels moments m\u00e9s inesperats i celebrats va ser l\u2019actuaci\u00f3 sorpresa d\u2019algunes membres del claustre, que es van sumar a la festa amb una coreografia que va arrencar somriures i aplaudiments entre el p\u00fablic. Una mostra m\u00e9s de la implicaci\u00f3 i el comprom\u00eds del professorat amb la vida del centre.<\/p>\n<p data-start=\"926\" data-end=\"1115\">Les danses de Sant Jordi s\u00f3n una oportunitat per compartir, gaudir i enfortir els vincles de la comunitat educativa, tot celebrant una de les diades m\u00e9s significatives del nostre calendari.<\/p>\n<p data-start=\"1117\" data-end=\"1252\">A continuaci\u00f3, us deixem els v\u00eddeos de totes les danses.<\/p>\n<p><iframe loading=\"lazy\" title=\"NAS22 Dansa de Sant Jordi d\u2019I3\" width=\"500\" height=\"281\" src=\"https:\/\/www.youtube.com\/embed\/Kya4Z5e9vjw?start=13&#038;feature=oembed\" frameborder=\"0\" allow=\"accelerometer; autoplay; clipboard-write; encrypted-media; gyroscope; picture-in-picture; web-share\" referrerpolicy=\"strict-origin-when-cross-origin\" allowfullscreen><\/iframe><\/p>\n<p><iframe loading=\"lazy\" title=\"NAS21 Dansa de Sant Jordi d\u2019I4\" width=\"500\" height=\"281\" src=\"https:\/\/www.youtube.com\/embed\/DKUMTbXjUYo?feature=oembed\" frameborder=\"0\" allow=\"accelerometer; autoplay; clipboard-write; encrypted-media; gyroscope; picture-in-picture; web-share\" referrerpolicy=\"strict-origin-when-cross-origin\" allowfullscreen><\/iframe><\/p>\n<p><iframe loading=\"lazy\" title=\"NAS20 Dansa de Sant Jordi d\u2019I5\" width=\"500\" height=\"281\" src=\"https:\/\/www.youtube.com\/embed\/9YvHCvCKo9k?feature=oembed\" frameborder=\"0\" allow=\"accelerometer; autoplay; clipboard-write; encrypted-media; gyroscope; picture-in-picture; web-share\" referrerpolicy=\"strict-origin-when-cross-origin\" allowfullscreen><\/iframe><\/p>\n<p><iframe loading=\"lazy\" title=\"NAS19 Dansa de Sant Jordi de 1r\" width=\"500\" height=\"281\" src=\"https:\/\/www.youtube.com\/embed\/xjmwE_0AQno?feature=oembed\" frameborder=\"0\" allow=\"accelerometer; autoplay; clipboard-write; encrypted-media; gyroscope; picture-in-picture; web-share\" referrerpolicy=\"strict-origin-when-cross-origin\" allowfullscreen><\/iframe><\/p>\n<p><iframe loading=\"lazy\" title=\"NAS18 Dansa de Sant Jordi de 2n\" width=\"500\" height=\"281\" src=\"https:\/\/www.youtube.com\/embed\/UAZjpmzWhzo?feature=oembed\" frameborder=\"0\" allow=\"accelerometer; autoplay; clipboard-write; encrypted-media; gyroscope; picture-in-picture; web-share\" referrerpolicy=\"strict-origin-when-cross-origin\" allowfullscreen><\/iframe><\/p>\n<p><iframe loading=\"lazy\" title=\"NAS17 Dansa de Sant Jordi de 3r\" width=\"500\" height=\"281\" src=\"https:\/\/www.youtube.com\/embed\/3x5938LQosY?feature=oembed\" frameborder=\"0\" allow=\"accelerometer; autoplay; clipboard-write; encrypted-media; gyroscope; picture-in-picture; web-share\" referrerpolicy=\"strict-origin-when-cross-origin\" allowfullscreen><\/iframe><\/p>\n<p><iframe loading=\"lazy\" title=\"NAS16 Dansa de Sant Jordi de 4t\" width=\"500\" height=\"281\" src=\"https:\/\/www.youtube.com\/embed\/CxBcS78bCqA?feature=oembed\" frameborder=\"0\" allow=\"accelerometer; autoplay; clipboard-write; encrypted-media; gyroscope; picture-in-picture; web-share\" referrerpolicy=\"strict-origin-when-cross-origin\" allowfullscreen><\/iframe><\/p>\n<p><iframe loading=\"lazy\" title=\"NAS15 Dansa de Sant Jordi de 5\u00e8\" width=\"500\" height=\"281\" src=\"https:\/\/www.youtube.com\/embed\/h4lYMyNFM9Y?feature=oembed\" frameborder=\"0\" allow=\"accelerometer; autoplay; clipboard-write; encrypted-media; gyroscope; picture-in-picture; web-share\" referrerpolicy=\"strict-origin-when-cross-origin\" allowfullscreen><\/iframe><\/p>\n<p><iframe loading=\"lazy\" title=\"NAS14 Dansa de Sant Jordi de 6\u00e8\" width=\"500\" height=\"281\" src=\"https:\/\/www.youtube.com\/embed\/l17bUKEOICA?feature=oembed\" frameborder=\"0\" allow=\"accelerometer; autoplay; clipboard-write; encrypted-media; gyroscope; picture-in-picture; web-share\" referrerpolicy=\"strict-origin-when-cross-origin\" allowfullscreen><\/iframe><\/p>\n<p><iframe loading=\"lazy\" title=\"Dansa de Sant Jordi per part dels i de les mestres del Pompeu\" width=\"500\" height=\"281\" src=\"https:\/\/www.youtube.com\/embed\/nPr5kdqGurg?feature=oembed\" frameborder=\"0\" allow=\"accelerometer; autoplay; clipboard-write; encrypted-media; gyroscope; picture-in-picture; web-share\" referrerpolicy=\"strict-origin-when-cross-origin\" allowfullscreen><\/iframe><\/p>\n<p>&nbsp;<\/p>\n<p>&nbsp;<\/p>\n","protected":false},"excerpt":{"rendered":"<p>Amb motiu de la diada de Sant Jordi, l\u2019escola va viure una jornada plena de m\u00fasica, moviment i emoci\u00f3 amb la celebraci\u00f3 de les tradicionals danses.<br \/>\nAl llarg de l\u2019acte, tots els nivells escolars van oferir les seves actuacions, preparades amb dedicaci\u00f3 i il\u00b7lusi\u00f3. Cada grup&hellip;  <a href=\"https:\/\/agora.xtec.cat\/ceippompeufabrasantadria\/general\/les-danses-de-sant-jordi-omplen-el-pati-de-ritme-i-alegria\/\" title=\"Read Les danses de Sant Jordi omplen el pati de ritme i alegria\">Llegeix m\u00e9s\u00bb<\/a><\/p>\n","protected":false},"author":8,"featured_media":16247,"comment_status":"open","ping_status":"open","sticky":false,"template":"","format":"standard","meta":{"_bbp_topic_count":0,"_bbp_reply_count":0,"_bbp_total_topic_count":0,"_bbp_total_reply_count":0,"_bbp_voice_count":0,"_bbp_anonymous_reply_count":0,"_bbp_topic_count_hidden":0,"_bbp_reply_count_hidden":0,"_bbp_forum_subforum_count":0,"footnotes":""},"categories":[10,11,12,13,14,15,1,3,8,9,2,4,5],"tags":[],"class_list":["post-16231","post","type-post","status-publish","format-standard","has-post-thumbnail","hentry","category-1r","category-2n","category-3r","category-4t","category-5e","category-6e","category-general","category-i3","category-i4","category-i5","category-infantil","category-portada","category-primaria"],"post_mailing_queue_ids":[],"_links":{"self":[{"href":"https:\/\/agora.xtec.cat\/ceippompeufabrasantadria\/wp-json\/wp\/v2\/posts\/16231","targetHints":{"allow":["GET"]}}],"collection":[{"href":"https:\/\/agora.xtec.cat\/ceippompeufabrasantadria\/wp-json\/wp\/v2\/posts"}],"about":[{"href":"https:\/\/agora.xtec.cat\/ceippompeufabrasantadria\/wp-json\/wp\/v2\/types\/post"}],"author":[{"embeddable":true,"href":"https:\/\/agora.xtec.cat\/ceippompeufabrasantadria\/wp-json\/wp\/v2\/users\/8"}],"replies":[{"embeddable":true,"href":"https:\/\/agora.xtec.cat\/ceippompeufabrasantadria\/wp-json\/wp\/v2\/comments?post=16231"}],"version-history":[{"count":6,"href":"https:\/\/agora.xtec.cat\/ceippompeufabrasantadria\/wp-json\/wp\/v2\/posts\/16231\/revisions"}],"predecessor-version":[{"id":16248,"href":"https:\/\/agora.xtec.cat\/ceippompeufabrasantadria\/wp-json\/wp\/v2\/posts\/16231\/revisions\/16248"}],"wp:featuredmedia":[{"embeddable":true,"href":"https:\/\/agora.xtec.cat\/ceippompeufabrasantadria\/wp-json\/wp\/v2\/media\/16247"}],"wp:attachment":[{"href":"https:\/\/agora.xtec.cat\/ceippompeufabrasantadria\/wp-json\/wp\/v2\/media?parent=16231"}],"wp:term":[{"taxonomy":"category","embeddable":true,"href":"https:\/\/agora.xtec.cat\/ceippompeufabrasantadria\/wp-json\/wp\/v2\/categories?post=16231"},{"taxonomy":"post_tag","embeddable":true,"href":"https:\/\/agora.xtec.cat\/ceippompeufabrasantadria\/wp-json\/wp\/v2\/tags?post=16231"}],"curies":[{"name":"wp","href":"https:\/\/api.w.org\/{rel}","templated":true}]}}