{"id":16222,"date":"2026-04-25T19:44:17","date_gmt":"2026-04-25T17:44:17","guid":{"rendered":"https:\/\/agora.xtec.cat\/ceippompeufabrasantadria\/?p=16222"},"modified":"2026-04-25T20:59:29","modified_gmt":"2026-04-25T18:59:29","slug":"els-jocs-florals-omplen-lescola-de-poesia-i-emocio","status":"publish","type":"post","link":"https:\/\/agora.xtec.cat\/ceippompeufabrasantadria\/infantil\/els-jocs-florals-omplen-lescola-de-poesia-i-emocio\/","title":{"rendered":"ELS JOCS FLORALS OMPLEN L\u2019ESCOLA DE POESIA I EMOCI\u00d3"},"content":{"rendered":"<p data-start=\"116\" data-end=\"304\">El passat dijous 23 al mat\u00ed, l\u2019escola va celebrar una nova edici\u00f3 dels Jocs Florals, una jornada molt especial en qu\u00e8 la paraula, la creativitat i l\u2019emoci\u00f3 van ser les grans protagonistes.<\/p>\n<p data-start=\"306\" data-end=\"650\">Al llarg del mat\u00ed vam poder gaudir de diversos moments que ens van fer viure la literatura d\u2019una manera intensa i compartida. Un dels instants m\u00e9s destacats va ser la recitaci\u00f3 d\u2019un poema per part de dues alumnes de 6\u00e8, una de les quals el va interpretar en llenguatge de signes, aportant una dimensi\u00f3 inclusiva i especialment emotiva a l\u2019acte.<\/p>\n<p data-start=\"652\" data-end=\"871\">Tamb\u00e9 vam tenir l\u2019oportunitat d\u2019escoltar els textos guanyadors, llegits pels mateixos autors i autores. Va ser un moment de reconeixement i celebraci\u00f3 del talent, l\u2019esfor\u00e7 i la sensibilitat liter\u00e0ria del nostre alumnat.<\/p>\n<p data-start=\"873\" data-end=\"1118\">Els Jocs Florals s\u00f3n molt m\u00e9s que un concurs: s\u00f3n una oportunitat per donar veu a les emocions, a la imaginaci\u00f3 i a la capacitat expressiva dels nens i nenes, i per refor\u00e7ar el valor de la llengua i la cultura dins la nostra comunitat educativa.<\/p>\n<p data-start=\"1120\" data-end=\"1279\">A continuaci\u00f3, us deixem un v\u00eddeo amb un recull dels diferents moments viscuts durant la jornada, aix\u00ed com una galeria d\u2019imatges amb els nens i nenes premiats.<\/p>\n<p><iframe loading=\"lazy\" title=\"Jocs Florals \u201826 del Pompeu \" width=\"500\" height=\"281\" src=\"https:\/\/www.youtube.com\/embed\/PLDmM4MTbkE?feature=oembed\" frameborder=\"0\" allow=\"accelerometer; autoplay; clipboard-write; encrypted-media; gyroscope; picture-in-picture; web-share\" referrerpolicy=\"strict-origin-when-cross-origin\" allowfullscreen><\/iframe><\/p>\n<p>Cliqueu a la imatge que hi ha a continuaci\u00f3 per accedir a l&#8217;\u00e0lbum fotogr\u00e0fic:<\/p>\n<p><a href=\"https:\/\/photos.app.goo.gl\/vuBFcGJL11JsHq8ZA\" target=\"_blank\" rel=\"noopener\"><img loading=\"lazy\" decoding=\"async\" class=\"aligncenter size-large wp-image-16225\" src=\"https:\/\/agora.xtec.cat\/ceippompeufabrasantadria\/wp-content\/uploads\/usu271\/2026\/04\/IMG_9342-1024x576.jpg\" alt=\"\" width=\"1024\" height=\"576\" srcset=\"https:\/\/agora.xtec.cat\/ceippompeufabrasantadria\/wp-content\/uploads\/usu271\/2026\/04\/IMG_9342-1024x576.jpg 1024w, https:\/\/agora.xtec.cat\/ceippompeufabrasantadria\/wp-content\/uploads\/usu271\/2026\/04\/IMG_9342-300x169.jpg 300w, https:\/\/agora.xtec.cat\/ceippompeufabrasantadria\/wp-content\/uploads\/usu271\/2026\/04\/IMG_9342-768x432.jpg 768w, https:\/\/agora.xtec.cat\/ceippompeufabrasantadria\/wp-content\/uploads\/usu271\/2026\/04\/IMG_9342-1536x864.jpg 1536w, https:\/\/agora.xtec.cat\/ceippompeufabrasantadria\/wp-content\/uploads\/usu271\/2026\/04\/IMG_9342-2048x1152.jpg 2048w\" sizes=\"auto, (max-width: 1024px) 100vw, 1024px\" \/><\/a><\/p>\n","protected":false},"excerpt":{"rendered":"<p>El passat dijous 23 al mat\u00ed, l\u2019escola va celebrar una nova edici\u00f3 dels Jocs Florals, una jornada molt especial en qu\u00e8 la paraula, la creativitat i l\u2019emoci\u00f3 van ser les grans protagonistes.<br \/>\nAl llarg del mat\u00ed vam poder gaudir de diversos moments que ens van fer&hellip;  <a href=\"https:\/\/agora.xtec.cat\/ceippompeufabrasantadria\/infantil\/els-jocs-florals-omplen-lescola-de-poesia-i-emocio\/\" title=\"Read ELS JOCS FLORALS OMPLEN L\u2019ESCOLA DE POESIA I EMOCI\u00d3\">Llegeix m\u00e9s\u00bb<\/a><\/p>\n","protected":false},"author":8,"featured_media":16225,"comment_status":"open","ping_status":"open","sticky":false,"template":"","format":"standard","meta":{"_bbp_topic_count":0,"_bbp_reply_count":0,"_bbp_total_topic_count":0,"_bbp_total_reply_count":0,"_bbp_voice_count":0,"_bbp_anonymous_reply_count":0,"_bbp_topic_count_hidden":0,"_bbp_reply_count_hidden":0,"_bbp_forum_subforum_count":0,"footnotes":""},"categories":[48,23,2,4,5],"tags":[],"class_list":["post-16222","post","type-post","status-publish","format-standard","has-post-thumbnail","hentry","category-biblioteca","category-catala","category-infantil","category-portada","category-primaria"],"post_mailing_queue_ids":[],"_links":{"self":[{"href":"https:\/\/agora.xtec.cat\/ceippompeufabrasantadria\/wp-json\/wp\/v2\/posts\/16222","targetHints":{"allow":["GET"]}}],"collection":[{"href":"https:\/\/agora.xtec.cat\/ceippompeufabrasantadria\/wp-json\/wp\/v2\/posts"}],"about":[{"href":"https:\/\/agora.xtec.cat\/ceippompeufabrasantadria\/wp-json\/wp\/v2\/types\/post"}],"author":[{"embeddable":true,"href":"https:\/\/agora.xtec.cat\/ceippompeufabrasantadria\/wp-json\/wp\/v2\/users\/8"}],"replies":[{"embeddable":true,"href":"https:\/\/agora.xtec.cat\/ceippompeufabrasantadria\/wp-json\/wp\/v2\/comments?post=16222"}],"version-history":[{"count":3,"href":"https:\/\/agora.xtec.cat\/ceippompeufabrasantadria\/wp-json\/wp\/v2\/posts\/16222\/revisions"}],"predecessor-version":[{"id":16227,"href":"https:\/\/agora.xtec.cat\/ceippompeufabrasantadria\/wp-json\/wp\/v2\/posts\/16222\/revisions\/16227"}],"wp:featuredmedia":[{"embeddable":true,"href":"https:\/\/agora.xtec.cat\/ceippompeufabrasantadria\/wp-json\/wp\/v2\/media\/16225"}],"wp:attachment":[{"href":"https:\/\/agora.xtec.cat\/ceippompeufabrasantadria\/wp-json\/wp\/v2\/media?parent=16222"}],"wp:term":[{"taxonomy":"category","embeddable":true,"href":"https:\/\/agora.xtec.cat\/ceippompeufabrasantadria\/wp-json\/wp\/v2\/categories?post=16222"},{"taxonomy":"post_tag","embeddable":true,"href":"https:\/\/agora.xtec.cat\/ceippompeufabrasantadria\/wp-json\/wp\/v2\/tags?post=16222"}],"curies":[{"name":"wp","href":"https:\/\/api.w.org\/{rel}","templated":true}]}}