{"id":16215,"date":"2026-04-24T15:49:35","date_gmt":"2026-04-24T13:49:35","guid":{"rendered":"https:\/\/agora.xtec.cat\/ceippompeufabrasantadria\/?p=16215"},"modified":"2026-04-24T15:50:04","modified_gmt":"2026-04-24T13:50:04","slug":"novetats-preinscripcio-2026-2027","status":"publish","type":"post","link":"https:\/\/agora.xtec.cat\/ceippompeufabrasantadria\/portada\/novetats-preinscripcio-2026-2027\/","title":{"rendered":"NOVETATS PREINSCRIPCI\u00d3 2026-2027"},"content":{"rendered":"<h3 class=\"entry-title\"><a href=\"https:\/\/preinscripcio.gencat.cat\/ca\/estudis\/infantil-3-6\/inici\/\">INFORMACI\u00d3 DE SOL\u00b7LICITUDS DE PREINSCRIPCI\u00d3 CURS 2026-2027<\/a><\/h3>\n<p>Bona tarda fam\u00edlies,<\/p>\n<p>Us compartim el barem definitiu, aix\u00ed com altres dates importants en la preinscripci\u00f3. Podeu accedir clicant l&#8217;enlla\u00e7.<\/p>\n<h4 data-start=\"348\" data-end=\"413\">\ud83d\uddd3\ufe0f <strong data-start=\"352\" data-end=\"374\">23 d\u2019abril de 2026<\/strong><br data-start=\"374\" data-end=\"377\" \/>\u2705 Publicaci\u00f3 del <strong data-start=\"394\" data-end=\"413\">barem <a href=\"https:\/\/drive.google.com\/file\/d\/1V47XJV56ubf8e6bdXVG07KwZK2tTHLeR\/view?usp=sharing\">definitiu<\/a><\/strong><\/h4>\n<p>&nbsp;<\/p>\n<h4 data-start=\"420\" data-end=\"491\">\ud83d\uddd3\ufe0f <strong data-start=\"424\" data-end=\"446\">29 d\u2019abril de 2026<\/strong><br data-start=\"446\" data-end=\"449\" \/>\ud83d\udcc4 Publicaci\u00f3 dels <strong data-start=\"468\" data-end=\"491\">llistats definitius<\/strong><\/h4>\n<p>&nbsp;<\/p>\n<h4 data-start=\"498\" data-end=\"728\">\ud83d\uddd3\ufe0f <strong data-start=\"502\" data-end=\"524\">10 de maig de 2026<\/strong><br data-start=\"524\" data-end=\"527\" \/>\ud83d\udcd1 Publicaci\u00f3 de l\u2019<strong data-start=\"546\" data-end=\"589\">informe d\u2019alumnes preinscrits al centre<\/strong><br data-start=\"589\" data-end=\"592\" \/>\ud83d\udccc Publicaci\u00f3 del <strong data-start=\"610\" data-end=\"676\">llistat d\u2019alumnes assignats (amb indicaci\u00f3 de primera petici\u00f3)<\/strong><br data-start=\"676\" data-end=\"679\" \/>\u23f3 Publicaci\u00f3 de la <strong data-start=\"698\" data-end=\"728\">llista d\u2019espera del centre<\/strong><\/h4>\n","protected":false},"excerpt":{"rendered":"<p><a href=\"https:\/\/preinscripcio.gencat.cat\/ca\/estudis\/infantil-3-6\/inici\/\">INFORMACI\u00d3 DE SOL\u00b7LICITUDS DE PREINSCRIPCI\u00d3 CURS 2026-2027<\/a><br \/>\nBona tarda fam\u00edlies,<br \/>\nUs compartim el barem definitiu, aix\u00ed com altres dates importants en la preinscripci\u00f3. Podeu accedir clicant l&#8217;enlla\u00e7.<br \/>\n\ud83d\uddd3\ufe0f 23 d\u2019abril de 2026\u2705 Publicaci\u00f3 del barem <a href=\"https:\/\/drive.google.com\/file\/d\/1V47XJV56ubf8e6bdXVG07KwZK2tTHLeR\/view?usp=sharing\">definitiu<\/a><br \/>\n&nbsp;<br \/>\n\ud83d\uddd3\ufe0f 29 d\u2019abril de 2026\ud83d\udcc4 Publicaci\u00f3 dels llistats definitius<br \/>\n&nbsp;<br \/>\n\ud83d\uddd3\ufe0f 10 de&hellip;  <a href=\"https:\/\/agora.xtec.cat\/ceippompeufabrasantadria\/portada\/novetats-preinscripcio-2026-2027\/\" title=\"Read NOVETATS PREINSCRIPCI\u00d3 2026-2027\">Llegeix m\u00e9s\u00bb<\/a><\/p>\n","protected":false},"author":39,"featured_media":0,"comment_status":"closed","ping_status":"open","sticky":false,"template":"","format":"standard","meta":{"_bbp_topic_count":0,"_bbp_reply_count":0,"_bbp_total_topic_count":0,"_bbp_total_reply_count":0,"_bbp_voice_count":0,"_bbp_anonymous_reply_count":0,"_bbp_topic_count_hidden":0,"_bbp_reply_count_hidden":0,"_bbp_forum_subforum_count":0,"footnotes":""},"categories":[4],"tags":[],"class_list":["post-16215","post","type-post","status-publish","format-standard","hentry","category-portada"],"post_mailing_queue_ids":[],"_links":{"self":[{"href":"https:\/\/agora.xtec.cat\/ceippompeufabrasantadria\/wp-json\/wp\/v2\/posts\/16215","targetHints":{"allow":["GET"]}}],"collection":[{"href":"https:\/\/agora.xtec.cat\/ceippompeufabrasantadria\/wp-json\/wp\/v2\/posts"}],"about":[{"href":"https:\/\/agora.xtec.cat\/ceippompeufabrasantadria\/wp-json\/wp\/v2\/types\/post"}],"author":[{"embeddable":true,"href":"https:\/\/agora.xtec.cat\/ceippompeufabrasantadria\/wp-json\/wp\/v2\/users\/39"}],"replies":[{"embeddable":true,"href":"https:\/\/agora.xtec.cat\/ceippompeufabrasantadria\/wp-json\/wp\/v2\/comments?post=16215"}],"version-history":[{"count":2,"href":"https:\/\/agora.xtec.cat\/ceippompeufabrasantadria\/wp-json\/wp\/v2\/posts\/16215\/revisions"}],"predecessor-version":[{"id":16217,"href":"https:\/\/agora.xtec.cat\/ceippompeufabrasantadria\/wp-json\/wp\/v2\/posts\/16215\/revisions\/16217"}],"wp:attachment":[{"href":"https:\/\/agora.xtec.cat\/ceippompeufabrasantadria\/wp-json\/wp\/v2\/media?parent=16215"}],"wp:term":[{"taxonomy":"category","embeddable":true,"href":"https:\/\/agora.xtec.cat\/ceippompeufabrasantadria\/wp-json\/wp\/v2\/categories?post=16215"},{"taxonomy":"post_tag","embeddable":true,"href":"https:\/\/agora.xtec.cat\/ceippompeufabrasantadria\/wp-json\/wp\/v2\/tags?post=16215"}],"curies":[{"name":"wp","href":"https:\/\/api.w.org\/{rel}","templated":true}]}}