{"id":16163,"date":"2026-04-16T18:00:44","date_gmt":"2026-04-16T16:00:44","guid":{"rendered":"https:\/\/agora.xtec.cat\/ceippompeufabrasantadria\/?p=16163"},"modified":"2026-04-16T20:29:37","modified_gmt":"2026-04-16T18:29:37","slug":"descobrim-els-pobles-i-les-ciutats-construint-la-nostra-propia-maqueta-1r-nas19","status":"publish","type":"post","link":"https:\/\/agora.xtec.cat\/ceippompeufabrasantadria\/portada\/descobrim-els-pobles-i-les-ciutats-construint-la-nostra-propia-maqueta-1r-nas19\/","title":{"rendered":"A 1r descobrim els pobles i les ciutats construint la nostra pr\u00f2pia maqueta (NAS19)"},"content":{"rendered":"<p>Durant les \u00faltimes setmanes del segon trimestre, l\u2019alumnat de primer ha estat treballant el tema dels pobles i les ciutats. Aquesta unitat ha estat presentada i guiada per la J\u00falia, mestra en pr\u00e0ctiques, que ens ha acompanyat durant sis setmanes i ha condu\u00eft les diferents activitats a l\u2019aula.<br \/>\nAl llarg d\u2019aquest per\u00edode, els infants han apr\u00e8s a identificar les caracter\u00edstiques principals dels pobles i les ciutats, aix\u00ed com les difer\u00e8ncies entre ambd\u00f3s entorns i els elements que els formen. Ha estat un treball molt enriquidor que ha combinat l\u2019observaci\u00f3, la reflexi\u00f3 i la participaci\u00f3 activa de l\u2019alumnat.<br \/>\nPer tal de fer aquest aprenentatge m\u00e9s significatiu i vivencial, hem dut a terme una activitat molt especial: la construcci\u00f3 d\u2019una maqueta d\u2019una ciutat.<br \/>\nEl resultat ha estat una maqueta plena de detalls i color, que reflecteix l\u2019esfor\u00e7, la implicaci\u00f3 i la il\u00b7lusi\u00f3 de tot l\u2019alumnat.<br \/>\nEstem molt orgullosos i orgulloses del resultat que hem aconseguit entre tots i totes!<\/p>\n<p><a href=\"https:\/\/photos.app.goo.gl\/kdNq974r7gGePYzn8\" target=\"_blank\" rel=\"noopener\"><img loading=\"lazy\" decoding=\"async\" class=\"wp-image-16165 size-large\" src=\"https:\/\/agora.xtec.cat\/ceippompeufabrasantadria\/wp-content\/uploads\/usu271\/2026\/04\/NAS19.MAQUETA-CIUTAT-6-1024x461.jpg\" alt=\"\" width=\"1024\" height=\"461\" srcset=\"https:\/\/agora.xtec.cat\/ceippompeufabrasantadria\/wp-content\/uploads\/usu271\/2026\/04\/NAS19.MAQUETA-CIUTAT-6-1024x461.jpg 1024w, https:\/\/agora.xtec.cat\/ceippompeufabrasantadria\/wp-content\/uploads\/usu271\/2026\/04\/NAS19.MAQUETA-CIUTAT-6-300x135.jpg 300w, https:\/\/agora.xtec.cat\/ceippompeufabrasantadria\/wp-content\/uploads\/usu271\/2026\/04\/NAS19.MAQUETA-CIUTAT-6-768x346.jpg 768w, https:\/\/agora.xtec.cat\/ceippompeufabrasantadria\/wp-content\/uploads\/usu271\/2026\/04\/NAS19.MAQUETA-CIUTAT-6-1536x691.jpg 1536w, https:\/\/agora.xtec.cat\/ceippompeufabrasantadria\/wp-content\/uploads\/usu271\/2026\/04\/NAS19.MAQUETA-CIUTAT-6-2048x922.jpg 2048w\" sizes=\"auto, (max-width: 1024px) 100vw, 1024px\" \/><\/a><\/p>\n","protected":false},"excerpt":{"rendered":"<p>Durant les \u00faltimes setmanes del segon trimestre, l\u2019alumnat de primer ha estat treballant el tema dels pobles i les ciutats. Aquesta unitat ha estat presentada i guiada per la J\u00falia, mestra en pr\u00e0ctiques, que ens ha acompanyat durant sis setmanes i ha condu\u00eft les diferents&hellip;  <a href=\"https:\/\/agora.xtec.cat\/ceippompeufabrasantadria\/portada\/descobrim-els-pobles-i-les-ciutats-construint-la-nostra-propia-maqueta-1r-nas19\/\" title=\"Read A 1r descobrim els pobles i les ciutats construint la nostra pr\u00f2pia maqueta (NAS19)\">Llegeix m\u00e9s\u00bb<\/a><\/p>\n","protected":false},"author":4,"featured_media":16164,"comment_status":"open","ping_status":"closed","sticky":false,"template":"","format":"standard","meta":{"_bbp_topic_count":0,"_bbp_reply_count":0,"_bbp_total_topic_count":0,"_bbp_total_reply_count":0,"_bbp_voice_count":0,"_bbp_anonymous_reply_count":0,"_bbp_topic_count_hidden":0,"_bbp_reply_count_hidden":0,"_bbp_forum_subforum_count":0,"footnotes":""},"categories":[10,4],"tags":[],"class_list":["post-16163","post","type-post","status-publish","format-standard","has-post-thumbnail","hentry","category-1r","category-portada"],"post_mailing_queue_ids":[],"_links":{"self":[{"href":"https:\/\/agora.xtec.cat\/ceippompeufabrasantadria\/wp-json\/wp\/v2\/posts\/16163","targetHints":{"allow":["GET"]}}],"collection":[{"href":"https:\/\/agora.xtec.cat\/ceippompeufabrasantadria\/wp-json\/wp\/v2\/posts"}],"about":[{"href":"https:\/\/agora.xtec.cat\/ceippompeufabrasantadria\/wp-json\/wp\/v2\/types\/post"}],"author":[{"embeddable":true,"href":"https:\/\/agora.xtec.cat\/ceippompeufabrasantadria\/wp-json\/wp\/v2\/users\/4"}],"replies":[{"embeddable":true,"href":"https:\/\/agora.xtec.cat\/ceippompeufabrasantadria\/wp-json\/wp\/v2\/comments?post=16163"}],"version-history":[{"count":3,"href":"https:\/\/agora.xtec.cat\/ceippompeufabrasantadria\/wp-json\/wp\/v2\/posts\/16163\/revisions"}],"predecessor-version":[{"id":16170,"href":"https:\/\/agora.xtec.cat\/ceippompeufabrasantadria\/wp-json\/wp\/v2\/posts\/16163\/revisions\/16170"}],"wp:featuredmedia":[{"embeddable":true,"href":"https:\/\/agora.xtec.cat\/ceippompeufabrasantadria\/wp-json\/wp\/v2\/media\/16164"}],"wp:attachment":[{"href":"https:\/\/agora.xtec.cat\/ceippompeufabrasantadria\/wp-json\/wp\/v2\/media?parent=16163"}],"wp:term":[{"taxonomy":"category","embeddable":true,"href":"https:\/\/agora.xtec.cat\/ceippompeufabrasantadria\/wp-json\/wp\/v2\/categories?post=16163"},{"taxonomy":"post_tag","embeddable":true,"href":"https:\/\/agora.xtec.cat\/ceippompeufabrasantadria\/wp-json\/wp\/v2\/tags?post=16163"}],"curies":[{"name":"wp","href":"https:\/\/api.w.org\/{rel}","templated":true}]}}