{"id":16159,"date":"2026-04-16T19:17:38","date_gmt":"2026-04-16T17:17:38","guid":{"rendered":"https:\/\/agora.xtec.cat\/ceippompeufabrasantadria\/?p=16159"},"modified":"2026-04-16T20:28:23","modified_gmt":"2026-04-16T18:28:23","slug":"entre-vitralls-i-histories-la-nostra-visita-a-la-colonia-guell-1r-nas19","status":"publish","type":"post","link":"https:\/\/agora.xtec.cat\/ceippompeufabrasantadria\/portada\/entre-vitralls-i-histories-la-nostra-visita-a-la-colonia-guell-1r-nas19\/","title":{"rendered":"Entre vitralls i hist\u00f2ries: la nostra visita a la Col\u00f2nia G\u00fcell a 1r (NAS19)"},"content":{"rendered":"<p>L\u2019alumnat de primer ha gaudit d\u2019una sortida a la Cripta de la Col\u00f2nia G\u00fcell. Aquesta construcci\u00f3, dissenyada per l\u2019arquitecte Antoni Gaud\u00ed, \u00e9s un edifici que forma part del modernisme catal\u00e0. Durant la visita, han pogut observar les seves formes sorprenents, amb columnes inclinades, sostres ondulats i materials naturals com la pedra i el ma\u00f3, que fan que l\u2019espai sembli gaireb\u00e9 m\u00e0gic.<br \/>\nUn dels elements que m\u00e9s ens ha cridat l\u2019atenci\u00f3 han estat els vitralls de colors, que deixen passar la llum i omplen l\u2019interior de tonalitats molt especials. Inspirant-nos en aquests vitralls, han participat en un taller creatiu on cada nen i nena ha pintat una pinya simulant aquests efectes de diferents colors. Ha estat una activitat molt divertida que ens ha ajudat a entendre millor com Gaud\u00ed jugava amb la llum i els colors en les seves obres.<br \/>\nDespr\u00e9s del taller, hem fet una petita passejada per la pla\u00e7a del poble, observant l\u2019entorn i descobrint alguns dels seus racons m\u00e9s interessants. Un d\u2019ells ha estat un edifici que semblava un castell! All\u00e0, unes persones grans que passejaven per all\u00ed ens han explicat que aquell edifici havia estat una escola. Actualment no es pot visitar, nom\u00e9s se\u2019n pot veure la fa\u00e7ana. Ens ha sorpr\u00e8s molt saber que, en aquell temps, els nens i les nenes no anaven junts a classe, sin\u00f3 que estaven separats i estudiaven en pisos diferents.<br \/>\nUn cop acabada la visita, hem anat a dinar a un parc, on hem pogut descansar i jugar una bona estona. A m\u00e9s a m\u00e9s ens ha fet un dia espl\u00e8ndid de primavera, cosa que ha fet que l\u2019experi\u00e8ncia fos encara m\u00e9s agradable.<\/p>\n<p><a href=\"https:\/\/photos.app.goo.gl\/1KufCP6nc2VS6z1U9\" target=\"_blank\" rel=\"noopener\"><img loading=\"lazy\" decoding=\"async\" class=\"aligncenter wp-image-16161 size-large\" src=\"https:\/\/agora.xtec.cat\/ceippompeufabrasantadria\/wp-content\/uploads\/usu271\/2026\/04\/NAS19.COLONIA-GUEL-3-1024x768.jpg\" alt=\"\" width=\"1024\" height=\"768\" srcset=\"https:\/\/agora.xtec.cat\/ceippompeufabrasantadria\/wp-content\/uploads\/usu271\/2026\/04\/NAS19.COLONIA-GUEL-3-1024x768.jpg 1024w, https:\/\/agora.xtec.cat\/ceippompeufabrasantadria\/wp-content\/uploads\/usu271\/2026\/04\/NAS19.COLONIA-GUEL-3-300x225.jpg 300w, https:\/\/agora.xtec.cat\/ceippompeufabrasantadria\/wp-content\/uploads\/usu271\/2026\/04\/NAS19.COLONIA-GUEL-3-768x576.jpg 768w, https:\/\/agora.xtec.cat\/ceippompeufabrasantadria\/wp-content\/uploads\/usu271\/2026\/04\/NAS19.COLONIA-GUEL-3-1536x1152.jpg 1536w, https:\/\/agora.xtec.cat\/ceippompeufabrasantadria\/wp-content\/uploads\/usu271\/2026\/04\/NAS19.COLONIA-GUEL-3-200x150.jpg 200w, https:\/\/agora.xtec.cat\/ceippompeufabrasantadria\/wp-content\/uploads\/usu271\/2026\/04\/NAS19.COLONIA-GUEL-3.jpg 1600w\" sizes=\"auto, (max-width: 1024px) 100vw, 1024px\" \/><\/a><\/p>\n","protected":false},"excerpt":{"rendered":"<p>L\u2019alumnat de primer ha gaudit d\u2019una sortida a la Cripta de la Col\u00f2nia G\u00fcell. Aquesta construcci\u00f3, dissenyada per l\u2019arquitecte Antoni Gaud\u00ed, \u00e9s un edifici que forma part del modernisme catal\u00e0. Durant la visita, han pogut observar les seves formes sorprenents, amb columnes inclinades, sostres ondulats&hellip;  <a href=\"https:\/\/agora.xtec.cat\/ceippompeufabrasantadria\/portada\/entre-vitralls-i-histories-la-nostra-visita-a-la-colonia-guell-1r-nas19\/\" title=\"Read Entre vitralls i hist\u00f2ries: la nostra visita a la Col\u00f2nia G\u00fcell a 1r (NAS19)\">Llegeix m\u00e9s\u00bb<\/a><\/p>\n","protected":false},"author":4,"featured_media":16160,"comment_status":"open","ping_status":"closed","sticky":false,"template":"","format":"standard","meta":{"_bbp_topic_count":0,"_bbp_reply_count":0,"_bbp_total_topic_count":0,"_bbp_total_reply_count":0,"_bbp_voice_count":0,"_bbp_anonymous_reply_count":0,"_bbp_topic_count_hidden":0,"_bbp_reply_count_hidden":0,"_bbp_forum_subforum_count":0,"footnotes":""},"categories":[10,4],"tags":[],"class_list":["post-16159","post","type-post","status-publish","format-standard","has-post-thumbnail","hentry","category-1r","category-portada"],"post_mailing_queue_ids":[],"_links":{"self":[{"href":"https:\/\/agora.xtec.cat\/ceippompeufabrasantadria\/wp-json\/wp\/v2\/posts\/16159","targetHints":{"allow":["GET"]}}],"collection":[{"href":"https:\/\/agora.xtec.cat\/ceippompeufabrasantadria\/wp-json\/wp\/v2\/posts"}],"about":[{"href":"https:\/\/agora.xtec.cat\/ceippompeufabrasantadria\/wp-json\/wp\/v2\/types\/post"}],"author":[{"embeddable":true,"href":"https:\/\/agora.xtec.cat\/ceippompeufabrasantadria\/wp-json\/wp\/v2\/users\/4"}],"replies":[{"embeddable":true,"href":"https:\/\/agora.xtec.cat\/ceippompeufabrasantadria\/wp-json\/wp\/v2\/comments?post=16159"}],"version-history":[{"count":2,"href":"https:\/\/agora.xtec.cat\/ceippompeufabrasantadria\/wp-json\/wp\/v2\/posts\/16159\/revisions"}],"predecessor-version":[{"id":16168,"href":"https:\/\/agora.xtec.cat\/ceippompeufabrasantadria\/wp-json\/wp\/v2\/posts\/16159\/revisions\/16168"}],"wp:featuredmedia":[{"embeddable":true,"href":"https:\/\/agora.xtec.cat\/ceippompeufabrasantadria\/wp-json\/wp\/v2\/media\/16160"}],"wp:attachment":[{"href":"https:\/\/agora.xtec.cat\/ceippompeufabrasantadria\/wp-json\/wp\/v2\/media?parent=16159"}],"wp:term":[{"taxonomy":"category","embeddable":true,"href":"https:\/\/agora.xtec.cat\/ceippompeufabrasantadria\/wp-json\/wp\/v2\/categories?post=16159"},{"taxonomy":"post_tag","embeddable":true,"href":"https:\/\/agora.xtec.cat\/ceippompeufabrasantadria\/wp-json\/wp\/v2\/tags?post=16159"}],"curies":[{"name":"wp","href":"https:\/\/api.w.org\/{rel}","templated":true}]}}