{"id":16002,"date":"2026-04-24T16:10:52","date_gmt":"2026-04-24T14:10:52","guid":{"rendered":"https:\/\/agora.xtec.cat\/ceippompeufabrasantadria\/?p=16002"},"modified":"2026-04-24T16:10:52","modified_gmt":"2026-04-24T14:10:52","slug":"a-i4-activitats-de-sant-jordi","status":"publish","type":"post","link":"https:\/\/agora.xtec.cat\/ceippompeufabrasantadria\/general\/a-i4-activitats-de-sant-jordi\/","title":{"rendered":"A I4 Activitats de Sant Jordi"},"content":{"rendered":"<p data-start=\"112\" data-end=\"284\">Amb motiu de la diada de Sant Jordi, a l\u2019\u00e0rea de pl\u00e0stica hem realitzat diferents activitats molt especials i creatives: la construcci\u00f3 d\u2019un drac i la creaci\u00f3 d&#8217;una rosa. Per elaborar el drac, hem utilitzat un got de pl\u00e0stic com a base, que hem pintat de color verd.<\/p>\n<p data-start=\"112\" data-end=\"284\">A continuaci\u00f3, hi hem afegit ulls m\u00f2bils per donar-li expressivitat i un toc divertit. Finalment, hem representat el foc que surt de la boca amb paper de seda de colors verd, groc i vermell, retallant i enganxant amb cura. Aquesta activitat ens ha perm\u00e8s treballar la creativitat, la motricitat fina i la imaginaci\u00f3, tot gaudint de la tradici\u00f3 de Sant Jordi. Per fer la rosa, hem utilitzat plastilina de color rosa i verda i pals.<\/p>\n<p data-start=\"112\" data-end=\"284\">Tamb\u00e9, hem realitzat un taller amb els companys\/es de 4t, hem escollit diferents personatges de San Jordi i els hem pintat amb ceres, retallat i enganxat. Ha sigut una activitat molt enriquidora que ens ha agradat compartir molt aquest moment.<\/p>\n<p data-start=\"112\" data-end=\"284\">A continuaci\u00f3, us compartim l\u2019enlla\u00e7 a l\u2019\u00e0lbum; hi podeu accedir clicant sobre la imatge.<\/p>\n<p data-start=\"112\" data-end=\"284\"><a href=\"https:\/\/photos.google.com\/u\/1\/album\/AF1QipPlYzMNUGqKCVmPeE8cUk27N4dNH2840T_wXR2p\"><img loading=\"lazy\" decoding=\"async\" class=\"wp-image-16008 aligncenter\" src=\"https:\/\/agora.xtec.cat\/ceippompeufabrasantadria\/wp-content\/uploads\/usu271\/2026\/03\/1000287946-1-1-1024x768.jpg\" alt=\"\" width=\"336\" height=\"252\" srcset=\"https:\/\/agora.xtec.cat\/ceippompeufabrasantadria\/wp-content\/uploads\/usu271\/2026\/03\/1000287946-1-1-1024x768.jpg 1024w, https:\/\/agora.xtec.cat\/ceippompeufabrasantadria\/wp-content\/uploads\/usu271\/2026\/03\/1000287946-1-1-300x225.jpg 300w, https:\/\/agora.xtec.cat\/ceippompeufabrasantadria\/wp-content\/uploads\/usu271\/2026\/03\/1000287946-1-1-768x576.jpg 768w, https:\/\/agora.xtec.cat\/ceippompeufabrasantadria\/wp-content\/uploads\/usu271\/2026\/03\/1000287946-1-1-1536x1152.jpg 1536w, https:\/\/agora.xtec.cat\/ceippompeufabrasantadria\/wp-content\/uploads\/usu271\/2026\/03\/1000287946-1-1-200x150.jpg 200w, https:\/\/agora.xtec.cat\/ceippompeufabrasantadria\/wp-content\/uploads\/usu271\/2026\/03\/1000287946-1-1.jpg 2040w\" sizes=\"auto, (max-width: 336px) 100vw, 336px\" \/><\/a><\/p>\n","protected":false},"excerpt":{"rendered":"<p>Amb motiu de la diada de Sant Jordi, a l\u2019\u00e0rea de pl\u00e0stica hem realitzat diferents activitats molt especials i creatives: la construcci\u00f3 d\u2019un drac i la creaci\u00f3 d&#8217;una rosa. Per elaborar el drac, hem utilitzat un got de pl\u00e0stic com a base, que hem pintat&hellip;  <a href=\"https:\/\/agora.xtec.cat\/ceippompeufabrasantadria\/general\/a-i4-activitats-de-sant-jordi\/\" title=\"Read A I4 Activitats de Sant Jordi\">Llegeix m\u00e9s\u00bb<\/a><\/p>\n","protected":false},"author":65,"featured_media":0,"comment_status":"open","ping_status":"open","sticky":false,"template":"","format":"standard","meta":{"_bbp_topic_count":0,"_bbp_reply_count":0,"_bbp_total_topic_count":0,"_bbp_total_reply_count":0,"_bbp_voice_count":0,"_bbp_anonymous_reply_count":0,"_bbp_topic_count_hidden":0,"_bbp_reply_count_hidden":0,"_bbp_forum_subforum_count":0,"footnotes":""},"categories":[1,8,2,4],"tags":[],"class_list":["post-16002","post","type-post","status-publish","format-standard","hentry","category-general","category-i4","category-infantil","category-portada"],"post_mailing_queue_ids":[],"_links":{"self":[{"href":"https:\/\/agora.xtec.cat\/ceippompeufabrasantadria\/wp-json\/wp\/v2\/posts\/16002","targetHints":{"allow":["GET"]}}],"collection":[{"href":"https:\/\/agora.xtec.cat\/ceippompeufabrasantadria\/wp-json\/wp\/v2\/posts"}],"about":[{"href":"https:\/\/agora.xtec.cat\/ceippompeufabrasantadria\/wp-json\/wp\/v2\/types\/post"}],"author":[{"embeddable":true,"href":"https:\/\/agora.xtec.cat\/ceippompeufabrasantadria\/wp-json\/wp\/v2\/users\/65"}],"replies":[{"embeddable":true,"href":"https:\/\/agora.xtec.cat\/ceippompeufabrasantadria\/wp-json\/wp\/v2\/comments?post=16002"}],"version-history":[{"count":5,"href":"https:\/\/agora.xtec.cat\/ceippompeufabrasantadria\/wp-json\/wp\/v2\/posts\/16002\/revisions"}],"predecessor-version":[{"id":16218,"href":"https:\/\/agora.xtec.cat\/ceippompeufabrasantadria\/wp-json\/wp\/v2\/posts\/16002\/revisions\/16218"}],"wp:attachment":[{"href":"https:\/\/agora.xtec.cat\/ceippompeufabrasantadria\/wp-json\/wp\/v2\/media?parent=16002"}],"wp:term":[{"taxonomy":"category","embeddable":true,"href":"https:\/\/agora.xtec.cat\/ceippompeufabrasantadria\/wp-json\/wp\/v2\/categories?post=16002"},{"taxonomy":"post_tag","embeddable":true,"href":"https:\/\/agora.xtec.cat\/ceippompeufabrasantadria\/wp-json\/wp\/v2\/tags?post=16002"}],"curies":[{"name":"wp","href":"https:\/\/api.w.org\/{rel}","templated":true}]}}